{"id":2507,"date":"2026-05-06T14:36:22","date_gmt":"2026-05-06T12:36:22","guid":{"rendered":"https:\/\/wiki.s12.at\/index.php\/2026\/05\/06\/7-runde-regionalliga-west-saison-2012-13-fc-liefering-gegen-tsv-st-johann\/"},"modified":"2026-05-06T14:36:22","modified_gmt":"2026-05-06T12:36:22","slug":"7-runde-regionalliga-west-saison-2012-13-fc-liefering-gegen-tsv-st-johann","status":"publish","type":"post","link":"https:\/\/wiki.s12.at\/index.php\/2026\/05\/06\/7-runde-regionalliga-west-saison-2012-13-fc-liefering-gegen-tsv-st-johann\/","title":{"rendered":"13, FC Liefering gegen TSV St. Johann"},"content":{"rendered":"<div class=\"mw-parser-output\">\n<h3><span class=\"mw-headline\" id=\"Fakten\">Fakten<\/span><a href=\"\/index.php?title=7.Runde,_Regionalliga_West,_Saison_2012\/13,_FC_Liefering_gegen_TSV_St._Johann&amp;action=edit&amp;section=1\" title=\"Abschnitt bearbeiten: Fakten\">Bearbeiten<\/a><span class=\"mw-editsection-bracket\">]<\/span><\/span><\/h3>\n<p><b>Regionalliga West- 7. Spieltag: 1. September 2012, 18 Uhr<\/b><br \/>\n\n<\/p>\n<table class=\"wikitable\">\n<caption><big>FC Liefering gegen TSV St. Johann, 1:1<\/big><br \/>\n<\/caption>\n<tbody>\n<tr>\n<td>Aufstellung:<\/td>\n<td><a href=\"\/Thomas_D%C3%A4hne\" title=\"Thomas D\u00e4hne\">Thomas D\u00e4hne<\/a> <a href=\"\/Rene_Aufhauser\" class=\"mw-redirect\" title=\"Rene Aufhauser\">Rene Aufhauser<\/a> <a href=\"\/Stefan_Lainer\" title=\"Stefan Lainer\">Stefan Lainer<\/a>  <a href=\"\/Robert_V%C3%B6lkl\" title=\"Robert V\u00f6lkl\">Robert V\u00f6lkl<\/a> <a href=\"\/Josip_Coric\" class=\"mw-redirect\" title=\"Josip Coric\">Josip Coric<\/a>  <a href=\"\/Felix_Adjei\" title=\"Felix Adjei\">Felix Adjei<\/a> \t <a href=\"\/Wolfgang_Mair\" title=\"Wolfgang Mair\">Wolfgang Mair<\/a> (80. <a href=\"\/Daniel_Krenn\" title=\"Daniel Krenn\">Daniel Krenn<\/a>) <a href=\"\/Matthias_Felber\" title=\"Matthias Felber\">Matthias Felber<\/a> (75. <a href=\"\/Mario_Konrad\" title=\"Mario Konrad\">Mario Konrad<\/a>) <a href=\"\/Andr%C3%A9_Ramalho_Silva\" class=\"mw-redirect\" title=\"Andr\u00e9 Ramalho Silva\">Andr\u00e9 Ramalho Silva<\/a> <a href=\"\/Sandro_Djuric\" title=\"Sandro Djuric\">Sandro Djuric<\/a> <a href=\"\/Stefan_Savic\" title=\"Stefan Savic\">Stefan Savic<\/a>\n<\/td>\n<\/tr>\n<tr>\n<td>Endstand:<\/td>\n<td>1:1( 0:0)\n<\/td>\n<\/tr>\n<tr>\n<td>Torsch\u00fctzen:<\/td>\n<td>Coric (54.); Barnjak (77.)\n<\/td>\n<\/tr>\n<tr>\n<td>Gelbe Karten:<\/td>\n<td>Lainer (90.); Vavrousek (27.), Eder (34.), Krimbacher (57.), Kronreif (72.)\n<\/td>\n<\/tr>\n<tr>\n<td>Gelb-rote Karten:<\/td>\n<td>\n<\/td>\n<\/tr>\n<tr>\n<td>Rote Karten:<\/td>\n<td>\n<\/td>\n<\/tr>\n<tr>\n<td>Schiedsrichter:<\/td>\n<td>Christian Rigler\n<\/td>\n<\/tr>\n<tr>\n<td>Stadion:<\/td>\n<td>Akademie Liefering\n<\/td>\n<\/tr>\n<tr>\n<td>Zuschauer:<\/td>\n<td>250\n<\/td>\n<\/tr>\n<\/tbody>\n<\/table>\n<h2><span class=\"mw-headline\" id=\"Stimmen_zum_Spiel\">Stimmen zum Spiel<\/span><a href=\"\/index.php?title=7.Runde,_Regionalliga_West,_Saison_2012\/13,_FC_Liefering_gegen_TSV_St._Johann&amp;action=edit&amp;section=2\" title=\"Abschnitt bearbeiten: Stimmen zum Spiel\">Bearbeiten<\/a><span class=\"mw-editsection-bracket\">]<\/span><\/span><\/h2>\n<ul>\n<li><b>Patrick de Wilde (Trainer FC Liefering)<\/b><\/li>\n<\/ul>\n<p>\u201eWir haben 60 bis 70 Prozent Ballbesitz gehabt, es aber verabs\u00e4umt, nach dem 1:0 nach zu legen. Aufgrund der Vielzahl an Chancen h\u00e4tten wir die F\u00fchrung ausbauen m\u00fcssen. Aber St. Johann hat auch clever gespielt und mit gro\u00dfer Leidenschaft dagegen gehalten. Wir lassen uns aber nicht unter kriegen, gehen unseren Weg weiter. Schlie\u00dflich kann man ja nicht immer gewinnen.\u201c\n<\/p>\n<\/div>\n","protected":false},"excerpt":{"rendered":"<p>FaktenBearbeiten] Regionalliga West- 7. Spieltag: 1. September 2012, 18 Uhr FC Liefering gegen TSV St. Johann, 1:1 Aufstellung: Thomas D\u00e4hne Rene Aufhauser Stefan Lainer Robert V\u00f6lkl Josip Coric Felix Adjei Wolfgang Mair (80. Daniel Krenn) Matthias Felber (75. Mario Konrad) Andr\u00e9 Ramalho Silva Sandro Djuric Stefan Savic Endstand: 1:1( 0:0) Torsch\u00fctzen: Coric (54.); Barnjak (77.) [&hellip;]<\/p>\n","protected":false},"author":1,"featured_media":0,"comment_status":"open","ping_status":"open","sticky":false,"template":"","format":"standard","meta":{"footnotes":""},"categories":[1978],"tags":[],"class_list":["post-2507","post","type-post","status-publish","format-standard","hentry","category-7-runde-regionalliga-west-saison-2012"],"_links":{"self":[{"href":"https:\/\/wiki.s12.at\/index.php\/wp-json\/wp\/v2\/posts\/2507","targetHints":{"allow":["GET"]}}],"collection":[{"href":"https:\/\/wiki.s12.at\/index.php\/wp-json\/wp\/v2\/posts"}],"about":[{"href":"https:\/\/wiki.s12.at\/index.php\/wp-json\/wp\/v2\/types\/post"}],"author":[{"embeddable":true,"href":"https:\/\/wiki.s12.at\/index.php\/wp-json\/wp\/v2\/users\/1"}],"replies":[{"embeddable":true,"href":"https:\/\/wiki.s12.at\/index.php\/wp-json\/wp\/v2\/comments?post=2507"}],"version-history":[{"count":0,"href":"https:\/\/wiki.s12.at\/index.php\/wp-json\/wp\/v2\/posts\/2507\/revisions"}],"wp:attachment":[{"href":"https:\/\/wiki.s12.at\/index.php\/wp-json\/wp\/v2\/media?parent=2507"}],"wp:term":[{"taxonomy":"category","embeddable":true,"href":"https:\/\/wiki.s12.at\/index.php\/wp-json\/wp\/v2\/categories?post=2507"},{"taxonomy":"post_tag","embeddable":true,"href":"https:\/\/wiki.s12.at\/index.php\/wp-json\/wp\/v2\/tags?post=2507"}],"curies":[{"name":"wp","href":"https:\/\/api.w.org\/{rel}","templated":true}]}}