{"id":2502,"date":"2026-05-06T14:36:17","date_gmt":"2026-05-06T12:36:17","guid":{"rendered":"https:\/\/wiki.s12.at\/index.php\/2026\/05\/06\/6-rundebundesliga-saison-1996-97-sv-ried-austria-salzburg\/"},"modified":"2026-05-06T14:36:17","modified_gmt":"2026-05-06T12:36:17","slug":"6-rundebundesliga-saison-1996-97-sv-ried-austria-salzburg","status":"publish","type":"post","link":"https:\/\/wiki.s12.at\/index.php\/2026\/05\/06\/6-rundebundesliga-saison-1996-97-sv-ried-austria-salzburg\/","title":{"rendered":"97, SV Ried &#8211; Austria Salzburg"},"content":{"rendered":"<div class=\"mw-parser-output\">\n<h3><span class=\"mw-headline\" id=\"Fakten\">Fakten<\/span><a href=\"\/index.php?title=6._Runde:Bundesliga,_Saison_1996\/97,_SV_Ried_-_Austria_Salzburg&amp;action=edit&amp;section=1\" title=\"Abschnitt bearbeiten: Fakten\">Bearbeiten<\/a><span class=\"mw-editsection-bracket\">]<\/span><\/span><\/h3>\n<p><b>Bundesliga &#8211; 6. Spieltag: 25. August 1996, 18  Uhr<\/b><br \/>\n\n<\/p>\n<table class=\"wikitable\">\n<caption><b> <big> SV Ried gegen SV Austria Salzburg, 0:4<\/big><\/b><br \/>\n<\/caption>\n<tbody>\n<tr>\n<td>Aufstellung:<\/td>\n<td><a href=\"\/Otto_Konrad\" title=\"Otto Konrad\">Otto Konrad<\/a>\n<\/td>\n<\/tr>\n<tr>\n<td><\/td>\n<td><a href=\"\/Walter_Kogler\" title=\"Walter Kogler\">Walter Kogler<\/a>, <a href=\"\/Roman_Szewczyk\" title=\"Roman Szewczyk\">Roman Szewczyk<\/a>, <a href=\"\/Thomas_Winklhofer\" title=\"Thomas Winklhofer\">Thomas Winklhofer<\/a>, <a href=\"\/Franz_Aigner\" title=\"Franz Aigner\">Franz Aigner<\/a>\n<\/td>\n<\/tr>\n<tr>\n<td><\/td>\n<td><a href=\"\/Walter_H%C3%B6rmann\" title=\"Walter H\u00f6rmann\">Walter H\u00f6rmann<\/a>, <a href=\"\/Tomislav_Kocijan\" title=\"Tomislav Kocijan\">Tomislav Kocijan<\/a>, <a href=\"\/Dean_Racunica\" title=\"Dean Racunica\">Dean Racunica<\/a>, <a href=\"\/Adolf_H%C3%BCtter\" title=\"Adolf H\u00fctter\">Adolf H\u00fctter<\/a>\n<\/td>\n<\/tr>\n<tr>\n<td><\/td>\n<td><a href=\"\/Eduard_Glieder\" title=\"Eduard Glieder\">Eduard Glieder<\/a>, <a href=\"\/Tibor_Jancula\" title=\"Tibor Jancula\">Tibor Jancula<\/a>\n<\/td>\n<\/tr>\n<tr>\n<td>Wechsel:<\/td>\n<td><a href=\"\/Leopold_Lainer\" title=\"Leopold Lainer\">Leopold  Lainer<\/a> f\u00fcr Glieder (83.)\n<\/td>\n<\/tr>\n<tr>\n<td>Endstand:<\/td>\n<td>0:4 (0:2)\n<\/td>\n<\/tr>\n<tr>\n<td>Torsch\u00fctzen:<\/td>\n<td>H\u00fctter (10., 89.), Glieder (43., 79.)\n<\/td>\n<\/tr>\n<tr>\n<td>Gelbe Karten:<\/td>\n<td>Aczel (34.), Ehmann (56.); Racunica (28.), Szewczyk (60.),\n<\/td>\n<\/tr>\n<tr>\n<td>Gelb-rote Karten:<\/td>\n<td>\n<\/td>\n<\/tr>\n<tr>\n<td>Rote Karten:<\/td>\n<td>\n<\/td>\n<\/tr>\n<tr>\n<td>Schiedsrichter:<\/td>\n<td>Gerd Grabher\n<\/td>\n<\/tr>\n<tr>\n<td>Stadion:<\/td>\n<td>Stadion der Stadt Ried\n<\/td>\n<\/tr>\n<tr>\n<td>Zuschauer:<\/td>\n<td>9 000\n<\/td>\n<\/tr>\n<\/tbody>\n<\/table>\n<\/div>\n","protected":false},"excerpt":{"rendered":"<p>FaktenBearbeiten] Bundesliga &#8211; 6. Spieltag: 25. August 1996, 18 Uhr SV Ried gegen SV Austria Salzburg, 0:4 Aufstellung: Otto Konrad Walter Kogler, Roman Szewczyk, Thomas Winklhofer, Franz Aigner Walter H\u00f6rmann, Tomislav Kocijan, Dean Racunica, Adolf H\u00fctter Eduard Glieder, Tibor Jancula Wechsel: Leopold Lainer f\u00fcr Glieder (83.) Endstand: 0:4 (0:2) Torsch\u00fctzen: H\u00fctter (10., 89.), Glieder (43., [&hellip;]<\/p>\n","protected":false},"author":1,"featured_media":0,"comment_status":"open","ping_status":"open","sticky":false,"template":"","format":"standard","meta":{"footnotes":""},"categories":[1974],"tags":[],"class_list":["post-2502","post","type-post","status-publish","format-standard","hentry","category-6-rundebundesliga-saison-1996"],"_links":{"self":[{"href":"https:\/\/wiki.s12.at\/index.php\/wp-json\/wp\/v2\/posts\/2502","targetHints":{"allow":["GET"]}}],"collection":[{"href":"https:\/\/wiki.s12.at\/index.php\/wp-json\/wp\/v2\/posts"}],"about":[{"href":"https:\/\/wiki.s12.at\/index.php\/wp-json\/wp\/v2\/types\/post"}],"author":[{"embeddable":true,"href":"https:\/\/wiki.s12.at\/index.php\/wp-json\/wp\/v2\/users\/1"}],"replies":[{"embeddable":true,"href":"https:\/\/wiki.s12.at\/index.php\/wp-json\/wp\/v2\/comments?post=2502"}],"version-history":[{"count":0,"href":"https:\/\/wiki.s12.at\/index.php\/wp-json\/wp\/v2\/posts\/2502\/revisions"}],"wp:attachment":[{"href":"https:\/\/wiki.s12.at\/index.php\/wp-json\/wp\/v2\/media?parent=2502"}],"wp:term":[{"taxonomy":"category","embeddable":true,"href":"https:\/\/wiki.s12.at\/index.php\/wp-json\/wp\/v2\/categories?post=2502"},{"taxonomy":"post_tag","embeddable":true,"href":"https:\/\/wiki.s12.at\/index.php\/wp-json\/wp\/v2\/tags?post=2502"}],"curies":[{"name":"wp","href":"https:\/\/api.w.org\/{rel}","templated":true}]}}