{"id":2495,"date":"2026-05-06T14:35:39","date_gmt":"2026-05-06T12:35:39","guid":{"rendered":"https:\/\/wiki.s12.at\/index.php\/2026\/05\/06\/6-runde-saison-2023-24-fc-red-bull-salzburg-gegen-sk-rapid-wien\/"},"modified":"2026-05-06T14:35:39","modified_gmt":"2026-05-06T12:35:39","slug":"6-runde-saison-2023-24-fc-red-bull-salzburg-gegen-sk-rapid-wien","status":"publish","type":"post","link":"https:\/\/wiki.s12.at\/index.php\/2026\/05\/06\/6-runde-saison-2023-24-fc-red-bull-salzburg-gegen-sk-rapid-wien\/","title":{"rendered":"24, FC Red Bull Salzburg gegen SK Rapid Wien"},"content":{"rendered":"<div class=\"mw-parser-output\">\n<table class=\"toptextcells toccolours\">\n<tbody>\n<tr>\n<th colspan=\"2\" style=\"text-align: center; vertical-align: top; padding: 0.3em 0.8em; font-size: 125%; background-color: lightsteelblue;\">FC Red Bull Salzburg gegen SK Rapid Wien, 2:0\n<\/th>\n<\/tr>\n<tr>\n<th style=\"text-align:left;\"><b>Spieltag<\/b>\n<\/th>\n<th style=\"text-align:left;\">Bundesliga-6.Runde\n<\/th>\n<\/tr>\n<tr>\n<th style=\"text-align:left;\"><b>Datum<\/b>\n<\/th>\n<th style=\"text-align:left;\">3. September 2023\n<\/th>\n<\/tr>\n<tr>\n<th style=\"text-align:left;\"><b>Anpfiff<\/b>\n<\/th>\n<th style=\"text-align:left;\">17 Uhr\n<\/th>\n<\/tr>\n<tr>\n<td colspan=\"2\" style=\"text-align:center;\" bgcolor=\"lightgray\"><b>Aufstellung<\/b>\n<\/td>\n<\/tr>\n<tr>\n<th style=\"text-align:left;\"><b>Tor<\/b>\n<\/th>\n<th><a href=\"\/Alexander_Schlager\" title=\"Alexander Schlager\">Alexander Schlager<\/a>\n<\/th>\n<\/tr>\n<tr>\n<th style=\"text-align:left;\"><b>Verteidigung<\/b>\n<\/th>\n<th><a href=\"\/Amar_Dedic\" title=\"Amar Dedic\">Amar Dedic<\/a>  &#8211; <a href=\"\/Samson_Baidoo\" title=\"Samson Baidoo\">Samson Baidoo<\/a>  &#8211;<a href=\"\/Strahinja_Pavlovic\" title=\"Strahinja Pavlovic\">Strahinja Pavlovic<\/a>  &#8211;  <a href=\"\/Andreas_Ulmer\" title=\"Andreas Ulmer\">Andreas Ulmer<\/a>\n<\/th>\n<\/tr>\n<tr>\n<th style=\"text-align:left;\"><b>Mittelfeld<\/b>\n<\/th>\n<th><a href=\"\/Lucas_Gourna-Douath\" title=\"Lucas Gourna-Douath\">Lucas Gourna-Douath<\/a>  &#8211; <a href=\"\/Mads_Bidstrup\" title=\"Mads Bidstrup\">Mads Bidstrup<\/a>  &#8211;  <a href=\"\/Oscar_Gloukh\" title=\"Oscar Gloukh\">Oscar Gloukh<\/a>&#8211; <a href=\"\/Maurits_Kjaergaard\" title=\"Maurits Kjaergaard\">Maurits Kjaergaard<\/a>\n<\/th>\n<\/tr>\n<tr>\n<th style=\"text-align:left;\"><b>Sturm<\/b>\n<\/th>\n<th><a href=\"\/Karim_Konate\" title=\"Karim Konate\">Karim Konate<\/a> &#8211; <a href=\"\/Roko_Simic\" title=\"Roko Simic\">Roko Simic<\/a>\n<\/th>\n<\/tr>\n<tr>\n<td colspan=\"2\" style=\"text-align:center;\" bgcolor=\"lightgray\"><b>Wechsel<\/b>\n<\/td>\n<\/tr>\n<tr>\n<th style=\"text-align:left;\"><b>Wechsel<\/b>\n<\/th>\n<th style=\"text-align:left;\"><a href=\"\/Dorgeles_Nene\" class=\"mw-redirect\" title=\"Dorgeles Nene\">Dorgeles Nene<\/a> f\u00fcr Gloukh (58.), <a href=\"\/Aleksa_Terzic\" title=\"Aleksa Terzic\">Aleksa Terzic<\/a> f\u00fcr Ulmer (58.), <a href=\"\/Sekou_Koita\" title=\"Sekou Koita\">Sekou Koita<\/a> f\u00fcr Simic (58.), <br \/><a href=\"\/Amankwah_Forson\" title=\"Amankwah Forson\">Amankwah Forson<\/a> f\u00fcr Konate (77.), <a href=\"\/Kamil_Piatkowski\" title=\"Kamil Piatkowski\">Kamil  Piatkowski<\/a> f\u00fcr Baidoo (89.)\n<\/th>\n<\/tr>\n<tr>\n<td colspan=\"2\" style=\"text-align:center;\" bgcolor=\"lightgray\"><b>Statistik<\/b>\n<\/td>\n<\/tr>\n<tr>\n<th style=\"text-align:left;\"><b>Endstand<\/b>\n<\/th>\n<th style=\"text-align:left;\">2:0 (2:0)\n<\/th>\n<\/tr>\n<tr>\n<th style=\"text-align:left;\"><b>Torsch\u00fctzen<\/b>\n<\/th>\n<th style=\"text-align:left;\">Simic (14., 35.)\n<\/th>\n<\/tr>\n<tr>\n<th style=\"text-align:left;\"><b>Gelbe Karten<\/b>\n<\/th>\n<th style=\"text-align:left;\">Pavlovic (73.), Kjaergaard (80.); Bajic  (73.), Sollbauer  (88.), Moormann (94.)\n<\/th>\n<\/tr>\n<tr>\n<th style=\"text-align:left;\"><b>Rote Karten<\/b>\n<\/th>\n<th style=\"text-align:left;\">\n<\/th>\n<\/tr>\n<tr>\n<th style=\"text-align:left;\"><b>Schiedsrichter<\/b>\n<\/th>\n<th style=\"text-align:left;\">Alexander Harkam\n<\/th>\n<\/tr>\n<tr>\n<th style=\"text-align:left;\"><b>Stadion<\/b>\n<\/th>\n<th style=\"text-align:left;\">EM Stadion Wals-Siezenheim, Salzburg\n<\/th>\n<\/tr>\n<tr>\n<th style=\"text-align:left;\"><b>Zuschauer<\/b>\n<\/th>\n<th style=\"text-align:left;\">17 089\n<\/th>\n<\/tr>\n<\/tbody>\n<\/table>\n<h2><span class=\"mw-headline\" id=\"Spielbericht\">Spielbericht<\/span><a href=\"\/index.php?title=6._Runde,_Saison_2023\/24,_FC_Red_Bull_Salzburg_gegen_SK_Rapid_Wien&amp;action=edit&amp;section=1\" title=\"Abschnitt bearbeiten: Spielbericht\">Bearbeiten<\/a><span class=\"mw-editsection-bracket\">]<\/span><\/span><\/h2>\n<p><a rel=\"nofollow\" class=\"external text\" href=\"https:\/\/www.redbullsalzburg.at\/de\/2023-2024\/spielplan\/bundesliga-runde-6-fc-red-bull-salzburg-vs-sk-rapid-wien#spielbericht\">Spielbericht Vereinshomepage<\/a>\n<\/p>\n<h2><span class=\"mw-headline\" id=\"Bilder\">Bilder<\/span><a href=\"\/index.php?title=6._Runde,_Saison_2023\/24,_FC_Red_Bull_Salzburg_gegen_SK_Rapid_Wien&amp;action=edit&amp;section=2\" title=\"Abschnitt bearbeiten: Bilder\">Bearbeiten<\/a><span class=\"mw-editsection-bracket\">]<\/span><\/span><\/h2>\n<p><img alt=\"\" src=\"\/images\/thumb\/4\/4a\/Commons-logo.svg\/langde-20px-Commons-logo.svg.png%3Futm_source%3Dcommons.wikimedia.org%26utm_campaign%3Dimageinfo%26utm_content%3Dthumbnail\" decoding=\"async\" title=\"Commons\" width=\"12\" height=\"16\" srcset=\"\/images\/thumb\/4\/4a\/Commons-logo.svg\/langde-40px-Commons-logo.svg.png%3Futm_source%3Dcommons.wikimedia.org%26utm_campaign%3Dimageinfo%26utm_content%3Dthumbnail 2x\" \/>&#160;<b><a href=\"http:\/\/commons.wikimedia.org\/wiki\/Category:FC_RB_Salzburg_gegen_SK_Rapid_Wien_(2023-09-03)\" class=\"extiw\" title=\"commons:Category:FC RB Salzburg gegen SK Rapid Wien (2023-09-03)\">6. Runde, Saison 2023\/24, FC Red Bull Salzburg gegen SK Rapid Wien<\/a><\/b>&#160;\u2013 Sammlung von Bildern, Videos und Audiodateien auf <a href=\"\/Wikimedia_Commons\" title=\"Wikimedia Commons\">Wikimedia Commons<\/a>\n<\/p>\n<h2><span class=\"mw-headline\" id=\"Stimmen_zum_Spiel\">Stimmen zum Spiel<\/span><a href=\"\/index.php?title=6._Runde,_Saison_2023\/24,_FC_Red_Bull_Salzburg_gegen_SK_Rapid_Wien&amp;action=edit&amp;section=3\" title=\"Abschnitt bearbeiten: Stimmen zum Spiel\">Bearbeiten<\/a><span class=\"mw-editsection-bracket\">]<\/span><\/span><\/h2>\n<p><b>Gerhard Struber:<\/b>    Wir waren extrem diszipliniert und am Ende auch souver\u00e4n. Letztlich war das heute ein hochverdienter Sieg gegen ein sehr ordentliches Rapid, auch wenn wir unsere Konter besser zu Ende spielen m\u00fcssen. Wir haben einen gro\u00dfen Konkurrenzkampf im Team, das belebt das Gesch\u00e4ft und l\u00e4sst die Jungs ans Limit kommen. Das brauchen wir auch, bei dem, was alles auf uns zukommt in den n\u00e4chsten Wochen. Wir haben nach sieben Pflichtspielen eine Ausbeute von 100 Prozent, wir k\u00f6nnen aber noch zulegen. Atmosph\u00e4risch kann dieses Stadion mit diesen Fans schon eine richtig coole Wirkung entfalten.\n<\/p>\n<p><b>Roko Simic:<\/b> Das Wichtigste war, dass wir dieses Spiel gewinnen. Nat\u00fcrlich freut es mich auch, dass ich das erste Mal in der Bundesliga getroffen habe. Ohne meine Teamkollegen w\u00e4re das aber nicht m\u00f6glich gewesen. Ich habe lange auf diesen Moment gewartet und darauf hingearbeitet. Gegen Rapid zu treffen, ist nat\u00fcrlich immer etwas Besonderes. Wir verf\u00fcgen \u00fcber sehr viel Qualit\u00e4t in unserem Kader, ich genie\u00dfe jedes Spiel und jedes Match hier.\n<\/p>\n<\/div>\n","protected":false},"excerpt":{"rendered":"<p>FC Red Bull Salzburg gegen SK Rapid Wien, 2:0 Spieltag Bundesliga-6.Runde Datum 3. September 2023 Anpfiff 17 Uhr Aufstellung Tor Alexander Schlager Verteidigung Amar Dedic &#8211; Samson Baidoo &#8211;Strahinja Pavlovic &#8211; Andreas Ulmer Mittelfeld Lucas Gourna-Douath &#8211; Mads Bidstrup &#8211; Oscar Gloukh&#8211; Maurits Kjaergaard Sturm Karim Konate &#8211; Roko Simic Wechsel Wechsel Dorgeles Nene f\u00fcr [&hellip;]<\/p>\n","protected":false},"author":1,"featured_media":0,"comment_status":"open","ping_status":"open","sticky":false,"template":"","format":"standard","meta":{"footnotes":""},"categories":[1970],"tags":[],"class_list":["post-2495","post","type-post","status-publish","format-standard","hentry","category-6-runde-saison-2023"],"_links":{"self":[{"href":"https:\/\/wiki.s12.at\/index.php\/wp-json\/wp\/v2\/posts\/2495","targetHints":{"allow":["GET"]}}],"collection":[{"href":"https:\/\/wiki.s12.at\/index.php\/wp-json\/wp\/v2\/posts"}],"about":[{"href":"https:\/\/wiki.s12.at\/index.php\/wp-json\/wp\/v2\/types\/post"}],"author":[{"embeddable":true,"href":"https:\/\/wiki.s12.at\/index.php\/wp-json\/wp\/v2\/users\/1"}],"replies":[{"embeddable":true,"href":"https:\/\/wiki.s12.at\/index.php\/wp-json\/wp\/v2\/comments?post=2495"}],"version-history":[{"count":0,"href":"https:\/\/wiki.s12.at\/index.php\/wp-json\/wp\/v2\/posts\/2495\/revisions"}],"wp:attachment":[{"href":"https:\/\/wiki.s12.at\/index.php\/wp-json\/wp\/v2\/media?parent=2495"}],"wp:term":[{"taxonomy":"category","embeddable":true,"href":"https:\/\/wiki.s12.at\/index.php\/wp-json\/wp\/v2\/categories?post=2495"},{"taxonomy":"post_tag","embeddable":true,"href":"https:\/\/wiki.s12.at\/index.php\/wp-json\/wp\/v2\/tags?post=2495"}],"curies":[{"name":"wp","href":"https:\/\/api.w.org\/{rel}","templated":true}]}}