{"id":2479,"date":"2026-05-06T14:35:22","date_gmt":"2026-05-06T12:35:22","guid":{"rendered":"https:\/\/wiki.s12.at\/index.php\/2026\/05\/06\/6-runde-saison-2015-16-fc-red-bull-salzburg-gegen-fk-austria-wien\/"},"modified":"2026-05-06T14:35:22","modified_gmt":"2026-05-06T12:35:22","slug":"6-runde-saison-2015-16-fc-red-bull-salzburg-gegen-fk-austria-wien","status":"publish","type":"post","link":"https:\/\/wiki.s12.at\/index.php\/2026\/05\/06\/6-runde-saison-2015-16-fc-red-bull-salzburg-gegen-fk-austria-wien\/","title":{"rendered":"16 FC Red Bull Salzburg gegen FK Austria Wien"},"content":{"rendered":"<div class=\"mw-parser-output\">\n<h2><span class=\"mw-headline\" id=\"Fakten\">Fakten<\/span><a href=\"\/index.php?title=6._Runde,_Saison_2015\/16_FC_Red_Bull_Salzburg_gegen_FK_Austria_Wien&amp;action=edit&amp;section=1\" title=\"Abschnitt bearbeiten: Fakten\">Bearbeiten<\/a><span class=\"mw-editsection-bracket\">]<\/span><\/span><\/h2>\n<table class=\"toptextcells toccolours\">\n<tbody>\n<tr>\n<th colspan=\"2\" style=\"text-align: center; vertical-align: top; padding: 0.3em 0.8em; font-size: 125%; background-color: lightsteelblue;\">FC Red Bull Salzburg gegen FK Austria Wien, 2:2\n<\/th>\n<\/tr>\n<tr>\n<th style=\"text-align:left;\"><b>Spieltag<\/b>\n<\/th>\n<th style=\"text-align:left;\">Bundesliga &#8211; 6. Spieltag\n<\/th>\n<\/tr>\n<tr>\n<th style=\"text-align:left;\"><b>Datum<\/b>\n<\/th>\n<th style=\"text-align:left;\">23. August 2015\n<\/th>\n<\/tr>\n<tr>\n<th style=\"text-align:left;\"><b>Anpfiff<\/b>\n<\/th>\n<th style=\"text-align:left;\">16.30 Uhr\n<\/th>\n<\/tr>\n<tr>\n<td colspan=\"2\" style=\"text-align:center;\" bgcolor=\"lightgray\"><b>Aufstellung<\/b>\n<\/td>\n<\/tr>\n<tr>\n<th style=\"text-align:left;\"><b>Tor<\/b>\n<\/th>\n<th><a href=\"\/Alexander_Walke\" title=\"Alexander Walke\">Alexander Walke<\/a>\n<\/th>\n<\/tr>\n<tr>\n<th style=\"text-align:left;\"><b>Verteidigung<\/b>\n<\/th>\n<th><a href=\"\/Stefan_Lainer\" title=\"Stefan Lainer\">Stefan Lainer<\/a> &#8211; <a href=\"\/Paulo_Miranda\" title=\"Paulo Miranda\">Paulo Miranda<\/a> &#8211; <a href=\"\/Duje_Caleta-Car\" title=\"Duje Caleta-Car\">Duje Caleta-Car<\/a> &#8211; <a href=\"\/Andreas_Ulmer\" title=\"Andreas Ulmer\">Andreas Ulmer<\/a>\n<\/th>\n<\/tr>\n<tr>\n<th style=\"text-align:left;\"><b>Mittelfeld<\/b>\n<\/th>\n<th><a href=\"\/index.php?title=Yasin_Pelivan&amp;action=edit&amp;redlink=1\" class=\"new\" title=\"Yasin Pelivan (Seite nicht vorhanden)\">Yasin Pelivan<\/a> &#8211; <a href=\"\/Valon_Berisha\" title=\"Valon Berisha\">Valon Berisha<\/a> &#8211; <a href=\"\/Benno_Schmitz\" title=\"Benno Schmitz\">Benno Schmitz<\/a> &#8211; <a href=\"\/Takumi_Minamino\" title=\"Takumi Minamino\">Takumi Minamino<\/a>\n<\/th>\n<\/tr>\n<tr>\n<th style=\"text-align:left;\"><b>Sturm<\/b>\n<\/th>\n<th><a href=\"\/Havard_Nielsen\" title=\"Havard Nielsen\">Havard Nielsen<\/a> &#8211; <a href=\"\/Smail_Prevljak\" title=\"Smail Prevljak\">Smail Prevljak<\/a>\n<\/th>\n<\/tr>\n<tr>\n<td colspan=\"2\" style=\"text-align:center;\" bgcolor=\"lightgray\"><b>Wechsel<\/b>\n<\/td>\n<\/tr>\n<tr>\n<th style=\"text-align:left;\"><b>Wechsel<\/b>\n<\/th>\n<th style=\"text-align:left;\"><a href=\"\/Valentino_Lazaro\" title=\"Valentino Lazaro\">Valentino Lazaro<\/a> f\u00fcr Prevljak (60.), <a href=\"\/Jonatan_Soriano\" title=\"Jonatan Soriano\">Jonatan Soriano<\/a> f\u00fcr Pelivan(60.), <a href=\"\/Yordy_Reyna\" title=\"Yordy Reyna\">Yordy Reyna<\/a> f\u00fcr Nielsen (82.)\n<\/th>\n<\/tr>\n<tr>\n<td colspan=\"2\" style=\"text-align:center;\" bgcolor=\"lightgray\"><b>Statistik<\/b>\n<\/td>\n<\/tr>\n<tr>\n<th style=\"text-align:left;\"><b>Endstand<\/b>\n<\/th>\n<th style=\"text-align:left;\">2:2 (1:1)\n<\/th>\n<\/tr>\n<tr>\n<th style=\"text-align:left;\"><b>Torsch\u00fctzen<\/b>\n<\/th>\n<th style=\"text-align:left;\">Prevljak (25.), Lainer (75.); Gr\u00fcnwald (17.),Kayode (48.)\n<\/th>\n<\/tr>\n<tr>\n<th style=\"text-align:left;\"><b>Gelbe Karten<\/b>\n<\/th>\n<th style=\"text-align:left;\">Ulmer (58.); Shikov (44.), Rotpuller (69.), Holzhauser (94.)\n<\/th>\n<\/tr>\n<tr>\n<th style=\"text-align:left;\"><b>Rote Karten<\/b>\n<\/th>\n<th style=\"text-align:left;\">Rotpuller (gelb-rot 72.)\n<\/th>\n<\/tr>\n<tr>\n<th style=\"text-align:left;\"><b>Schiedsrichter<\/b>\n<\/th>\n<th style=\"text-align:left;\">Robert Sch\u00f6rgenhofer\n<\/th>\n<\/tr>\n<tr>\n<th style=\"text-align:left;\"><b>Stadion<\/b>\n<\/th>\n<th style=\"text-align:left;\">Red Bull Arena, Salzburg\n<\/th>\n<\/tr>\n<tr>\n<th style=\"text-align:left;\"><b>Zuschauer<\/b>\n<\/th>\n<th style=\"text-align:left;\">9 929\n<\/th>\n<\/tr>\n<\/tbody>\n<\/table>\n<p>\n<\/p>\n<h2><span class=\"mw-headline\" id=\"Bilder\">Bilder<\/span><a href=\"\/index.php?title=6._Runde,_Saison_2015\/16_FC_Red_Bull_Salzburg_gegen_FK_Austria_Wien&amp;action=edit&amp;section=2\" title=\"Abschnitt bearbeiten: Bilder\">Bearbeiten<\/a><span class=\"mw-editsection-bracket\">]<\/span><\/span><\/h2>\n<ul>\n<li>(c)GEPA<\/li>\n<\/ul>\n<ul class=\"gallery mw-gallery-traditional\">\n<li class=\"gallerybox\" style=\"width: 155px\">\n<div style=\"width: 155px\">\n<div class=\"thumb\" style=\"width: 150px;\">\n<div style=\"margin:30.5px auto;\"><a href=\"\/Datei:SBGFAK_(3).jpg\" class=\"image\"><img alt=\"SBGFAK (3).jpg\" src=\"\/images\/thumb\/7\/7d\/SBGFAK_%283%29.jpg\/120px-SBGFAK_%283%29.jpg\" decoding=\"async\" width=\"120\" height=\"89\" srcset=\"\/images\/thumb\/7\/7d\/SBGFAK_%283%29.jpg\/180px-SBGFAK_%283%29.jpg 1.5x, \/images\/thumb\/7\/7d\/SBGFAK_%283%29.jpg\/240px-SBGFAK_%283%29.jpg 2x\" \/><\/a><\/div>\n<\/div>\n<div class=\"gallerytext\">\n\t\t\t<\/div>\n<\/p><\/div>\n<\/li>\n<li class=\"gallerybox\" style=\"width: 155px\">\n<div style=\"width: 155px\">\n<div class=\"thumb\" style=\"width: 150px;\">\n<div style=\"margin:32px auto;\"><a href=\"\/Datei:SBGFAK_(1).jpg\" class=\"image\"><img alt=\"SBGFAK (1).jpg\" src=\"\/images\/thumb\/3\/38\/SBGFAK_%281%29.jpg\/120px-SBGFAK_%281%29.jpg\" decoding=\"async\" width=\"120\" height=\"86\" srcset=\"\/images\/thumb\/3\/38\/SBGFAK_%281%29.jpg\/180px-SBGFAK_%281%29.jpg 1.5x, \/images\/thumb\/3\/38\/SBGFAK_%281%29.jpg\/240px-SBGFAK_%281%29.jpg 2x\" \/><\/a><\/div>\n<\/div>\n<div class=\"gallerytext\">\n\t\t\t<\/div>\n<\/p><\/div>\n<\/li>\n<li class=\"gallerybox\" style=\"width: 155px\">\n<div style=\"width: 155px\">\n<div class=\"thumb\" style=\"width: 150px;\">\n<div style=\"margin:35px auto;\"><a href=\"\/Datei:SBGFAK_(2).jpg\" class=\"image\"><img alt=\"SBGFAK (2).jpg\" src=\"\/images\/thumb\/d\/d6\/SBGFAK_%282%29.jpg\/120px-SBGFAK_%282%29.jpg\" decoding=\"async\" width=\"120\" height=\"80\" srcset=\"\/images\/thumb\/d\/d6\/SBGFAK_%282%29.jpg\/180px-SBGFAK_%282%29.jpg 1.5x, \/images\/thumb\/d\/d6\/SBGFAK_%282%29.jpg\/240px-SBGFAK_%282%29.jpg 2x\" \/><\/a><\/div>\n<\/div>\n<div class=\"gallerytext\">\n\t\t\t<\/div>\n<\/p><\/div>\n<\/li>\n<li class=\"gallerybox\" style=\"width: 155px\">\n<div style=\"width: 155px\">\n<div class=\"thumb\" style=\"width: 150px;\">\n<div style=\"margin:15px auto;\"><a href=\"\/Datei:SBGFAK_(4).jpg\" class=\"image\"><img loading=\"lazy\" alt=\"SBGFAK (4).jpg\" src=\"\/images\/thumb\/2\/27\/SBGFAK_%284%29.jpg\/80px-SBGFAK_%284%29.jpg\" decoding=\"async\" width=\"80\" height=\"120\" srcset=\"\/images\/thumb\/2\/27\/SBGFAK_%284%29.jpg\/120px-SBGFAK_%284%29.jpg 1.5x, \/images\/thumb\/2\/27\/SBGFAK_%284%29.jpg\/160px-SBGFAK_%284%29.jpg 2x\" \/><\/a><\/div>\n<\/div>\n<div class=\"gallerytext\">\n\t\t\t<\/div>\n<\/p><\/div>\n<\/li>\n<\/ul>\n<p>\n<\/p>\n<h2><span class=\"mw-headline\" id=\"Weblinks\">Weblinks<\/span><a href=\"\/index.php?title=6._Runde,_Saison_2015\/16_FC_Red_Bull_Salzburg_gegen_FK_Austria_Wien&amp;action=edit&amp;section=3\" title=\"Abschnitt bearbeiten: Weblinks\">Bearbeiten<\/a><span class=\"mw-editsection-bracket\">]<\/span><\/span><\/h2>\n<ul>\n<li><a rel=\"nofollow\" class=\"external text\" href=\"http:\/\/www.redbullsalzburg.at\/de\/fc-red-bull-salzburg\/news\/saison_2015_16\/rote-bullen-mit-einem-remis-gegen-fk-austria-wien.html\">Spielbericht Vereinshomepage<\/a><\/li>\n<\/ul>\n<h2><span class=\"mw-headline\" id=\"Stimmen_zum_Spiel\">Stimmen zum Spiel<\/span><a href=\"\/index.php?title=6._Runde,_Saison_2015\/16_FC_Red_Bull_Salzburg_gegen_FK_Austria_Wien&amp;action=edit&amp;section=4\" title=\"Abschnitt bearbeiten: Stimmen zum Spiel\">Bearbeiten<\/a><span class=\"mw-editsection-bracket\">]<\/span><\/span><\/h2>\n<p><b>Andreas Ulmer:<\/b>Ich glaube, wir haben uns gegen die Austria gut pr\u00e4sentiert. Wir w\u00e4ren aber als Sieger vom Platz gegangen, wenn wir unsere vielen Torchancen auch genutzt h\u00e4tten. Wir haben aber deutlich besser nach vorne gespielt und unsere Aufgaben gr\u00f6\u00dftenteils gut erledigt, aber es w\u00e4re mehr drinnen gewesen.\n<\/p>\n<p><b>Valentino Lazaro:<\/b>Positiv ist, dass wir zweimal einen R\u00fcckstand aufholen konnten. Wir sind aber in dieses Spiel gegangen, um es zu gewinnen. Daher k\u00f6nnen wir nicht ganz zufrieden sein. Im letzten Drittel hatten wir noch etwas zu wenig Selbstvertrauen, aber es hat heute schon ganz gut ausgesehen. Beide Mannschaften haben hart am Mann gespielt und sich gegenseitig nichts geschenkt.\n<\/p>\n<p><b>Stefan Lainer:<\/b>Wir haben uns zweimal nach einem R\u00fcckstand zur\u00fcckgek\u00e4mpft und hatten zum Schluss noch die Chance auf die Entscheidung, es sollte nicht mehr sein. Aber ich freue mich, dass ich uns mit meinem Tor helfen konnte, den Punkt zu erzielen.\n<\/p>\n<\/div>\n","protected":false},"excerpt":{"rendered":"<p>FaktenBearbeiten] FC Red Bull Salzburg gegen FK Austria Wien, 2:2 Spieltag Bundesliga &#8211; 6. Spieltag Datum 23. August 2015 Anpfiff 16.30 Uhr Aufstellung Tor Alexander Walke Verteidigung Stefan Lainer &#8211; Paulo Miranda &#8211; Duje Caleta-Car &#8211; Andreas Ulmer Mittelfeld Yasin Pelivan &#8211; Valon Berisha &#8211; Benno Schmitz &#8211; Takumi Minamino Sturm Havard Nielsen &#8211; Smail [&hellip;]<\/p>\n","protected":false},"author":1,"featured_media":0,"comment_status":"open","ping_status":"open","sticky":false,"template":"","format":"standard","meta":{"footnotes":""},"categories":[1961],"tags":[],"class_list":["post-2479","post","type-post","status-publish","format-standard","hentry","category-6-runde-saison-2015"],"_links":{"self":[{"href":"https:\/\/wiki.s12.at\/index.php\/wp-json\/wp\/v2\/posts\/2479","targetHints":{"allow":["GET"]}}],"collection":[{"href":"https:\/\/wiki.s12.at\/index.php\/wp-json\/wp\/v2\/posts"}],"about":[{"href":"https:\/\/wiki.s12.at\/index.php\/wp-json\/wp\/v2\/types\/post"}],"author":[{"embeddable":true,"href":"https:\/\/wiki.s12.at\/index.php\/wp-json\/wp\/v2\/users\/1"}],"replies":[{"embeddable":true,"href":"https:\/\/wiki.s12.at\/index.php\/wp-json\/wp\/v2\/comments?post=2479"}],"version-history":[{"count":0,"href":"https:\/\/wiki.s12.at\/index.php\/wp-json\/wp\/v2\/posts\/2479\/revisions"}],"wp:attachment":[{"href":"https:\/\/wiki.s12.at\/index.php\/wp-json\/wp\/v2\/media?parent=2479"}],"wp:term":[{"taxonomy":"category","embeddable":true,"href":"https:\/\/wiki.s12.at\/index.php\/wp-json\/wp\/v2\/categories?post=2479"},{"taxonomy":"post_tag","embeddable":true,"href":"https:\/\/wiki.s12.at\/index.php\/wp-json\/wp\/v2\/tags?post=2479"}],"curies":[{"name":"wp","href":"https:\/\/api.w.org\/{rel}","templated":true}]}}