{"id":2469,"date":"2026-05-06T14:35:11","date_gmt":"2026-05-06T12:35:11","guid":{"rendered":"https:\/\/wiki.s12.at\/index.php\/2026\/05\/06\/6-runde-saison-2008-09-fak-vs-rbs\/"},"modified":"2026-05-06T14:35:11","modified_gmt":"2026-05-06T12:35:11","slug":"6-runde-saison-2008-09-fak-vs-rbs","status":"publish","type":"post","link":"https:\/\/wiki.s12.at\/index.php\/2026\/05\/06\/6-runde-saison-2008-09-fak-vs-rbs\/","title":{"rendered":"09, FAK vs RBS"},"content":{"rendered":"<div class=\"mw-parser-output\">\n<h3><span class=\"mw-headline\" id=\"Fakten\">Fakten<\/span><a href=\"\/index.php?title=6._Runde,_Saison_2008\/09,_FAK_vs_RBS&amp;action=edit&amp;section=1\" title=\"Abschnitt bearbeiten: Fakten\">Bearbeiten<\/a><span class=\"mw-editsection-bracket\">]<\/span><\/span><\/h3>\n<p><b>Bundesliga &#8211; 6. Spieltag: 10. August 2008, 17 Uhr<\/b><br \/>\n\n<\/p>\n<table class=\"wikitable\">\n<caption><b> <big>FK Austria Wien gegen FC Red Bull Salzburg, 3:2<\/big> <\/b><br \/>\n<\/caption>\n<tbody>\n<tr>\n<td>Aufstellung:<\/td>\n<td><a href=\"\/Timo_Ochs\" title=\"Timo Ochs\">Timo Ochs<\/a>\n<\/td>\n<\/tr>\n<tr>\n<td><\/td>\n<td><a href=\"\/Ronald_Gercaliu\" title=\"Ronald Gercaliu\">Ronald Gercaliu<\/a>, <a href=\"\/Ibrahim_Sekagya\" title=\"Ibrahim Sekagya\">Ibrahim Sekagya<\/a>, <a href=\"\/Barry_Opdam\" title=\"Barry Opdam\">Barry Opdam<\/a>, <a href=\"\/Anis_Boussaidi\" title=\"Anis Boussaidi\">Anis Boussaidi<\/a>\n<\/td>\n<\/tr>\n<tr>\n<td><\/td>\n<td><a href=\"\/Johan_Vonlanthen\" title=\"Johan Vonlanthen\">Johan Vonlanthen<\/a>, <a href=\"\/Somen_Tchoyi\" title=\"Somen Tchoyi\">Somen Tchoyi<\/a>, <a href=\"\/Patrik_Jezek\" class=\"mw-redirect\" title=\"Patrik Jezek\">Patrik Jezek<\/a>, <a href=\"\/Ernst_%C3%96bster\" title=\"Ernst \u00d6bster\">Ernst \u00d6bster<\/a>, <a href=\"\/Sasa_Ilic\" class=\"mw-redirect\" title=\"Sasa Ilic\">Sasa Ilic<\/a>\n<\/td>\n<\/tr>\n<tr>\n<td><\/td>\n<td><a href=\"\/Marc_Janko\" title=\"Marc Janko\">Marc Janko<\/a>\n<\/td>\n<\/tr>\n<tr>\n<td>Wechsel:<\/td>\n<td><a href=\"\/Laszlo_Bodnar\" title=\"Laszlo Bodnar\">Laszlo Bodnar<\/a> f\u00fcr Gercaliu (33.), [[\tMejdi Traoui]] f\u00fcr Jezek (59.), <a href=\"\/Louis_Ngwat-Mahop\" title=\"Louis Ngwat-Mahop\">Louis  Ngwat-Mahop<\/a> f\u00fcr Tchoyi (68.)\n<\/td>\n<\/tr>\n<tr>\n<td>Endstand:<\/td>\n<td>3:2 (0:1)\n<\/td>\n<\/tr>\n<tr>\n<td>Torsch\u00fctzen:<\/td>\n<td>Boussaidi (1.), Janko (58.); Bazina (62.), Okotie (69.), Diabang (93.)\n<\/td>\n<\/tr>\n<tr>\n<td>Gelbe Karten:<\/td>\n<td>\u00d6bster (12.), Boussadi (54.), Sekagya (63.), Schiemer (88.); Acimovic (73.)\n<\/td>\n<\/tr>\n<tr>\n<td>Gelb-rote Karten:<\/td>\n<td>Sekagya (84.)\n<\/td>\n<\/tr>\n<tr>\n<td>Rote Karten:<\/td>\n<td>\n<\/td>\n<\/tr>\n<tr>\n<td>Schiedsrichter:<\/td>\n<td>Manfred Karssnitzer\n<\/td>\n<\/tr>\n<tr>\n<td>Stadion:<\/td>\n<td>Horr Stadion, Wien\n<\/td>\n<\/tr>\n<tr>\n<td>Zuschauer:<\/td>\n<td>6 904\n<\/td>\n<\/tr>\n<\/tbody>\n<\/table>\n<\/div>\n","protected":false},"excerpt":{"rendered":"<p>FaktenBearbeiten] Bundesliga &#8211; 6. Spieltag: 10. August 2008, 17 Uhr FK Austria Wien gegen FC Red Bull Salzburg, 3:2 Aufstellung: Timo Ochs Ronald Gercaliu, Ibrahim Sekagya, Barry Opdam, Anis Boussaidi Johan Vonlanthen, Somen Tchoyi, Patrik Jezek, Ernst \u00d6bster, Sasa Ilic Marc Janko Wechsel: Laszlo Bodnar f\u00fcr Gercaliu (33.), [[ Mejdi Traoui]] f\u00fcr Jezek (59.), Louis [&hellip;]<\/p>\n","protected":false},"author":1,"featured_media":0,"comment_status":"open","ping_status":"open","sticky":false,"template":"","format":"standard","meta":{"footnotes":""},"categories":[1954],"tags":[],"class_list":["post-2469","post","type-post","status-publish","format-standard","hentry","category-6-runde-saison-2008"],"_links":{"self":[{"href":"https:\/\/wiki.s12.at\/index.php\/wp-json\/wp\/v2\/posts\/2469","targetHints":{"allow":["GET"]}}],"collection":[{"href":"https:\/\/wiki.s12.at\/index.php\/wp-json\/wp\/v2\/posts"}],"about":[{"href":"https:\/\/wiki.s12.at\/index.php\/wp-json\/wp\/v2\/types\/post"}],"author":[{"embeddable":true,"href":"https:\/\/wiki.s12.at\/index.php\/wp-json\/wp\/v2\/users\/1"}],"replies":[{"embeddable":true,"href":"https:\/\/wiki.s12.at\/index.php\/wp-json\/wp\/v2\/comments?post=2469"}],"version-history":[{"count":0,"href":"https:\/\/wiki.s12.at\/index.php\/wp-json\/wp\/v2\/posts\/2469\/revisions"}],"wp:attachment":[{"href":"https:\/\/wiki.s12.at\/index.php\/wp-json\/wp\/v2\/media?parent=2469"}],"wp:term":[{"taxonomy":"category","embeddable":true,"href":"https:\/\/wiki.s12.at\/index.php\/wp-json\/wp\/v2\/categories?post=2469"},{"taxonomy":"post_tag","embeddable":true,"href":"https:\/\/wiki.s12.at\/index.php\/wp-json\/wp\/v2\/tags?post=2469"}],"curies":[{"name":"wp","href":"https:\/\/api.w.org\/{rel}","templated":true}]}}