{"id":2443,"date":"2026-05-06T14:34:52","date_gmt":"2026-05-06T12:34:52","guid":{"rendered":"https:\/\/wiki.s12.at\/index.php\/2026\/05\/06\/6-runde-bundesliga-saison-2002-03-austria-salzburg-fc-kaernten\/"},"modified":"2026-05-06T14:34:52","modified_gmt":"2026-05-06T12:34:52","slug":"6-runde-bundesliga-saison-2002-03-austria-salzburg-fc-kaernten","status":"publish","type":"post","link":"https:\/\/wiki.s12.at\/index.php\/2026\/05\/06\/6-runde-bundesliga-saison-2002-03-austria-salzburg-fc-kaernten\/","title":{"rendered":"03, Austria Salzburg &#8211; FC K\u00e4rnten"},"content":{"rendered":"<div class=\"mw-parser-output\">\n<h3><span class=\"mw-headline\" id=\"Fakten\">Fakten<\/span><a href=\"\/index.php?title=6._Runde,_Bundesliga,_Saison_2002\/03,_Austria_Salzburg_-_FC_K%C3%A4rnten&amp;action=edit&amp;section=1\" title=\"Abschnitt bearbeiten: Fakten\">Bearbeiten<\/a><span class=\"mw-editsection-bracket\">]<\/span><\/span><\/h3>\n<p><b>Bundesliga &#8211; 6. Spieltag: 18. August 2002, 19 Uhr<\/b>\n<\/p>\n<table class=\"wikitable\">\n<caption><b> <big>SV Austria Salzburg gegen FC K\u00e4rnten, 0:0<\/big><\/b><br \/>\n<\/caption>\n<tbody>\n<tr>\n<td>Aufstellung:<\/td>\n<td><a href=\"\/Szabolcs_Safar\" class=\"mw-redirect\" title=\"Szabolcs Safar\">Szabolcs Safar<\/a> <a href=\"\/Christoph_Jank\" title=\"Christoph Jank\">Christoph Jank<\/a> <a href=\"\/Stefan_Partinger\" title=\"Stefan Partinger\">Stefan Partinger<\/a> <a href=\"\/Thomas_Winklhofer\" title=\"Thomas Winklhofer\">Thomas Winklhofer<\/a> <a href=\"\/Johannes_Woldeab\" class=\"mw-redirect\" title=\"Johannes Woldeab\">Johannes Woldeab<\/a> (46. <a href=\"\/Thomas_Eder\" title=\"Thomas Eder\">Thomas Eder<\/a>) <a href=\"\/J%C3%BCrgen_Friedl\" title=\"J\u00fcrgen Friedl\">J\u00fcrgen Friedl<\/a> (75. <a href=\"\/Goran_Tomic\" title=\"Goran Tomic\">Goran Tomic<\/a>) <a href=\"\/Kai_Schoppitsch\" title=\"Kai Schoppitsch\">Kai Schoppitsch<\/a> (46. <a href=\"\/Alexander_Schriebl\" title=\"Alexander Schriebl\">Alexander Schriebl<\/a>) <a href=\"\/Ewald_Brenner\" title=\"Ewald Brenner\">Ewald Brenner<\/a> <a href=\"\/J%C3%BCrgen_Pichorner\" title=\"J\u00fcrgen Pichorner\">J\u00fcrgen Pichorner<\/a> <a href=\"\/Heiko_Laessig\" title=\"Heiko Laessig\">Heiko Laessig<\/a> <a href=\"\/Roland_Kirchler\" title=\"Roland Kirchler\">Roland Kirchler<\/a>\n<\/td>\n<\/tr>\n<tr>\n<td>Endstand:<\/td>\n<td>0:0\n<\/td>\n<\/tr>\n<tr>\n<td>Torsch\u00fctzen:<\/td>\n<td>\n<\/td>\n<\/tr>\n<tr>\n<td>Gelbe Karten:<\/td>\n<td>Schoppitsch (12.), Jank (42.), Brenner (55.), Winklhofer (63.), Kirchler (81.); Papac 818.), Oberleitner (84.)\n<\/td>\n<\/tr>\n<tr>\n<td>Gelb-rote Karten:<\/td>\n<td>\n<\/td>\n<\/tr>\n<tr>\n<td>Rote Karten:<\/td>\n<td>\n<\/td>\n<\/tr>\n<tr>\n<td>Schiedsrichter:<\/td>\n<td>Fritz Stuchlik\n<\/td>\n<\/tr>\n<tr>\n<td>Stadion:<\/td>\n<td>Lehener Stadion, Salzburg\n<\/td>\n<\/tr>\n<tr>\n<td>Zuschauer:<\/td>\n<td>7 000\n<\/td>\n<\/tr>\n<\/tbody>\n<\/table>\n<\/div>\n","protected":false},"excerpt":{"rendered":"<p>FaktenBearbeiten] Bundesliga &#8211; 6. Spieltag: 18. August 2002, 19 Uhr SV Austria Salzburg gegen FC K\u00e4rnten, 0:0 Aufstellung: Szabolcs Safar Christoph Jank Stefan Partinger Thomas Winklhofer Johannes Woldeab (46. Thomas Eder) J\u00fcrgen Friedl (75. Goran Tomic) Kai Schoppitsch (46. Alexander Schriebl) Ewald Brenner J\u00fcrgen Pichorner Heiko Laessig Roland Kirchler Endstand: 0:0 Torsch\u00fctzen: Gelbe Karten: Schoppitsch [&hellip;]<\/p>\n","protected":false},"author":1,"featured_media":0,"comment_status":"open","ping_status":"open","sticky":false,"template":"","format":"standard","meta":{"footnotes":""},"categories":[1930],"tags":[],"class_list":["post-2443","post","type-post","status-publish","format-standard","hentry","category-6-runde-bundesliga-saison-2002"],"_links":{"self":[{"href":"https:\/\/wiki.s12.at\/index.php\/wp-json\/wp\/v2\/posts\/2443","targetHints":{"allow":["GET"]}}],"collection":[{"href":"https:\/\/wiki.s12.at\/index.php\/wp-json\/wp\/v2\/posts"}],"about":[{"href":"https:\/\/wiki.s12.at\/index.php\/wp-json\/wp\/v2\/types\/post"}],"author":[{"embeddable":true,"href":"https:\/\/wiki.s12.at\/index.php\/wp-json\/wp\/v2\/users\/1"}],"replies":[{"embeddable":true,"href":"https:\/\/wiki.s12.at\/index.php\/wp-json\/wp\/v2\/comments?post=2443"}],"version-history":[{"count":0,"href":"https:\/\/wiki.s12.at\/index.php\/wp-json\/wp\/v2\/posts\/2443\/revisions"}],"wp:attachment":[{"href":"https:\/\/wiki.s12.at\/index.php\/wp-json\/wp\/v2\/media?parent=2443"}],"wp:term":[{"taxonomy":"category","embeddable":true,"href":"https:\/\/wiki.s12.at\/index.php\/wp-json\/wp\/v2\/categories?post=2443"},{"taxonomy":"post_tag","embeddable":true,"href":"https:\/\/wiki.s12.at\/index.php\/wp-json\/wp\/v2\/tags?post=2443"}],"curies":[{"name":"wp","href":"https:\/\/api.w.org\/{rel}","templated":true}]}}