{"id":2420,"date":"2026-05-06T14:34:23","date_gmt":"2026-05-06T12:34:23","guid":{"rendered":"https:\/\/wiki.s12.at\/index.php\/2026\/05\/06\/6-runde-saison-2025-26-fc-red-bull-salzburg-frauen-gegen-sk-sturm-graz\/"},"modified":"2026-05-06T14:34:23","modified_gmt":"2026-05-06T12:34:23","slug":"6-runde-saison-2025-26-fc-red-bull-salzburg-frauen-gegen-sk-sturm-graz","status":"publish","type":"post","link":"https:\/\/wiki.s12.at\/index.php\/2026\/05\/06\/6-runde-saison-2025-26-fc-red-bull-salzburg-frauen-gegen-sk-sturm-graz\/","title":{"rendered":"26, FC Red Bull Salzburg Frauen gegen SK Sturm Graz"},"content":{"rendered":"<div class=\"mw-parser-output\">\n<table class=\"toptextcells toccolours\">\n<tbody>\n<tr>\n<th colspan=\"2\" style=\"text-align: center; vertical-align: top; padding: 0.3em 0.8em; font-size: 125%; background-color: lightsteelblue;\">FC Red Bull Salzburg Frauen gegen SK Sturm Graz, 0:1\n<\/th>\n<\/tr>\n<tr>\n<th style=\"text-align:left;\"><b>Spieltag<\/b>\n<\/th>\n<th style=\"text-align:left;\">Frauen &#8211; Bundesliga, 6. Runde\n<\/th>\n<\/tr>\n<tr>\n<th style=\"text-align:left;\"><b>Datum<\/b>\n<\/th>\n<th style=\"text-align:left;\">21. September 2025\n<\/th>\n<\/tr>\n<tr>\n<th style=\"text-align:left;\"><b>Anpfiff<\/b>\n<\/th>\n<th style=\"text-align:left;\">12Uhr\n<\/th>\n<\/tr>\n<tr>\n<td colspan=\"2\" style=\"text-align:center;\" bgcolor=\"lightgray\"><b>Aufstellung<\/b>\n<\/td>\n<\/tr>\n<tr>\n<th style=\"text-align:left;\"><b>Tor<\/b>\n<\/th>\n<th><a href=\"\/Michaela_Fischer\" title=\"Michaela Fischer\">Michaela Fischer<\/a>\n<\/th>\n<\/tr>\n<tr>\n<th style=\"text-align:left;\"><b>Verteidigung<\/b>\n<\/th>\n<th><a href=\"\/Laura_Spinn\" title=\"Laura Spinn\">Laura Spinn<\/a> &#8211; <a href=\"\/Theresa_D%27Angelo\" title=\"Theresa D&#39;Angelo\">Theresa D&#8217;Angelo<\/a> &#8211;<a href=\"\/Vina_Crnoja\" title=\"Vina Crnoja\">Vina Crnoja<\/a> &#8211;<a href=\"\/Greta_Spinn\" title=\"Greta Spinn\">Greta Spinn<\/a>\n<\/th>\n<\/tr>\n<tr>\n<th style=\"text-align:left;\"><b>Mittelfeld<\/b>\n<\/th>\n<th><a href=\"\/Sara_Grabovac\" title=\"Sara Grabovac\">Sara Grabovac<\/a> &#8211; <a href=\"\/Valentina_Illinger\" title=\"Valentina Illinger\">Valentina Illinger<\/a> &#8211;  <a href=\"\/Sophia_Schirmbrand\" title=\"Sophia Schirmbrand\">Sophia Schirmbrand<\/a>\n<\/th>\n<\/tr>\n<tr>\n<th style=\"text-align:left;\"><b>Sturm<\/b>\n<\/th>\n<th>&#8211; <a href=\"\/Emelie_Kobler\" title=\"Emelie Kobler\">Emelie Kobler<\/a> &#8211; <a href=\"\/Julia_Gr%C3%BCnwald\" title=\"Julia Gr\u00fcnwald\">Julia Gr\u00fcnwald<\/a> &#8211;  <a href=\"\/Aldina_Hamzic\" title=\"Aldina Hamzic\">Aldina Hamzic<\/a>\n<\/th>\n<\/tr>\n<tr>\n<td colspan=\"2\" style=\"text-align:center;\" bgcolor=\"lightgray\"><b>Wechsel<\/b>\n<\/td>\n<\/tr>\n<tr>\n<th style=\"text-align:left;\"><b>Wechsel<\/b>\n<\/th>\n<th style=\"text-align:left;\"><a href=\"\/Valentina_Lutz\" title=\"Valentina Lutz\">Valentina Lutz<\/a>  f\u00fcr Illinger  (46.), <a href=\"\/Emily_Schimm\" title=\"Emily Schimm\">Emily Schimm<\/a> f\u00fcr Kobler (64.), <a href=\"\/Caroline_Gragger\" title=\"Caroline Gragger\">Caroline Gragger<\/a> f\u00fcr<br \/> Schirmbrand (64.), <a href=\"\/Lea_Krinzinger\" title=\"Lea Krinzinger\">Lea Krinzinger<\/a> f\u00fcr L. Spinn (64.), <a href=\"\/Lucia_Orkic\" title=\"Lucia Orkic\">Lucia Orkic<\/a>  f\u00fcr D&#8217;Angelo (64.)\n<\/th>\n<\/tr>\n<tr>\n<td colspan=\"2\" style=\"text-align:center;\" bgcolor=\"lightgray\"><b>Statistik<\/b>\n<\/td>\n<\/tr>\n<tr>\n<th style=\"text-align:left;\"><b>Endstand<\/b>\n<\/th>\n<th style=\"text-align:left;\">0:1 (0:0)\n<\/th>\n<\/tr>\n<tr>\n<th style=\"text-align:left;\"><b>Torsch\u00fctzen<\/b>\n<\/th>\n<th style=\"text-align:left;\">Jakobsen (48.)\n<\/th>\n<\/tr>\n<tr>\n<th style=\"text-align:left;\"><b>Gelbe Karten<\/b>\n<\/th>\n<th style=\"text-align:left;\">Hamzic (94.)\n<\/th>\n<\/tr>\n<tr>\n<th style=\"text-align:left;\"><b>Rote Karten<\/b>\n<\/th>\n<th style=\"text-align:left;\">\n<\/th>\n<\/tr>\n<tr>\n<th style=\"text-align:left;\"><b>Schiedsrichter<\/b>\n<\/th>\n<th style=\"text-align:left;\">Fabienne Hofer\n<\/th>\n<\/tr>\n<tr>\n<th style=\"text-align:left;\"><b>Stadion<\/b>\n<\/th>\n<th style=\"text-align:left;\">Akademie Liefering, Salzburg\n<\/th>\n<\/tr>\n<tr>\n<th style=\"text-align:left;\"><b>Zuschauer<\/b>\n<\/th>\n<th style=\"text-align:left;\">205\n<\/th>\n<\/tr>\n<\/tbody>\n<\/table>\n<h2><span class=\"mw-headline\" id=\"Spielbericht\">Spielbericht<\/span><a href=\"\/index.php?title=6.Runde,_Saison_2025\/26,_FC_Red_Bull_Salzburg_Frauen_gegen_SK_Sturm_Graz&amp;action=edit&amp;section=1\" title=\"Abschnitt bearbeiten: Spielbericht\">Bearbeiten<\/a><span class=\"mw-editsection-bracket\">]<\/span><\/span><\/h2>\n<p><a rel=\"nofollow\" class=\"external text\" href=\"https:\/\/www.redbullsalzburg.at\/de\/frauen\/2025-2026\/spielplan-frauen\/bundesliga-runde-6-fc-red-bull-salzburg-vs-sk-sturm-graz#spielbericht\">Spielbericht Vereinshomepage<\/a>\n<\/p>\n<h2><span class=\"mw-headline\" id=\"Stimmen_zum_Spiel\">Stimmen zum Spiel<\/span><a href=\"\/index.php?title=6.Runde,_Saison_2025\/26,_FC_Red_Bull_Salzburg_Frauen_gegen_SK_Sturm_Graz&amp;action=edit&amp;section=2\" title=\"Abschnitt bearbeiten: Stimmen zum Spiel\">Bearbeiten<\/a><span class=\"mw-editsection-bracket\">]<\/span><\/span><\/h2>\n<p><b>Dusan Pavlovic: <\/b> Wir haben definitiv Paroli geboten und wieder gezeigt, dass wir gegen Top-Teams auf Augenh\u00f6he spielen k\u00f6nnen. In diesen knappen Spielen entscheiden oft die Kleinigkeiten \u2013 Sturm hat seine einzige Chance genutzt und wir unsere Gelegenheiten eben nicht. Nach dem Gezeigten w\u00fcrde ich trotzdem sagen, dass wir unverdient verloren haben. Gleichzeitig konnten wir sehen, woran wir arbeiten m\u00fcssen, wenn wir gegen die besten Teams der Liga auch Punkte mitnehmen wollen. Wir fokussieren uns auf unsere t\u00e4gliche Arbeit und werden st\u00e4rker zur\u00fcckkommen!\n<\/p>\n<\/div>\n","protected":false},"excerpt":{"rendered":"<p>FC Red Bull Salzburg Frauen gegen SK Sturm Graz, 0:1 Spieltag Frauen &#8211; Bundesliga, 6. Runde Datum 21. September 2025 Anpfiff 12Uhr Aufstellung Tor Michaela Fischer Verteidigung Laura Spinn &#8211; Theresa D&#8217;Angelo &#8211;Vina Crnoja &#8211;Greta Spinn Mittelfeld Sara Grabovac &#8211; Valentina Illinger &#8211; Sophia Schirmbrand Sturm &#8211; Emelie Kobler &#8211; Julia Gr\u00fcnwald &#8211; Aldina Hamzic [&hellip;]<\/p>\n","protected":false},"author":1,"featured_media":0,"comment_status":"open","ping_status":"open","sticky":false,"template":"","format":"standard","meta":{"footnotes":""},"categories":[1910],"tags":[],"class_list":["post-2420","post","type-post","status-publish","format-standard","hentry","category-6-runde-saison-2025"],"_links":{"self":[{"href":"https:\/\/wiki.s12.at\/index.php\/wp-json\/wp\/v2\/posts\/2420","targetHints":{"allow":["GET"]}}],"collection":[{"href":"https:\/\/wiki.s12.at\/index.php\/wp-json\/wp\/v2\/posts"}],"about":[{"href":"https:\/\/wiki.s12.at\/index.php\/wp-json\/wp\/v2\/types\/post"}],"author":[{"embeddable":true,"href":"https:\/\/wiki.s12.at\/index.php\/wp-json\/wp\/v2\/users\/1"}],"replies":[{"embeddable":true,"href":"https:\/\/wiki.s12.at\/index.php\/wp-json\/wp\/v2\/comments?post=2420"}],"version-history":[{"count":0,"href":"https:\/\/wiki.s12.at\/index.php\/wp-json\/wp\/v2\/posts\/2420\/revisions"}],"wp:attachment":[{"href":"https:\/\/wiki.s12.at\/index.php\/wp-json\/wp\/v2\/media?parent=2420"}],"wp:term":[{"taxonomy":"category","embeddable":true,"href":"https:\/\/wiki.s12.at\/index.php\/wp-json\/wp\/v2\/categories?post=2420"},{"taxonomy":"post_tag","embeddable":true,"href":"https:\/\/wiki.s12.at\/index.php\/wp-json\/wp\/v2\/tags?post=2420"}],"curies":[{"name":"wp","href":"https:\/\/api.w.org\/{rel}","templated":true}]}}