{"id":2407,"date":"2026-05-06T14:33:36","date_gmt":"2026-05-06T12:33:36","guid":{"rendered":"https:\/\/wiki.s12.at\/index.php\/2026\/05\/06\/5-runde-saison-2022-23-sku-amstetten-gegen-fc-liefering\/"},"modified":"2026-05-06T14:33:36","modified_gmt":"2026-05-06T12:33:36","slug":"5-runde-saison-2022-23-sku-amstetten-gegen-fc-liefering","status":"publish","type":"post","link":"https:\/\/wiki.s12.at\/index.php\/2026\/05\/06\/5-runde-saison-2022-23-sku-amstetten-gegen-fc-liefering\/","title":{"rendered":"23, SKU Amstetten gegen FC Liefering"},"content":{"rendered":"<div class=\"mw-parser-output\">\n<table class=\"toptextcells toccolours\">\n<tbody>\n<tr>\n<th colspan=\"2\" style=\"text-align: center; vertical-align: top; padding: 0.3em 0.8em; font-size: 125%; background-color: lightsteelblue;\">SKU Amstetten gegen FC Liefering, 1:0\n<\/th>\n<\/tr>\n<tr>\n<th style=\"text-align:left;\"><b>Spieltag<\/b>\n<\/th>\n<th style=\"text-align:left;\">2. Liga 5. Runde\n<\/th>\n<\/tr>\n<tr>\n<th style=\"text-align:left;\"><b>Datum<\/b>\n<\/th>\n<th style=\"text-align:left;\">19. August 2022\n<\/th>\n<\/tr>\n<tr>\n<th style=\"text-align:left;\"><b>Anpfiff<\/b>\n<\/th>\n<th style=\"text-align:left;\">18.10  Uhr\n<\/th>\n<\/tr>\n<tr>\n<td colspan=\"2\" style=\"text-align:center;\" bgcolor=\"lightgray\"><b>Aufstellung<\/b>\n<\/td>\n<\/tr>\n<tr>\n<th style=\"text-align:left;\"><b>Tor<\/b>\n<\/th>\n<th><a href=\"\/Jonas_Krumrey\" title=\"Jonas Krumrey\">Jonas Krumrey <\/a>\n<\/th>\n<\/tr>\n<tr>\n<th style=\"text-align:left;\"><b>Verteidigung<\/b>\n<\/th>\n<th><a href=\"\/Benjamin_Atiabou\" title=\"Benjamin Atiabou\">Benjamin Atiabou<\/a> &#8211; <a href=\"\/Marcel_Moswitzer\" title=\"Marcel Moswitzer\">Marcel Moswitzer <\/a>  &#8211;<a href=\"\/Samson_Baidoo\" title=\"Samson Baidoo\">Samson Baidoo<\/a>  &#8211;  <a href=\"\/Mario_Pejazic\" title=\"Mario Pejazic\">Mario Pejazic <\/a>\n<\/th>\n<\/tr>\n<tr>\n<th style=\"text-align:left;\"><b>Mittelfeld<\/b>\n<\/th>\n<th><a href=\"\/Tolgahan_Sahin\" title=\"Tolgahan Sahin\">Tolgahan Sahin<\/a> &#8211; <a href=\"\/Lawrence_Agyekum\" title=\"Lawrence Agyekum\">Lawrence Agyekum<\/a> &#8211; <a href=\"\/Dominik_Lechner\" title=\"Dominik Lechner\">Dominik Lechner<\/a> &#8211; <a href=\"\/Moussa_Kounfolo_Yeo\" title=\"Moussa Kounfolo Yeo\">Moussa Kounfolo Yeo<\/a>\n<\/th>\n<\/tr>\n<tr>\n<th style=\"text-align:left;\"><b>Sturm<\/b>\n<\/th>\n<th><a href=\"\/Elias_Havel\" title=\"Elias Havel\">Elias Havel<\/a> &#8211; <a href=\"\/Karim_Konate\" title=\"Karim Konate\">Karim Konate<\/a>\n<\/th>\n<\/tr>\n<tr>\n<td colspan=\"2\" style=\"text-align:center;\" bgcolor=\"lightgray\"><b>Wechsel<\/b>\n<\/td>\n<\/tr>\n<tr>\n<th style=\"text-align:left;\"><b>Wechsel<\/b>\n<\/th>\n<th style=\"text-align:left;\"><a href=\"\/Tim_Paumgartner\" title=\"Tim Paumgartner\">Tim Paumgartner<\/a> f\u00fcr Lechner (60.), <a href=\"\/Oumar_Diakite\" title=\"Oumar Diakite\">Oumar Diakite<\/a> f\u00fcr Havel (60.), <a href=\"\/Zeteny_Jano\" title=\"Zeteny Jano\">Zeteny Jano<\/a> f\u00fcr Yeo (78.),<br \/> <a href=\"\/Marcell_Berki\" title=\"Marcell Berki\">Marcell Berki<\/a> f\u00fcr Atiabou (89.), <a href=\"\/Sandro-Luca_Molnar\" title=\"Sandro-Luca Molnar\">Sandro-Luca Molnar<\/a> f\u00fcr Sahin (89.)\n<\/th>\n<\/tr>\n<tr>\n<td colspan=\"2\" style=\"text-align:center;\" bgcolor=\"lightgray\"><b>Statistik<\/b>\n<\/td>\n<\/tr>\n<tr>\n<th style=\"text-align:left;\"><b>Endstand<\/b>\n<\/th>\n<th style=\"text-align:left;\">1:0 (0:0)\n<\/th>\n<\/tr>\n<tr>\n<th style=\"text-align:left;\"><b>Torsch\u00fctzen<\/b>\n<\/th>\n<th style=\"text-align:left;\">Paumgartner (85., ET.)\n<\/th>\n<\/tr>\n<tr>\n<th style=\"text-align:left;\"><b>Gelbe Karten<\/b>\n<\/th>\n<th style=\"text-align:left;\">Offenthaler (58.); Sahin (37.)\n<\/th>\n<\/tr>\n<tr>\n<th style=\"text-align:left;\"><b>Rote Karten<\/b>\n<\/th>\n<th style=\"text-align:left;\">\n<\/th>\n<\/tr>\n<tr>\n<th style=\"text-align:left;\"><b>Schiedsrichter<\/b>\n<\/th>\n<th style=\"text-align:left;\">Alexander Harkam\n<\/th>\n<\/tr>\n<tr>\n<th style=\"text-align:left;\"><b>Stadion<\/b>\n<\/th>\n<th style=\"text-align:left;\">Ertl Glas-Stadion, Amstetten\n<\/th>\n<\/tr>\n<tr>\n<th style=\"text-align:left;\"><b>Zuschauer<\/b>\n<\/th>\n<th style=\"text-align:left;\">920\n<\/th>\n<\/tr>\n<\/tbody>\n<\/table>\n<h2><span class=\"mw-headline\" id=\"Spielbericht\">Spielbericht<\/span><a href=\"\/index.php?title=5._Runde,_Saison_2022\/23,_SKU_Amstetten_gegen_FC_Liefering&amp;action=edit&amp;section=1\" title=\"Abschnitt bearbeiten: Spielbericht\">Bearbeiten<\/a><span class=\"mw-editsection-bracket\">]<\/span><\/span><\/h2>\n<p><a rel=\"nofollow\" class=\"external text\" href=\"https:\/\/www.fc-liefering.at\/de\/fc-liefering\/news\/saison_2022_23\/ligaspiel-amstetten-runde-5.html\">Spielbericht Vereinshomepage<\/a>\n<\/p>\n<h2><span class=\"mw-headline\" id=\"Stimmen_zum_Spiel\">Stimmen zum Spiel<\/span><a href=\"\/index.php?title=5._Runde,_Saison_2022\/23,_SKU_Amstetten_gegen_FC_Liefering&amp;action=edit&amp;section=2\" title=\"Abschnitt bearbeiten: Stimmen zum Spiel\">Bearbeiten<\/a><span class=\"mw-editsection-bracket\">]<\/span><\/span><\/h2>\n<p><b>Fabio Ingolitsch:<\/b>  Wir haben eine fantastische erste Halbzeit absolviert, haben den Gegner total dominiert und uns viele gute Torm\u00f6glichkeiten herausgespielt. Nur haben wir es da verabs\u00e4umt, das Spiel vorzeitig zu entscheiden. Die zweite Halbzeit war ausgeglichen, leider haben wir einen Ungl\u00fccksvogel gehabt, der den Ball ins eigene Tor schie\u00dft. Wenn man die Tore nicht macht, kann man kein Spiel gewinnen. Wir machen einen Prozess der Entwicklung durch, und der ist sehr positiv, wenn man sich anschaut, wie wir das erste Spiel gegen die Young Violets bestritten haben.\n<\/p>\n<\/div>\n","protected":false},"excerpt":{"rendered":"<p>SKU Amstetten gegen FC Liefering, 1:0 Spieltag 2. Liga 5. Runde Datum 19. August 2022 Anpfiff 18.10 Uhr Aufstellung Tor Jonas Krumrey Verteidigung Benjamin Atiabou &#8211; Marcel Moswitzer &#8211;Samson Baidoo &#8211; Mario Pejazic Mittelfeld Tolgahan Sahin &#8211; Lawrence Agyekum &#8211; Dominik Lechner &#8211; Moussa Kounfolo Yeo Sturm Elias Havel &#8211; Karim Konate Wechsel Wechsel Tim [&hellip;]<\/p>\n","protected":false},"author":1,"featured_media":0,"comment_status":"open","ping_status":"open","sticky":false,"template":"","format":"standard","meta":{"footnotes":""},"categories":[1901],"tags":[],"class_list":["post-2407","post","type-post","status-publish","format-standard","hentry","category-5-runde-saison-2022"],"_links":{"self":[{"href":"https:\/\/wiki.s12.at\/index.php\/wp-json\/wp\/v2\/posts\/2407","targetHints":{"allow":["GET"]}}],"collection":[{"href":"https:\/\/wiki.s12.at\/index.php\/wp-json\/wp\/v2\/posts"}],"about":[{"href":"https:\/\/wiki.s12.at\/index.php\/wp-json\/wp\/v2\/types\/post"}],"author":[{"embeddable":true,"href":"https:\/\/wiki.s12.at\/index.php\/wp-json\/wp\/v2\/users\/1"}],"replies":[{"embeddable":true,"href":"https:\/\/wiki.s12.at\/index.php\/wp-json\/wp\/v2\/comments?post=2407"}],"version-history":[{"count":0,"href":"https:\/\/wiki.s12.at\/index.php\/wp-json\/wp\/v2\/posts\/2407\/revisions"}],"wp:attachment":[{"href":"https:\/\/wiki.s12.at\/index.php\/wp-json\/wp\/v2\/media?parent=2407"}],"wp:term":[{"taxonomy":"category","embeddable":true,"href":"https:\/\/wiki.s12.at\/index.php\/wp-json\/wp\/v2\/categories?post=2407"},{"taxonomy":"post_tag","embeddable":true,"href":"https:\/\/wiki.s12.at\/index.php\/wp-json\/wp\/v2\/tags?post=2407"}],"curies":[{"name":"wp","href":"https:\/\/api.w.org\/{rel}","templated":true}]}}