{"id":2404,"date":"2026-05-06T14:33:33","date_gmt":"2026-05-06T12:33:33","guid":{"rendered":"https:\/\/wiki.s12.at\/index.php\/2026\/05\/06\/5-runde-saison-2021-22-fc-red-bull-salzburg-gegen-sk-austria-klagenfurt\/"},"modified":"2026-05-06T14:33:33","modified_gmt":"2026-05-06T12:33:33","slug":"5-runde-saison-2021-22-fc-red-bull-salzburg-gegen-sk-austria-klagenfurt","status":"publish","type":"post","link":"https:\/\/wiki.s12.at\/index.php\/2026\/05\/06\/5-runde-saison-2021-22-fc-red-bull-salzburg-gegen-sk-austria-klagenfurt\/","title":{"rendered":"22, FC Red Bull Salzburg gegen SK Austria Klagenfurt"},"content":{"rendered":"<div class=\"mw-parser-output\">\n<table class=\"toptextcells toccolours\">\n<tbody>\n<tr>\n<th colspan=\"2\" style=\"text-align: center; vertical-align: top; padding: 0.3em 0.8em; font-size: 125%; background-color: lightsteelblue;\">FC Red Bull Salzburg gegen SK Austria Klagenfurt, 3:1\n<\/th>\n<\/tr>\n<tr>\n<th style=\"text-align:left;\"><b>Spieltag<\/b>\n<\/th>\n<th style=\"text-align:left;\">Bundesliga 5. Runde\n<\/th>\n<\/tr>\n<tr>\n<th style=\"text-align:left;\"><b>Datum<\/b>\n<\/th>\n<th style=\"text-align:left;\">21. August 2021\n<\/th>\n<\/tr>\n<tr>\n<th style=\"text-align:left;\"><b>Anpfiff<\/b>\n<\/th>\n<th style=\"text-align:left;\">17  Uhr\n<\/th>\n<\/tr>\n<tr>\n<td colspan=\"2\" style=\"text-align:center;\" bgcolor=\"lightgray\"><b>Aufstellung<\/b>\n<\/td>\n<\/tr>\n<tr>\n<th style=\"text-align:left;\"><b>Tor<\/b>\n<\/th>\n<th><a href=\"\/Philipp_K%C3%B6hn\" title=\"Philipp K\u00f6hn\">Philipp K\u00f6hn <\/a>\n<\/th>\n<\/tr>\n<tr>\n<th style=\"text-align:left;\"><b>Verteidigung<\/b>\n<\/th>\n<th><a href=\"\/Bernardo\" title=\"Bernardo\">Bernardo<\/a> &#8211; <a href=\"\/Oumar_Solet\" title=\"Oumar Solet\">Oumar Solet<\/a> &#8211; <a href=\"\/Kamil_Piatkowski\" title=\"Kamil Piatkowski\">Kamil Piatkowski<\/a> &#8211; <a href=\"\/Rasmus_Kristensen\" title=\"Rasmus Kristensen\">Rasmus Kristensen<\/a>\n<\/th>\n<\/tr>\n<tr>\n<th style=\"text-align:left;\"><b>Mittelfeld<\/b>\n<\/th>\n<th><a href=\"\/Mohamed_Camara\" title=\"Mohamed Camara\">Mohamed Camara<\/a> &#8211; <a href=\"\/Nicolas_Capaldo\" title=\"Nicolas Capaldo\">Nicolas Capaldo<\/a> &#8211; <a href=\"\/Antoine_Bernede\" title=\"Antoine Bernede\">Antoine Bernede<\/a> &#8211; <a href=\"\/Brenden_Aaronson\" title=\"Brenden Aaronson\">Brenden Aaronson<\/a>\n<\/th>\n<\/tr>\n<tr>\n<th style=\"text-align:left;\"><b>Sturm<\/b>\n<\/th>\n<th><a href=\"\/Karim_Adeyemi\" title=\"Karim Adeyemi\">Karim Adeyemi<\/a> &#8211; <a href=\"\/Noah_Okafor\" title=\"Noah Okafor\">Noah Okafor<\/a>\n<\/th>\n<\/tr>\n<tr>\n<td colspan=\"2\" style=\"text-align:center;\" bgcolor=\"lightgray\"><b>Wechsel<\/b>\n<\/td>\n<\/tr>\n<tr>\n<th style=\"text-align:left;\"><b>Wechsel<\/b>\n<\/th>\n<th style=\"text-align:left;\"><a href=\"\/Nicolas_Seiwald\" title=\"Nicolas Seiwald\">Nicolas Seiwald<\/a> f\u00fcr Camara (46.), <a href=\"\/Maurits_Kjaergaard\" title=\"Maurits Kjaergaard\">Maurits Kjaergaard<\/a> f\u00fcr Bernede (46.), <a href=\"\/Benjamin_Sesko\" class=\"mw-redirect\" title=\"Benjamin Sesko\">Benjamin Sesko<\/a> f\u00fcr Okafor (61.), <br \/><a href=\"\/Mergim_Berisha\" title=\"Mergim Berisha\">Mergim Berisha<\/a> f\u00fcr Adeyemi (70.), <a href=\"\/Andreas_Ulmer\" title=\"Andreas Ulmer\">Andreas Ulmer<\/a> f\u00fcr Capaldo (83.)\n<\/th>\n<\/tr>\n<tr>\n<td colspan=\"2\" style=\"text-align:center;\" bgcolor=\"lightgray\"><b>Statistik<\/b>\n<\/td>\n<\/tr>\n<tr>\n<th style=\"text-align:left;\"><b>Endstand<\/b>\n<\/th>\n<th style=\"text-align:left;\">3:1 (1:1)\n<\/th>\n<\/tr>\n<tr>\n<th style=\"text-align:left;\"><b>Torsch\u00fctzen<\/b>\n<\/th>\n<th style=\"text-align:left;\">Adeyemi (3.), Berisha (70.), Kristensen (84.); Timossi Andersson (14.)\n<\/th>\n<\/tr>\n<tr>\n<th style=\"text-align:left;\"><b>Gelbe Karten<\/b>\n<\/th>\n<th style=\"text-align:left;\">Capaldo (47.); Wimmer (18.), Mahrer (52.), Pink (69.), Wimmer (73.)\n<\/th>\n<\/tr>\n<tr>\n<th style=\"text-align:left;\"><b>Rote Karten<\/b>\n<\/th>\n<th style=\"text-align:left;\">\n<\/th>\n<\/tr>\n<tr>\n<th style=\"text-align:left;\"><b>Schiedsrichter<\/b>\n<\/th>\n<th style=\"text-align:left;\">Julian Weinberger\n<\/th>\n<\/tr>\n<tr>\n<th style=\"text-align:left;\"><b>Stadion<\/b>\n<\/th>\n<th style=\"text-align:left;\">EM-Stadion, Wals-Siezenheim\n<\/th>\n<\/tr>\n<tr>\n<th style=\"text-align:left;\"><b>Zuschauer<\/b>\n<\/th>\n<th style=\"text-align:left;\">8 600\n<\/th>\n<\/tr>\n<\/tbody>\n<\/table>\n<h2><span class=\"mw-headline\" id=\"Spielbericht\">Spielbericht<\/span><a href=\"\/index.php?title=5._Runde,_Saison_2021\/22,_FC_Red_Bull_Salzburg_gegen_SK_Austria_Klagenfurt&amp;action=edit&amp;section=1\" title=\"Abschnitt bearbeiten: Spielbericht\">Bearbeiten<\/a><span class=\"mw-editsection-bracket\">]<\/span><\/span><\/h2>\n<p><a rel=\"nofollow\" class=\"external text\" href=\"https:\/\/www.redbullsalzburg.at\/de\/fc-red-bull-salzburg\/news\/saison_2021_22\/blitzcomeback-zum-naechsten-dreier.html\">Spielbericht Vereinshomepage<\/a>\n<\/p>\n<h2><span class=\"mw-headline\" id=\"Bilder\">Bilder<\/span><a href=\"\/index.php?title=5._Runde,_Saison_2021\/22,_FC_Red_Bull_Salzburg_gegen_SK_Austria_Klagenfurt&amp;action=edit&amp;section=2\" title=\"Abschnitt bearbeiten: Bilder\">Bearbeiten<\/a><span class=\"mw-editsection-bracket\">]<\/span><\/span><\/h2>\n<p><img alt=\"\" src=\"\/images\/thumb\/4\/4a\/Commons-logo.svg\/langde-20px-Commons-logo.svg.png%3Futm_source%3Dcommons.wikimedia.org%26utm_campaign%3Dimageinfo%26utm_content%3Dthumbnail\" decoding=\"async\" title=\"Commons\" width=\"12\" height=\"16\" srcset=\"\/images\/thumb\/4\/4a\/Commons-logo.svg\/langde-40px-Commons-logo.svg.png%3Futm_source%3Dcommons.wikimedia.org%26utm_campaign%3Dimageinfo%26utm_content%3Dthumbnail 2x\" \/>&#160;<b><a href=\"http:\/\/commons.wikimedia.org\/wiki\/Category:FC_RB_Salzburg_gegen_SK_Austria_Klagenfurt_(21._August_2021)\" class=\"extiw\" title=\"commons:Category:FC RB Salzburg gegen SK Austria Klagenfurt (21. August 2021)\">5. Runde, Saison 2021\/22, FC Red Bull Salzburg gegen SK Austria Klagenfurt<\/a><\/b>&#160;\u2013 Sammlung von Bildern, Videos und Audiodateien auf <a href=\"\/Wikimedia_Commons\" title=\"Wikimedia Commons\">Wikimedia Commons<\/a>\n<\/p>\n<h2><span class=\"mw-headline\" id=\"Stimmen_zum_Spiel\">Stimmen zum Spiel<\/span><a href=\"\/index.php?title=5._Runde,_Saison_2021\/22,_FC_Red_Bull_Salzburg_gegen_SK_Austria_Klagenfurt&amp;action=edit&amp;section=3\" title=\"Abschnitt bearbeiten: Stimmen zum Spiel\">Bearbeiten<\/a><span class=\"mw-editsection-bracket\">]<\/span><\/span><\/h2>\n<p><b>Matthias Jaissle: <\/b> Wir haben von Anfang an unsere Sache sehr gut gemacht. Wir h\u00e4tten das zweite und dritte Tor machen m\u00fcssen. Das haben wir nicht gemacht und dann wird es nat\u00fcrlich immer gef\u00e4hrlich. Umschalten nach einer Ecke, das darf nat\u00fcrlich nicht passieren. Dann war es schwierig, weil sie tief gestanden sind. Wir suchten nach einer L\u00f6sung, schlie\u00dflich war\u2018s ein sehr, sehr verdienter Sieg!\n<\/p>\n<p><b>Mergim Berisha:<\/b> Ich bin froh, dass ich der Mannschaft mit meinem Tor helfen konnte! Es war keine einfache Zeit f\u00fcr mich, ich war lange drau\u00dfen. Aber ich habe mich nat\u00fcrlich gut vorbereitet auf solche Momente. Ich wei\u00df, dass ich Freist\u00f6\u00dfe schie\u00dfen kann und dass es eine gute Position f\u00fcr mich war. Ich habe auf der Bank gesagt, sie sollen mich f\u00fcr diesen Ball einwechseln, daf\u00fcr habe ich ihnen etwas zur\u00fcckgegeben.\n<\/p>\n<\/div>\n","protected":false},"excerpt":{"rendered":"<p>FC Red Bull Salzburg gegen SK Austria Klagenfurt, 3:1 Spieltag Bundesliga 5. Runde Datum 21. August 2021 Anpfiff 17 Uhr Aufstellung Tor Philipp K\u00f6hn Verteidigung Bernardo &#8211; Oumar Solet &#8211; Kamil Piatkowski &#8211; Rasmus Kristensen Mittelfeld Mohamed Camara &#8211; Nicolas Capaldo &#8211; Antoine Bernede &#8211; Brenden Aaronson Sturm Karim Adeyemi &#8211; Noah Okafor Wechsel Wechsel [&hellip;]<\/p>\n","protected":false},"author":1,"featured_media":0,"comment_status":"open","ping_status":"open","sticky":false,"template":"","format":"standard","meta":{"footnotes":""},"categories":[1900],"tags":[],"class_list":["post-2404","post","type-post","status-publish","format-standard","hentry","category-5-runde-saison-2021"],"_links":{"self":[{"href":"https:\/\/wiki.s12.at\/index.php\/wp-json\/wp\/v2\/posts\/2404","targetHints":{"allow":["GET"]}}],"collection":[{"href":"https:\/\/wiki.s12.at\/index.php\/wp-json\/wp\/v2\/posts"}],"about":[{"href":"https:\/\/wiki.s12.at\/index.php\/wp-json\/wp\/v2\/types\/post"}],"author":[{"embeddable":true,"href":"https:\/\/wiki.s12.at\/index.php\/wp-json\/wp\/v2\/users\/1"}],"replies":[{"embeddable":true,"href":"https:\/\/wiki.s12.at\/index.php\/wp-json\/wp\/v2\/comments?post=2404"}],"version-history":[{"count":0,"href":"https:\/\/wiki.s12.at\/index.php\/wp-json\/wp\/v2\/posts\/2404\/revisions"}],"wp:attachment":[{"href":"https:\/\/wiki.s12.at\/index.php\/wp-json\/wp\/v2\/media?parent=2404"}],"wp:term":[{"taxonomy":"category","embeddable":true,"href":"https:\/\/wiki.s12.at\/index.php\/wp-json\/wp\/v2\/categories?post=2404"},{"taxonomy":"post_tag","embeddable":true,"href":"https:\/\/wiki.s12.at\/index.php\/wp-json\/wp\/v2\/tags?post=2404"}],"curies":[{"name":"wp","href":"https:\/\/api.w.org\/{rel}","templated":true}]}}