{"id":2402,"date":"2026-05-06T14:33:32","date_gmt":"2026-05-06T12:33:32","guid":{"rendered":"https:\/\/wiki.s12.at\/index.php\/2026\/05\/06\/5-runde-saison-2020-21-fc-liefering-gegen-grazer-ak-1902\/"},"modified":"2026-05-06T14:33:32","modified_gmt":"2026-05-06T12:33:32","slug":"5-runde-saison-2020-21-fc-liefering-gegen-grazer-ak-1902","status":"publish","type":"post","link":"https:\/\/wiki.s12.at\/index.php\/2026\/05\/06\/5-runde-saison-2020-21-fc-liefering-gegen-grazer-ak-1902\/","title":{"rendered":"21, FC Liefering gegen Grazer AK 1902"},"content":{"rendered":"<div class=\"mw-parser-output\">\n<h2><span class=\"mw-headline\" id=\"Fakten\">Fakten<\/span><a href=\"\/index.php?title=5._Runde,_Saison_2020\/21,_FC_Liefering_gegen_Grazer_AK_1902&amp;action=edit&amp;section=1\" title=\"Abschnitt bearbeiten: Fakten\">Bearbeiten<\/a><span class=\"mw-editsection-bracket\">]<\/span><\/span><\/h2>\n<table class=\"toptextcells toccolours\">\n<tbody>\n<tr>\n<th colspan=\"2\" style=\"text-align: center; vertical-align: top; padding: 0.3em 0.8em; font-size: 125%; background-color: lightsteelblue;\">FC Liefering gegen GAK, 1:1\n<\/th>\n<\/tr>\n<tr>\n<th style=\"text-align:left;\"><b>Spieltag<\/b>\n<\/th>\n<th style=\"text-align:left;\">2. Liga-5. Runde\n<\/th>\n<\/tr>\n<tr>\n<th style=\"text-align:left;\"><b>Datum<\/b>\n<\/th>\n<th style=\"text-align:left;\">2. Oktober 2020\n<\/th>\n<\/tr>\n<tr>\n<th style=\"text-align:left;\"><b>Anpfiff<\/b>\n<\/th>\n<th style=\"text-align:left;\">18.30 Uhr\n<\/th>\n<\/tr>\n<tr>\n<td colspan=\"2\" style=\"text-align:center;\" bgcolor=\"lightgray\"><b>Aufstellung<\/b>\n<\/td>\n<\/tr>\n<tr>\n<th style=\"text-align:left;\"><b>Tor<\/b>\n<\/th>\n<th><a href=\"\/Daniel_Antosch\" title=\"Daniel Antosch\">Daniel Antosch<\/a>\n<\/th>\n<\/tr>\n<tr>\n<th style=\"text-align:left;\"><b>Verteidigung<\/b>\n<\/th>\n<th><a href=\"\/Amar_Dedic\" title=\"Amar Dedic\">Amar Dedic<\/a> &#8211; <a href=\"\/David_Affengruber\" title=\"David Affengruber\">David Affengruber<\/a> &#8211; <a href=\"\/Alois_Oroz\" title=\"Alois Oroz\">Alois Oroz<\/a> &#8211; <a href=\"\/Samuel_Major\" title=\"Samuel Major\">Samuel Major<\/a>\n<\/th>\n<\/tr>\n<tr>\n<th style=\"text-align:left;\"><b>Mittelfeld<\/b>\n<\/th>\n<th><a href=\"\/Nicolas_Seiwald\" title=\"Nicolas Seiwald\">Nicolas Seiwald<\/a> &#8211; <a href=\"\/Maurits_Kjaergaard\" title=\"Maurits Kjaergaard\">Maurits Kjaergaard<\/a> &#8211; <a href=\"\/Luka_Sucic\" title=\"Luka Sucic\">Luka Sucic<\/a> &#8211; <a href=\"\/Sebastian_Aigner\" title=\"Sebastian Aigner\">Sebastian Aigner<\/a>\n<\/th>\n<\/tr>\n<tr>\n<th style=\"text-align:left;\"><b>Sturm<\/b>\n<\/th>\n<th><a href=\"\/Junior_Adamu\" class=\"mw-redirect\" title=\"Junior Adamu\">Junior Adamu<\/a> &#8211; <a href=\"\/Alexander_Prass\" title=\"Alexander Prass\">Alexander Prass<\/a>\n<\/th>\n<\/tr>\n<tr>\n<td colspan=\"2\" style=\"text-align:center;\" bgcolor=\"lightgray\"><b>Wechsel<\/b>\n<\/td>\n<\/tr>\n<tr>\n<th style=\"text-align:left;\"><b>Wechsel<\/b>\n<\/th>\n<th style=\"text-align:left;\"><a href=\"\/Benjamin_Sesko\" class=\"mw-redirect\" title=\"Benjamin Sesko\">Benjamin Sesko<\/a> f\u00fcr Kjaergaard (46.), <a href=\"\/Mamadou_Sangare\" title=\"Mamadou Sangare\">Mamadou Sangare<\/a> f\u00fcr Prass (58.), <a href=\"\/Luka_Reischl\" title=\"Luka Reischl\">Luka Reischl<\/a> f\u00fcr Sesko (83.), <br \/><a href=\"\/Wallison\" title=\"Wallison\">Wallison<\/a> f\u00fcr Major (58.), <a href=\"\/Antonin_Svoboda\" title=\"Antonin Svoboda\">Antonin Svoboda<\/a> f\u00fcr Adamu (83.)\n<\/th>\n<\/tr>\n<tr>\n<td colspan=\"2\" style=\"text-align:center;\" bgcolor=\"lightgray\"><b>Statistik<\/b>\n<\/td>\n<\/tr>\n<tr>\n<th style=\"text-align:left;\"><b>Endstand<\/b>\n<\/th>\n<th style=\"text-align:left;\">1:1(0:0)\n<\/th>\n<\/tr>\n<tr>\n<th style=\"text-align:left;\"><b>Torsch\u00fctzen<\/b>\n<\/th>\n<th style=\"text-align:left;\">Adamu (69.); Harrer (93., E.)\n<\/th>\n<\/tr>\n<tr>\n<th style=\"text-align:left;\"><b>Gelbe Karten<\/b>\n<\/th>\n<th style=\"text-align:left;\">Aigner (20.\/Foul), Wallison (62.), Affengruber (89.), Seiwald (93.);Nutz (78.), Kozissnik (85.)\n<\/th>\n<\/tr>\n<tr>\n<th style=\"text-align:left;\"><b>Rote Karten<\/b>\n<\/th>\n<th style=\"text-align:left;\">gelb-rote Karte:Wallison (92.)\n<\/th>\n<\/tr>\n<tr>\n<th style=\"text-align:left;\"><b>Schiedsrichter<\/b>\n<\/th>\n<th style=\"text-align:left;\">Achim Untergasser\n<\/th>\n<\/tr>\n<tr>\n<th style=\"text-align:left;\"><b>Stadion<\/b>\n<\/th>\n<th style=\"text-align:left;\">Untersbergarena, Gr\u00f6dig\n<\/th>\n<\/tr>\n<tr>\n<th style=\"text-align:left;\"><b>Zuschauer<\/b>\n<\/th>\n<th style=\"text-align:left;\">236\n<\/th>\n<\/tr>\n<\/tbody>\n<\/table>\n<h2><span class=\"mw-headline\" id=\"Stimmen_zum_Spiel\">Stimmen zum Spiel<\/span><a href=\"\/index.php?title=5._Runde,_Saison_2020\/21,_FC_Liefering_gegen_Grazer_AK_1902&amp;action=edit&amp;section=2\" title=\"Abschnitt bearbeiten: Stimmen zum Spiel\">Bearbeiten<\/a><span class=\"mw-editsection-bracket\">]<\/span><\/span><\/h2>\n<ul>\n<li><b>Bo Svensson<\/b>:  Ein sehr bitteres Ende! Inhaltlich muss man sagen, dass die erste Halbzeit nicht in Ordnung war, weit unter den Erwartungen, die wir haben. Der zweite Durchgang war k\u00e4mpferisch besser. In den letzten zehn Minuten geraten wir unn\u00f6tig unter Druck, kl\u00e4ren die Dinger einfach nicht gut genug. So m\u00fcssen wir viele Standards und Flanken verteidigen. Der Elfer basiert dann auf Zufall. Wenn wir auf unsere Leistung schauen, dann m\u00fcssen wir ein paar Sachen kritisch ansprechen. Das werden wir auch machen.<\/li>\n<\/ul>\n<h2><span class=\"mw-headline\" id=\"Weblinks\">Weblinks<\/span><a href=\"\/index.php?title=5._Runde,_Saison_2020\/21,_FC_Liefering_gegen_Grazer_AK_1902&amp;action=edit&amp;section=3\" title=\"Abschnitt bearbeiten: Weblinks\">Bearbeiten<\/a><span class=\"mw-editsection-bracket\">]<\/span><\/span><\/h2>\n<ul>\n<li><a rel=\"nofollow\" class=\"external text\" href=\"https:\/\/www.fc-liefering.at\/de\/fc-liefering\/news\/saison_2020_21\/last-minute-daempfer-kostet-volle-punktzahl.html\">Spielbericht Vereinshomepage<\/a><\/li>\n<\/ul>\n<\/div>\n","protected":false},"excerpt":{"rendered":"<p>FaktenBearbeiten] FC Liefering gegen GAK, 1:1 Spieltag 2. Liga-5. Runde Datum 2. Oktober 2020 Anpfiff 18.30 Uhr Aufstellung Tor Daniel Antosch Verteidigung Amar Dedic &#8211; David Affengruber &#8211; Alois Oroz &#8211; Samuel Major Mittelfeld Nicolas Seiwald &#8211; Maurits Kjaergaard &#8211; Luka Sucic &#8211; Sebastian Aigner Sturm Junior Adamu &#8211; Alexander Prass Wechsel Wechsel Benjamin Sesko [&hellip;]<\/p>\n","protected":false},"author":1,"featured_media":0,"comment_status":"open","ping_status":"open","sticky":false,"template":"","format":"standard","meta":{"footnotes":""},"categories":[1899],"tags":[],"class_list":["post-2402","post","type-post","status-publish","format-standard","hentry","category-5-runde-saison-2020"],"_links":{"self":[{"href":"https:\/\/wiki.s12.at\/index.php\/wp-json\/wp\/v2\/posts\/2402","targetHints":{"allow":["GET"]}}],"collection":[{"href":"https:\/\/wiki.s12.at\/index.php\/wp-json\/wp\/v2\/posts"}],"about":[{"href":"https:\/\/wiki.s12.at\/index.php\/wp-json\/wp\/v2\/types\/post"}],"author":[{"embeddable":true,"href":"https:\/\/wiki.s12.at\/index.php\/wp-json\/wp\/v2\/users\/1"}],"replies":[{"embeddable":true,"href":"https:\/\/wiki.s12.at\/index.php\/wp-json\/wp\/v2\/comments?post=2402"}],"version-history":[{"count":0,"href":"https:\/\/wiki.s12.at\/index.php\/wp-json\/wp\/v2\/posts\/2402\/revisions"}],"wp:attachment":[{"href":"https:\/\/wiki.s12.at\/index.php\/wp-json\/wp\/v2\/media?parent=2402"}],"wp:term":[{"taxonomy":"category","embeddable":true,"href":"https:\/\/wiki.s12.at\/index.php\/wp-json\/wp\/v2\/categories?post=2402"},{"taxonomy":"post_tag","embeddable":true,"href":"https:\/\/wiki.s12.at\/index.php\/wp-json\/wp\/v2\/tags?post=2402"}],"curies":[{"name":"wp","href":"https:\/\/api.w.org\/{rel}","templated":true}]}}