{"id":2395,"date":"2026-05-06T14:33:26","date_gmt":"2026-05-06T12:33:26","guid":{"rendered":"https:\/\/wiki.s12.at\/index.php\/2026\/05\/06\/5-runde-saison-2016-17-fc-wacker-innsbruck-gegen-fc-liefering\/"},"modified":"2026-05-06T14:33:26","modified_gmt":"2026-05-06T12:33:26","slug":"5-runde-saison-2016-17-fc-wacker-innsbruck-gegen-fc-liefering","status":"publish","type":"post","link":"https:\/\/wiki.s12.at\/index.php\/2026\/05\/06\/5-runde-saison-2016-17-fc-wacker-innsbruck-gegen-fc-liefering\/","title":{"rendered":"17, FC Wacker Innsbruck gegen FC Liefering"},"content":{"rendered":"<div class=\"mw-parser-output\">\n<h2><span class=\"mw-headline\" id=\"Fakten\">Fakten<\/span><a href=\"\/index.php?title=5._Runde,_Saison_2016\/17,_FC_Wacker_Innsbruck_gegen_FC_Liefering&amp;action=edit&amp;section=1\" title=\"Abschnitt bearbeiten: Fakten\">Bearbeiten<\/a><span class=\"mw-editsection-bracket\">]<\/span><\/span><\/h2>\n<table class=\"toptextcells toccolours\">\n<tbody>\n<tr>\n<th colspan=\"2\" style=\"text-align: center; vertical-align: top; padding: 0.3em 0.8em; font-size: 125%; background-color: lightsteelblue;\">FC Wacker Innsbruck gegen FC Liefering, 1:1\n<\/th>\n<\/tr>\n<tr>\n<th style=\"text-align:left;\"><b>Spieltag<\/b>\n<\/th>\n<th style=\"text-align:left;\">SKY Go Erste Liga &#8211; 5. Spieltag\n<\/th>\n<\/tr>\n<tr>\n<th style=\"text-align:left;\"><b>Datum<\/b>\n<\/th>\n<th style=\"text-align:left;\">16. August 2016\n<\/th>\n<\/tr>\n<tr>\n<th style=\"text-align:left;\"><b>Anpfiff<\/b>\n<\/th>\n<th style=\"text-align:left;\">18.30 Uhr\n<\/th>\n<\/tr>\n<tr>\n<td colspan=\"2\" style=\"text-align:center;\" bgcolor=\"lightgray\"><b>Aufstellung<\/b>\n<\/td>\n<\/tr>\n<tr>\n<th style=\"text-align:left;\"><b>Tor<\/b>\n<\/th>\n<th><a href=\"\/Carlos_Miguel_Coronel\" title=\"Carlos Miguel Coronel\">Carlos Miguel Coronel<\/a>\n<\/th>\n<\/tr>\n<tr>\n<th style=\"text-align:left;\"><b>Verteidigung<\/b>\n<\/th>\n<th><a href=\"\/Sandro_Ingolitsch\" title=\"Sandro Ingolitsch\">Sandro Ingolitsch<\/a> &#8211; <a href=\"\/Igor\" class=\"mw-redirect\" title=\"Igor\">Igor<\/a> &#8211; <a href=\"\/Asger_S%C3%B6rensen\" title=\"Asger S\u00f6rensen\">Asger S\u00f6rensen<\/a> &#8211; <a href=\"\/Emir_Karic\" title=\"Emir Karic\">Emir Karic<\/a>\n<\/th>\n<\/tr>\n<tr>\n<th style=\"text-align:left;\"><b>Mittelfeld<\/b>\n<\/th>\n<th><a href=\"\/Amadou_Haidara\" title=\"Amadou Haidara\">Amadou Haidara<\/a>  &#8211; <a href=\"\/Oliver_Filip\" title=\"Oliver Filip\">Oliver Filip<\/a> &#8211;  <a href=\"\/Xaver_Schlager\" title=\"Xaver Schlager\">Xaver Schlager<\/a>  &#8211; <a href=\"\/Hannes_Wolf\" title=\"Hannes Wolf\">Hannes Wolf<\/a>\n<\/th>\n<\/tr>\n<tr>\n<th style=\"text-align:left;\"><b>Sturm<\/b>\n<\/th>\n<th><a href=\"\/Mergim_Berisha\" title=\"Mergim Berisha\">Mergim Berisha<\/a> &#8211; <a href=\"\/Samuel_Tetteh\" title=\"Samuel Tetteh\">Samuel Tetteh<\/a>\n<\/th>\n<\/tr>\n<tr>\n<td colspan=\"2\" style=\"text-align:center;\" bgcolor=\"lightgray\"><b>Wechsel<\/b>\n<\/td>\n<\/tr>\n<tr>\n<th style=\"text-align:left;\"><b>Wechsel<\/b>\n<\/th>\n<th style=\"text-align:left;\"><a href=\"\/Luan\" title=\"Luan\">Luan<\/a> f\u00fcr Sandro Ingolitsch (29.), <a href=\"\/Masaya_Okugawa\" title=\"Masaya Okugawa\">Masaya Okugawa<\/a> f\u00fcr Wolf (58.), <a href=\"\/Lorenz_Grabovac\" title=\"Lorenz Grabovac\">Lorenz Grabovac<\/a> f\u00fcr Filip (74.)\n<\/th>\n<\/tr>\n<tr>\n<td colspan=\"2\" style=\"text-align:center;\" bgcolor=\"lightgray\"><b>Statistik<\/b>\n<\/td>\n<\/tr>\n<tr>\n<th style=\"text-align:left;\"><b>Endstand<\/b>\n<\/th>\n<th style=\"text-align:left;\">1:1 (1:0)\n<\/th>\n<\/tr>\n<tr>\n<th style=\"text-align:left;\"><b>Torsch\u00fctzen<\/b>\n<\/th>\n<th style=\"text-align:left;\">Pirkl (9.); Berisha (65.)\n<\/th>\n<\/tr>\n<tr>\n<th style=\"text-align:left;\"><b>Gelbe Karten<\/b>\n<\/th>\n<th style=\"text-align:left;\">Haidara (91.)\n<\/th>\n<\/tr>\n<tr>\n<th style=\"text-align:left;\"><b>Rote Karten<\/b>\n<\/th>\n<th style=\"text-align:left;\">\n<\/th>\n<\/tr>\n<tr>\n<th style=\"text-align:left;\"><b>Schiedsrichter<\/b>\n<\/th>\n<th style=\"text-align:left;\">Alexander Harkam\n<\/th>\n<\/tr>\n<tr>\n<th style=\"text-align:left;\"><b>Stadion<\/b>\n<\/th>\n<th style=\"text-align:left;\">Tivoli, Innsbruck\n<\/th>\n<\/tr>\n<tr>\n<th style=\"text-align:left;\"><b>Zuschauer<\/b>\n<\/th>\n<th style=\"text-align:left;\">\n<\/th>\n<\/tr>\n<\/tbody>\n<\/table>\n<p>\n<\/p>\n<h2><span class=\"mw-headline\" id=\"Stimmen_vor_dem_Spiel\">Stimmen vor dem Spiel<\/span><a href=\"\/index.php?title=5._Runde,_Saison_2016\/17,_FC_Wacker_Innsbruck_gegen_FC_Liefering&amp;action=edit&amp;section=2\" title=\"Abschnitt bearbeiten: Stimmen vor dem Spiel\">Bearbeiten<\/a><span class=\"mw-editsection-bracket\">]<\/span><\/span><\/h2>\n<p><b>Thomas Letsch:<\/b>  Die Spiele gegen Wacker Innsbruck sind etwas Besonderes, zumal es immer einen gewissen Derby-Charakter hat, wenn Salzburg auf Innsbruck trifft. Wir freuen uns auf die Partie, da die letzten Spiele immer unter einer besonderen Atmosph\u00e4re ausgetragen wurden. Auch wenn Wacker Innsbruck nicht optimal gestartet ist, geh\u00f6ren sie f\u00fcr mich  weiterhin zu den Mannschaften, die um den Aufstieg spielen werden. Wir werden konzentriert an die Sache herangehen, haben in den letzten Wochen viel Selbstvertrauen getankt und m\u00f6chten auch in dieser Runde etwas Z\u00e4hlbares mitnehmen.\n<\/p>\n<\/div>\n","protected":false},"excerpt":{"rendered":"<p>FaktenBearbeiten] FC Wacker Innsbruck gegen FC Liefering, 1:1 Spieltag SKY Go Erste Liga &#8211; 5. Spieltag Datum 16. August 2016 Anpfiff 18.30 Uhr Aufstellung Tor Carlos Miguel Coronel Verteidigung Sandro Ingolitsch &#8211; Igor &#8211; Asger S\u00f6rensen &#8211; Emir Karic Mittelfeld Amadou Haidara &#8211; Oliver Filip &#8211; Xaver Schlager &#8211; Hannes Wolf Sturm Mergim Berisha &#8211; [&hellip;]<\/p>\n","protected":false},"author":1,"featured_media":0,"comment_status":"open","ping_status":"open","sticky":false,"template":"","format":"standard","meta":{"footnotes":""},"categories":[1895],"tags":[],"class_list":["post-2395","post","type-post","status-publish","format-standard","hentry","category-5-runde-saison-2016"],"_links":{"self":[{"href":"https:\/\/wiki.s12.at\/index.php\/wp-json\/wp\/v2\/posts\/2395","targetHints":{"allow":["GET"]}}],"collection":[{"href":"https:\/\/wiki.s12.at\/index.php\/wp-json\/wp\/v2\/posts"}],"about":[{"href":"https:\/\/wiki.s12.at\/index.php\/wp-json\/wp\/v2\/types\/post"}],"author":[{"embeddable":true,"href":"https:\/\/wiki.s12.at\/index.php\/wp-json\/wp\/v2\/users\/1"}],"replies":[{"embeddable":true,"href":"https:\/\/wiki.s12.at\/index.php\/wp-json\/wp\/v2\/comments?post=2395"}],"version-history":[{"count":0,"href":"https:\/\/wiki.s12.at\/index.php\/wp-json\/wp\/v2\/posts\/2395\/revisions"}],"wp:attachment":[{"href":"https:\/\/wiki.s12.at\/index.php\/wp-json\/wp\/v2\/media?parent=2395"}],"wp:term":[{"taxonomy":"category","embeddable":true,"href":"https:\/\/wiki.s12.at\/index.php\/wp-json\/wp\/v2\/categories?post=2395"},{"taxonomy":"post_tag","embeddable":true,"href":"https:\/\/wiki.s12.at\/index.php\/wp-json\/wp\/v2\/tags?post=2395"}],"curies":[{"name":"wp","href":"https:\/\/api.w.org\/{rel}","templated":true}]}}