{"id":2331,"date":"2026-05-06T14:32:32","date_gmt":"2026-05-06T12:32:32","guid":{"rendered":"https:\/\/wiki.s12.at\/index.php\/2026\/05\/06\/5-runde-regionalliga-west-saison-2012-13-fc-liefering-gegen-fc-kufstein\/"},"modified":"2026-05-06T14:32:32","modified_gmt":"2026-05-06T12:32:32","slug":"5-runde-regionalliga-west-saison-2012-13-fc-liefering-gegen-fc-kufstein","status":"publish","type":"post","link":"https:\/\/wiki.s12.at\/index.php\/2026\/05\/06\/5-runde-regionalliga-west-saison-2012-13-fc-liefering-gegen-fc-kufstein\/","title":{"rendered":"13, FC Liefering gegen FC Kufstein"},"content":{"rendered":"<div class=\"mw-parser-output\">\n<h3><span class=\"mw-headline\" id=\"Fakten\">Fakten<\/span><a href=\"\/index.php?title=5.Runde,_Regionalliga_West,_Saison_2012\/13,_FC_Liefering_gegen_FC_Kufstein&amp;action=edit&amp;section=1\" title=\"Abschnitt bearbeiten: Fakten\">Bearbeiten<\/a><span class=\"mw-editsection-bracket\">]<\/span><\/span><\/h3>\n<p><b>Regionalliga West- 5. Spieltag: 18. August 2012, 16 Uhr<\/b><br \/>\n\n<\/p>\n<table class=\"wikitable\">\n<caption><big>FC Liefering gegen FC Kufstein, 2:0<\/big><br \/>\n<\/caption>\n<tbody>\n<tr>\n<td>Aufstellung:<\/td>\n<td><a href=\"\/Thomas_D%C3%A4hne\" title=\"Thomas D\u00e4hne\">Thomas D\u00e4hne<\/a> <a href=\"\/Rene_Aufhauser\" class=\"mw-redirect\" title=\"Rene Aufhauser\">Rene Aufhauser<\/a> <a href=\"\/Arif_Sari\" title=\"Arif Sari\">Arif Sari<\/a> <a href=\"\/Stefan_Lainer\" title=\"Stefan Lainer\">Stefan Lainer<\/a> <a href=\"\/Emre_Uygur\" title=\"Emre Uygur\">Emre Uygur<\/a> <a href=\"\/Wolfgang_Mair\" title=\"Wolfgang Mair\">Wolfgang Mair<\/a> (37. <a href=\"\/Matthias_Felber\" title=\"Matthias Felber\">Matthias Felber<\/a>) <a href=\"\/Sandro_Djuric\" title=\"Sandro Djuric\">Sandro Djuric<\/a> <a href=\"\/Robert_V%C3%B6lkl\" title=\"Robert V\u00f6lkl\">Robert V\u00f6lkl<\/a> <a href=\"\/Josip_Coric\" class=\"mw-redirect\" title=\"Josip Coric\">Josip Coric<\/a> <a href=\"\/Felix_Adjei\" title=\"Felix Adjei\">Felix Adjei<\/a> <a href=\"\/Mario_Konrad\" title=\"Mario Konrad\">Mario Konrad<\/a> (45. <a href=\"\/Andreas_Bammer\" title=\"Andreas Bammer\">Andreas Bammer<\/a>)\n<\/td>\n<\/tr>\n<tr>\n<td>Endstand:<\/td>\n<td>2:0 ( 1:0)\n<\/td>\n<\/tr>\n<tr>\n<td>Torsch\u00fctzen:<\/td>\n<td>Coric (40., 52.)\n<\/td>\n<\/tr>\n<tr>\n<td>Gelbe Karten:<\/td>\n<td>Coric (22.)\n<\/td>\n<\/tr>\n<tr>\n<td>Gelb-rote Karten:<\/td>\n<td>\n<\/td>\n<\/tr>\n<tr>\n<td>Rote Karten:<\/td>\n<td>\n<\/td>\n<\/tr>\n<tr>\n<td>Schiedsrichter:<\/td>\n<td>Martin Bickel\n<\/td>\n<\/tr>\n<tr>\n<td>Stadion:<\/td>\n<td>Akademie Liefering\n<\/td>\n<\/tr>\n<tr>\n<td>Zuschauer:<\/td>\n<td>200\n<\/td>\n<\/tr>\n<\/tbody>\n<\/table>\n<h2><span class=\"mw-headline\" id=\"Weblinks\">Weblinks<\/span><a href=\"\/index.php?title=5.Runde,_Regionalliga_West,_Saison_2012\/13,_FC_Liefering_gegen_FC_Kufstein&amp;action=edit&amp;section=2\" title=\"Abschnitt bearbeiten: Weblinks\">Bearbeiten<\/a><span class=\"mw-editsection-bracket\">]<\/span><\/span><\/h2>\n<ul>\n<li><a rel=\"nofollow\" class=\"external text\" href=\"http:\/\/www.regionalliga.at\/west\/video\/142\/spielbericht-fc-liefering---fc-kufstein\/\">Video auf regionalliga.at<\/a><\/li>\n<\/ul>\n<\/div>\n","protected":false},"excerpt":{"rendered":"<p>FaktenBearbeiten] Regionalliga West- 5. Spieltag: 18. August 2012, 16 Uhr FC Liefering gegen FC Kufstein, 2:0 Aufstellung: Thomas D\u00e4hne Rene Aufhauser Arif Sari Stefan Lainer Emre Uygur Wolfgang Mair (37. Matthias Felber) Sandro Djuric Robert V\u00f6lkl Josip Coric Felix Adjei Mario Konrad (45. Andreas Bammer) Endstand: 2:0 ( 1:0) Torsch\u00fctzen: Coric (40., 52.) Gelbe Karten: [&hellip;]<\/p>\n","protected":false},"author":1,"featured_media":0,"comment_status":"open","ping_status":"open","sticky":false,"template":"","format":"standard","meta":{"footnotes":""},"categories":[1840],"tags":[],"class_list":["post-2331","post","type-post","status-publish","format-standard","hentry","category-5-runde-regionalliga-west-saison-2012"],"_links":{"self":[{"href":"https:\/\/wiki.s12.at\/index.php\/wp-json\/wp\/v2\/posts\/2331","targetHints":{"allow":["GET"]}}],"collection":[{"href":"https:\/\/wiki.s12.at\/index.php\/wp-json\/wp\/v2\/posts"}],"about":[{"href":"https:\/\/wiki.s12.at\/index.php\/wp-json\/wp\/v2\/types\/post"}],"author":[{"embeddable":true,"href":"https:\/\/wiki.s12.at\/index.php\/wp-json\/wp\/v2\/users\/1"}],"replies":[{"embeddable":true,"href":"https:\/\/wiki.s12.at\/index.php\/wp-json\/wp\/v2\/comments?post=2331"}],"version-history":[{"count":0,"href":"https:\/\/wiki.s12.at\/index.php\/wp-json\/wp\/v2\/posts\/2331\/revisions"}],"wp:attachment":[{"href":"https:\/\/wiki.s12.at\/index.php\/wp-json\/wp\/v2\/media?parent=2331"}],"wp:term":[{"taxonomy":"category","embeddable":true,"href":"https:\/\/wiki.s12.at\/index.php\/wp-json\/wp\/v2\/categories?post=2331"},{"taxonomy":"post_tag","embeddable":true,"href":"https:\/\/wiki.s12.at\/index.php\/wp-json\/wp\/v2\/tags?post=2331"}],"curies":[{"name":"wp","href":"https:\/\/api.w.org\/{rel}","templated":true}]}}