{"id":2322,"date":"2026-05-06T14:32:26","date_gmt":"2026-05-06T12:32:26","guid":{"rendered":"https:\/\/wiki.s12.at\/index.php\/2026\/05\/06\/4-runde-saison-2025-26-first-vienna-fc-gegen-fc-liefering\/"},"modified":"2026-05-06T14:32:26","modified_gmt":"2026-05-06T12:32:26","slug":"4-runde-saison-2025-26-first-vienna-fc-gegen-fc-liefering","status":"publish","type":"post","link":"https:\/\/wiki.s12.at\/index.php\/2026\/05\/06\/4-runde-saison-2025-26-first-vienna-fc-gegen-fc-liefering\/","title":{"rendered":"26, First Vienna FC gegen FC Liefering"},"content":{"rendered":"<div class=\"mw-parser-output\">\n<table class=\"toptextcells toccolours\">\n<tbody>\n<tr>\n<th colspan=\"2\" style=\"text-align: center; vertical-align: top; padding: 0.3em 0.8em; font-size: 125%; background-color: lightsteelblue;\">First Vienna FC  gegen FC Liefering, 0:0\n<\/th>\n<\/tr>\n<tr>\n<th style=\"text-align:left;\"><b>Spieltag<\/b>\n<\/th>\n<th style=\"text-align:left;\">2. Liga &#8211; 4. Runde\n<\/th>\n<\/tr>\n<tr>\n<th style=\"text-align:left;\"><b>Datum<\/b>\n<\/th>\n<th style=\"text-align:left;\">22 August 2025\n<\/th>\n<\/tr>\n<tr>\n<th style=\"text-align:left;\"><b>Anpfiff<\/b>\n<\/th>\n<th style=\"text-align:left;\">18 Uhr\n<\/th>\n<\/tr>\n<tr>\n<td colspan=\"2\" style=\"text-align:center;\" bgcolor=\"lightgray\"><b>Aufstellung<\/b>\n<\/td>\n<\/tr>\n<tr>\n<th style=\"text-align:left;\"><b>Tor<\/b>\n<\/th>\n<th><a href=\"\/Christian_Zawieschitzky\" title=\"Christian Zawieschitzky\">Christian Zawieschitzky<\/a>\n<\/th>\n<\/tr>\n<tr>\n<th style=\"text-align:left;\"><b>Verteidigung<\/b>\n<\/th>\n<th><a href=\"\/Tobias_Rohrmoser\" title=\"Tobias Rohrmoser\">Tobias Rohrmoser<\/a> &#8211; <a href=\"\/Rocco_Zikovic\" title=\"Rocco Zikovic\">Rocco Zikovic<\/a> &#8211;  <a href=\"\/Marcel_Moswitzer\" title=\"Marcel Moswitzer\">Marcel Moswitzer<\/a> &#8211;   <a href=\"\/Jakob_Brandtner\" title=\"Jakob Brandtner\">Jakob Brandtner<\/a>\n<\/th>\n<\/tr>\n<tr>\n<th style=\"text-align:left;\"><b>Mittelfeld<\/b>\n<\/th>\n<th><a href=\"\/Oliver_Lukic\" title=\"Oliver Lukic\">Oliver Lukic<\/a>\u2013  <a href=\"\/Marc_Striednig\" title=\"Marc Striednig\">Marc Striednig<\/a>&#8211; <a href=\"\/Johannes_Moser\" title=\"Johannes Moser\">Johannes Moser<\/a>&#8211;  <a href=\"\/Riquelme_Reis\" title=\"Riquelme Reis\">Riquelme Reis<\/a>\n<\/th>\n<\/tr>\n<tr>\n<th style=\"text-align:left;\"><b>Sturm<\/b>\n<\/th>\n<th><a href=\"\/Phillip_Verhounig\" title=\"Phillip Verhounig\">Phillip Verhounig<\/a> &#8211; <a href=\"\/Aboubacar_Camara\" class=\"mw-redirect\" title=\"Aboubacar Camara\">Aboubacar Camara<\/a>\n<\/th>\n<\/tr>\n<tr>\n<td colspan=\"2\" style=\"text-align:center;\" bgcolor=\"lightgray\"><b>Wechsel<\/b>\n<\/td>\n<\/tr>\n<tr>\n<th style=\"text-align:left;\"><b>Wechsel<\/b>\n<\/th>\n<th style=\"text-align:left;\"><a href=\"\/Jakob_Pokorny\" title=\"Jakob Pokorny\">Jakob Pokorny<\/a> f\u00fcr Rohrmoser (65.), <a href=\"\/Oghenetejiri_Adejenughure\" title=\"Oghenetejiri Adejenughure\">Oghenetejiri Adejenughure<\/a>  f\u00fcr Camera (65.), <a href=\"\/Ilia_Ivanschitz\" title=\"Ilia Ivanschitz\">Ilia Ivanschitz<\/a> f\u00fcr Riquelme (79.), <br \/><a href=\"\/Mayker_Palacios\" class=\"mw-redirect\" title=\"Mayker Palacios\">Mayker Palacios<\/a> f\u00fcr Lukic (93.)\n<\/th>\n<\/tr>\n<tr>\n<td colspan=\"2\" style=\"text-align:center;\" bgcolor=\"lightgray\"><b>Statistik<\/b>\n<\/td>\n<\/tr>\n<tr>\n<th style=\"text-align:left;\"><b>Endstand<\/b>\n<\/th>\n<th style=\"text-align:left;\">0:0\n<\/th>\n<\/tr>\n<tr>\n<th style=\"text-align:left;\"><b>Torsch\u00fctzen<\/b>\n<\/th>\n<th style=\"text-align:left;\">\n<\/th>\n<\/tr>\n<tr>\n<th style=\"text-align:left;\"><b>Gelbe Karten<\/b>\n<\/th>\n<th style=\"text-align:left;\">Abdijanovic (30.), Stratznig (69.), Djuricin (94); Riquelme (13.), Rohrmoser (22.), Moswitzer (27.), Verhounig (82.), <br \/> Lukic (88.), Zikovic (94.)\n<\/th>\n<\/tr>\n<tr>\n<th style=\"text-align:left;\"><b>Rote Karten<\/b>\n<\/th>\n<th style=\"text-align:left;\">\n<\/th>\n<\/tr>\n<tr>\n<th style=\"text-align:left;\"><b>Schiedsrichter<\/b>\n<\/th>\n<th style=\"text-align:left;\">Emil Ristoskov\n<\/th>\n<\/tr>\n<tr>\n<th style=\"text-align:left;\"><b>Stadion<\/b>\n<\/th>\n<th style=\"text-align:left;\">Hohe Warte, Wien\n<\/th>\n<\/tr>\n<tr>\n<th style=\"text-align:left;\"><b>Zuschauer<\/b>\n<\/th>\n<th style=\"text-align:left;\">2.004\n<\/th>\n<\/tr>\n<\/tbody>\n<\/table>\n<h2><span class=\"mw-headline\" id=\"Spielbericht\">Spielbericht<\/span><a href=\"\/index.php?title=4._Runde,_Saison_2025\/26,_First_Vienna_FC_gegen_FC_Liefering&amp;action=edit&amp;section=1\" title=\"Abschnitt bearbeiten: Spielbericht\">Bearbeiten<\/a><span class=\"mw-editsection-bracket\">]<\/span><\/span><\/h2>\n<p><a rel=\"nofollow\" class=\"external text\" href=\"https:\/\/www.fc-liefering.at\/de\/fc-liefering\/news\/saison_2025_26\/ligaspiel-vienna-runde-4.html\">Spielbericht Vereinshomepage<\/a>\n<\/p>\n<h2><span class=\"mw-headline\" id=\"Stimmen_zum_Spiel\">Stimmen zum Spiel<\/span><a href=\"\/index.php?title=4._Runde,_Saison_2025\/26,_First_Vienna_FC_gegen_FC_Liefering&amp;action=edit&amp;section=2\" title=\"Abschnitt bearbeiten: Stimmen zum Spiel\">Bearbeiten<\/a><span class=\"mw-editsection-bracket\">]<\/span><\/span><\/h2>\n<p><b>Daniel Beichler:<\/b>  Alles in allem ist es ein verdienter Punkt, es war eine ordentliche Leistung von den Burschen \u2013 sehr erwachsen. Sie waren in der ersten Halbzeit schon auch in unserer H\u00e4lfte, konnten aber nichts Nennenswertes verbuchen. Nach dem Seitenwechsel haben wir gar nichts mehr zugelassen. Den einen oder anderen Umschaltmoment h\u00e4tten wir besser ausspielen k\u00f6nnen, ganz klar. Aber klar ist auch, dass wir einen Elfmeter bekommen h\u00e4tten m\u00fcssen, das ist sehr bitter. Sowas h\u00e4tte man in einem solchen Spiel gegen eine Topmannschaft einfach auch gebraucht. Aber es war eine Leistung, auf der wir aufbauen k\u00f6nnen!\n<\/p>\n<\/div>\n","protected":false},"excerpt":{"rendered":"<p>First Vienna FC gegen FC Liefering, 0:0 Spieltag 2. Liga &#8211; 4. Runde Datum 22 August 2025 Anpfiff 18 Uhr Aufstellung Tor Christian Zawieschitzky Verteidigung Tobias Rohrmoser &#8211; Rocco Zikovic &#8211; Marcel Moswitzer &#8211; Jakob Brandtner Mittelfeld Oliver Lukic\u2013 Marc Striednig&#8211; Johannes Moser&#8211; Riquelme Reis Sturm Phillip Verhounig &#8211; Aboubacar Camara Wechsel Wechsel Jakob Pokorny [&hellip;]<\/p>\n","protected":false},"author":1,"featured_media":0,"comment_status":"open","ping_status":"open","sticky":false,"template":"","format":"standard","meta":{"footnotes":""},"categories":[1773],"tags":[],"class_list":["post-2322","post","type-post","status-publish","format-standard","hentry","category-4-runde-saison-2025"],"_links":{"self":[{"href":"https:\/\/wiki.s12.at\/index.php\/wp-json\/wp\/v2\/posts\/2322","targetHints":{"allow":["GET"]}}],"collection":[{"href":"https:\/\/wiki.s12.at\/index.php\/wp-json\/wp\/v2\/posts"}],"about":[{"href":"https:\/\/wiki.s12.at\/index.php\/wp-json\/wp\/v2\/types\/post"}],"author":[{"embeddable":true,"href":"https:\/\/wiki.s12.at\/index.php\/wp-json\/wp\/v2\/users\/1"}],"replies":[{"embeddable":true,"href":"https:\/\/wiki.s12.at\/index.php\/wp-json\/wp\/v2\/comments?post=2322"}],"version-history":[{"count":0,"href":"https:\/\/wiki.s12.at\/index.php\/wp-json\/wp\/v2\/posts\/2322\/revisions"}],"wp:attachment":[{"href":"https:\/\/wiki.s12.at\/index.php\/wp-json\/wp\/v2\/media?parent=2322"}],"wp:term":[{"taxonomy":"category","embeddable":true,"href":"https:\/\/wiki.s12.at\/index.php\/wp-json\/wp\/v2\/categories?post=2322"},{"taxonomy":"post_tag","embeddable":true,"href":"https:\/\/wiki.s12.at\/index.php\/wp-json\/wp\/v2\/tags?post=2322"}],"curies":[{"name":"wp","href":"https:\/\/api.w.org\/{rel}","templated":true}]}}