{"id":2320,"date":"2026-05-06T14:32:25","date_gmt":"2026-05-06T12:32:25","guid":{"rendered":"https:\/\/wiki.s12.at\/index.php\/2026\/05\/06\/4-runde-saison-2023-24-tsv-hartberg-gegen-fc-red-bull-salzburg\/"},"modified":"2026-05-06T14:32:25","modified_gmt":"2026-05-06T12:32:25","slug":"4-runde-saison-2023-24-tsv-hartberg-gegen-fc-red-bull-salzburg","status":"publish","type":"post","link":"https:\/\/wiki.s12.at\/index.php\/2026\/05\/06\/4-runde-saison-2023-24-tsv-hartberg-gegen-fc-red-bull-salzburg\/","title":{"rendered":"24, TSV Hartberg gegen FC Red Bull Salzburg"},"content":{"rendered":"<div class=\"mw-parser-output\">\n<table class=\"toptextcells toccolours\">\n<tbody>\n<tr>\n<th colspan=\"2\" style=\"text-align: center; vertical-align: top; padding: 0.3em 0.8em; font-size: 125%; background-color: lightsteelblue;\">TSV Hartberg gegen FC Red Bull Salzburg, 1:5\n<\/th>\n<\/tr>\n<tr>\n<th style=\"text-align:left;\"><b>Spieltag<\/b>\n<\/th>\n<th style=\"text-align:left;\">Bundesliga-4.Runde\n<\/th>\n<\/tr>\n<tr>\n<th style=\"text-align:left;\"><b>Datum<\/b>\n<\/th>\n<th style=\"text-align:left;\">20. August 2023\n<\/th>\n<\/tr>\n<tr>\n<th style=\"text-align:left;\"><b>Anpfiff<\/b>\n<\/th>\n<th style=\"text-align:left;\">17 Uhr\n<\/th>\n<\/tr>\n<tr>\n<td colspan=\"2\" style=\"text-align:center;\" bgcolor=\"lightgray\"><b>Aufstellung<\/b>\n<\/td>\n<\/tr>\n<tr>\n<th style=\"text-align:left;\"><b>Tor<\/b>\n<\/th>\n<th><a href=\"\/Alexander_Schlager\" title=\"Alexander Schlager\">Alexander Schlager<\/a>\n<\/th>\n<\/tr>\n<tr>\n<th style=\"text-align:left;\"><b>Verteidigung<\/b>\n<\/th>\n<th><a href=\"\/Amar_Dedic\" title=\"Amar Dedic\">Amar Dedic<\/a>  &#8211; <a href=\"\/Samson_Baidoo\" title=\"Samson Baidoo\">Samson Baidoo<\/a>  &#8211;<a href=\"\/Strahinja_Pavlovic\" title=\"Strahinja Pavlovic\">Strahinja Pavlovic<\/a>  &#8211;  <a href=\"\/Maurits_Kjaergaard\" title=\"Maurits Kjaergaard\">Maurits Kjaergaard<\/a>\n<\/th>\n<\/tr>\n<tr>\n<th style=\"text-align:left;\"><b>Mittelfeld<\/b>\n<\/th>\n<th><a href=\"\/Lucas_Gourna-Douath\" title=\"Lucas Gourna-Douath\">Lucas Gourna-Douath<\/a>  &#8211; <a href=\"\/Mads_Bidstrup\" title=\"Mads Bidstrup\">Mads Bidstrup<\/a>  &#8211;  <a href=\"\/Amankwah_Forson\" title=\"Amankwah Forson\">Amankwah Forson<\/a>&#8211; <a href=\"\/Oscar_Gloukh\" title=\"Oscar Gloukh\">Oscar Gloukh<\/a>\n<\/th>\n<\/tr>\n<tr>\n<th style=\"text-align:left;\"><b>Sturm<\/b>\n<\/th>\n<th><a href=\"\/Karim_Konate\" title=\"Karim Konate\">Karim Konate<\/a> &#8211; <a href=\"\/Roko_Simic\" title=\"Roko Simic\">Roko Simic<\/a>\n<\/th>\n<\/tr>\n<tr>\n<td colspan=\"2\" style=\"text-align:center;\" bgcolor=\"lightgray\"><b>Wechsel<\/b>\n<\/td>\n<\/tr>\n<tr>\n<th style=\"text-align:left;\"><b>Wechsel<\/b>\n<\/th>\n<th style=\"text-align:left;\"><a href=\"\/Dijon_Kameri\" title=\"Dijon Kameri\">Dijon Kameri<\/a> f\u00fcr Forson (63.), <a href=\"\/Dorgeles_Nene\" class=\"mw-redirect\" title=\"Dorgeles Nene\">Dorgeles Nene<\/a> f\u00fcr Simic (63.), <a href=\"\/Fernando\" class=\"mw-redirect\" title=\"Fernando\">Fernando<\/a> f\u00fcr Konate (73.)<br \/> <a href=\"\/Andreas_Ulmer\" title=\"Andreas Ulmer\">Andreas Ulmer<\/a> f\u00fcr Kjaergaard (87.)\n<\/th>\n<\/tr>\n<tr>\n<td colspan=\"2\" style=\"text-align:center;\" bgcolor=\"lightgray\"><b>Statistik<\/b>\n<\/td>\n<\/tr>\n<tr>\n<th style=\"text-align:left;\"><b>Endstand<\/b>\n<\/th>\n<th style=\"text-align:left;\">1:5 (1:1)\n<\/th>\n<\/tr>\n<tr>\n<th style=\"text-align:left;\"><b>Torsch\u00fctzen<\/b>\n<\/th>\n<th style=\"text-align:left;\">Gloukh  (16.), Konate (47.), Dedic (50.,  64.), Koita (76.)&#160;; Entrup  (45+1.)\n<\/th>\n<\/tr>\n<tr>\n<th style=\"text-align:left;\"><b>Gelbe Karten<\/b>\n<\/th>\n<th style=\"text-align:left;\">Sangare (11.), Entrup (52.), Diakite (86.)\n<\/th>\n<\/tr>\n<tr>\n<th style=\"text-align:left;\"><b>Rote Karten<\/b>\n<\/th>\n<th style=\"text-align:left;\">\n<\/th>\n<\/tr>\n<tr>\n<th style=\"text-align:left;\"><b>Schiedsrichter<\/b>\n<\/th>\n<th style=\"text-align:left;\">Harald Lechner\n<\/th>\n<\/tr>\n<tr>\n<th style=\"text-align:left;\"><b>Stadion<\/b>\n<\/th>\n<th style=\"text-align:left;\">Profertil Arena, Hartberg\n<\/th>\n<\/tr>\n<tr>\n<th style=\"text-align:left;\"><b>Zuschauer<\/b>\n<\/th>\n<th style=\"text-align:left;\">3 426\n<\/th>\n<\/tr>\n<\/tbody>\n<\/table>\n<p>Mit 21 Jahre und 40 Tagen stellte Salzburg die j\u00fcngste Mannschaft der Bundesligageschichte.\n<\/p>\n<h2><span class=\"mw-headline\" id=\"Spielbericht\">Spielbericht<\/span><a href=\"\/index.php?title=4._Runde,_Saison_2023\/24,_TSV_Hartberg_gegen_FC_Red_Bull_Salzburg&amp;action=edit&amp;section=1\" title=\"Abschnitt bearbeiten: Spielbericht\">Bearbeiten<\/a><span class=\"mw-editsection-bracket\">]<\/span><\/span><\/h2>\n<p><a rel=\"nofollow\" class=\"external text\" href=\"https:\/\/www.redbullsalzburg.at\/de\/2023-2024\/spielplan\/bundesliga-runde-4-tsv-egger-glas-hartberg-vs-fc-red-bull-salzburg#spielbericht\">Spielbericht Vereinshomepage<\/a>\n<\/p>\n<h2><span class=\"mw-headline\" id=\"Stimmen_zum_Spiel\">Stimmen zum Spiel<\/span><a href=\"\/index.php?title=4._Runde,_Saison_2023\/24,_TSV_Hartberg_gegen_FC_Red_Bull_Salzburg&amp;action=edit&amp;section=2\" title=\"Abschnitt bearbeiten: Stimmen zum Spiel\">Bearbeiten<\/a><span class=\"mw-editsection-bracket\">]<\/span><\/span><\/h2>\n<p><b>Gerhard Struber:<\/b> In der ersten H\u00e4lfte haben wir uns nicht so leichtgetan, unser Gegner hat das heute stark gemacht. Wir haben uns im Laufe des Spiels aber gesteigert, haben in der Pause auch das eine oder andere adaptiert und so den Spielaufbau von Hartberg in den Griff bekommen. Am Ende war es dann relativ klar und souver\u00e4n, aber wir haben auch gesehen, dass wir noch einiges zu verbessern haben.\n<\/p>\n<p><b>Samson Baidoo:<\/b> \u201eHut ab\u201c an Hartberg, eine Mannschaft, die mit dem Ball gute L\u00f6sungen hat. Wir haben aber gut dagegengehalten. Vor allem, wie wir in der zweiten Halbzeit rausgekommen sind. Da waren wir giftiger und haben dann auch die Tore gemacht. Das niedrige Durchschnittsalter zeigt auf jeden Fall, dass wir viele gute junge Spieler mit Qualit\u00e4t haben.\n<\/p>\n<p><b>Amar Dedic:<\/b>  Ich bin sehr gl\u00fccklich \u00fcber den Doppelpack! Wir haben uns hineinarbeiten m\u00fcssen in dieses Spiel, weil es Hartberg wirklich sehr gut gemacht hat. Mit dem 2:1 hat sich dann das Blatt gewendet.  Es ist nat\u00fcrlich etwas Besonderes, dass das heute die j\u00fcngste Mannschaft war. Salzburg ist bekannt f\u00fcr die gute Arbeit und dass man junge Spieler f\u00f6rdert.\n<\/p>\n<\/div>\n","protected":false},"excerpt":{"rendered":"<p>TSV Hartberg gegen FC Red Bull Salzburg, 1:5 Spieltag Bundesliga-4.Runde Datum 20. August 2023 Anpfiff 17 Uhr Aufstellung Tor Alexander Schlager Verteidigung Amar Dedic &#8211; Samson Baidoo &#8211;Strahinja Pavlovic &#8211; Maurits Kjaergaard Mittelfeld Lucas Gourna-Douath &#8211; Mads Bidstrup &#8211; Amankwah Forson&#8211; Oscar Gloukh Sturm Karim Konate &#8211; Roko Simic Wechsel Wechsel Dijon Kameri f\u00fcr Forson [&hellip;]<\/p>\n","protected":false},"author":1,"featured_media":0,"comment_status":"open","ping_status":"open","sticky":false,"template":"","format":"standard","meta":{"footnotes":""},"categories":[1833],"tags":[],"class_list":["post-2320","post","type-post","status-publish","format-standard","hentry","category-4-runde-saison-2023"],"_links":{"self":[{"href":"https:\/\/wiki.s12.at\/index.php\/wp-json\/wp\/v2\/posts\/2320","targetHints":{"allow":["GET"]}}],"collection":[{"href":"https:\/\/wiki.s12.at\/index.php\/wp-json\/wp\/v2\/posts"}],"about":[{"href":"https:\/\/wiki.s12.at\/index.php\/wp-json\/wp\/v2\/types\/post"}],"author":[{"embeddable":true,"href":"https:\/\/wiki.s12.at\/index.php\/wp-json\/wp\/v2\/users\/1"}],"replies":[{"embeddable":true,"href":"https:\/\/wiki.s12.at\/index.php\/wp-json\/wp\/v2\/comments?post=2320"}],"version-history":[{"count":0,"href":"https:\/\/wiki.s12.at\/index.php\/wp-json\/wp\/v2\/posts\/2320\/revisions"}],"wp:attachment":[{"href":"https:\/\/wiki.s12.at\/index.php\/wp-json\/wp\/v2\/media?parent=2320"}],"wp:term":[{"taxonomy":"category","embeddable":true,"href":"https:\/\/wiki.s12.at\/index.php\/wp-json\/wp\/v2\/categories?post=2320"},{"taxonomy":"post_tag","embeddable":true,"href":"https:\/\/wiki.s12.at\/index.php\/wp-json\/wp\/v2\/tags?post=2320"}],"curies":[{"name":"wp","href":"https:\/\/api.w.org\/{rel}","templated":true}]}}