{"id":2319,"date":"2026-05-06T14:32:24","date_gmt":"2026-05-06T12:32:24","guid":{"rendered":"https:\/\/wiki.s12.at\/index.php\/2026\/05\/06\/4-runde-saison-20223-24-fc-liefering-gegen-schwarz-weiss-bregenz\/"},"modified":"2026-05-06T14:32:24","modified_gmt":"2026-05-06T12:32:24","slug":"4-runde-saison-20223-24-fc-liefering-gegen-schwarz-weiss-bregenz","status":"publish","type":"post","link":"https:\/\/wiki.s12.at\/index.php\/2026\/05\/06\/4-runde-saison-20223-24-fc-liefering-gegen-schwarz-weiss-bregenz\/","title":{"rendered":"24, FC Liefering gegen Schwarz-Wei\u00df Bregenz"},"content":{"rendered":"<div class=\"mw-parser-output\">\n<table class=\"toptextcells toccolours\">\n<tbody>\n<tr>\n<th colspan=\"2\" style=\"text-align: center; vertical-align: top; padding: 0.3em 0.8em; font-size: 125%; background-color: lightsteelblue;\">FC Liefering  gegen Schwarz-Wei\u00df Bregenz, 2:1\n<\/th>\n<\/tr>\n<tr>\n<th style=\"text-align:left;\"><b>Spieltag<\/b>\n<\/th>\n<th style=\"text-align:left;\">2. Liga &#8211; 4. Runde\n<\/th>\n<\/tr>\n<tr>\n<th style=\"text-align:left;\"><b>Datum<\/b>\n<\/th>\n<th style=\"text-align:left;\">18. August 2023\n<\/th>\n<\/tr>\n<tr>\n<th style=\"text-align:left;\"><b>Anpfiff<\/b>\n<\/th>\n<th style=\"text-align:left;\">18.10 Uhr\n<\/th>\n<\/tr>\n<tr>\n<td colspan=\"2\" style=\"text-align:center;\" bgcolor=\"lightgray\"><b>Aufstellung<\/b>\n<\/td>\n<\/tr>\n<tr>\n<th style=\"text-align:left;\"><b>Tor<\/b>\n<\/th>\n<th><a href=\"\/Jonas_Krumrey\" title=\"Jonas Krumrey\">Jonas Krumrey<\/a>\n<\/th>\n<\/tr>\n<tr>\n<th style=\"text-align:left;\"><b>Verteidigung<\/b>\n<\/th>\n<th><a href=\"\/Benjamin_Atiabou\" title=\"Benjamin Atiabou\">Benjamin Atiabou <\/a> &#8211; <a href=\"\/John_Mellberg\" title=\"John Mellberg\">John Mellberg<\/a>  &#8211; <a href=\"\/index.php?title=Roko_Zikovic&amp;action=edit&amp;redlink=1\" class=\"new\" title=\"Roko Zikovic (Seite nicht vorhanden)\">Roko Zikovic<\/a> &#8211;  <a href=\"\/Mario_Pejazic\" title=\"Mario Pejazic\">Mario Pejazic <\/a>\n<\/th>\n<\/tr>\n<tr>\n<th style=\"text-align:left;\"><b>Mittelfeld<\/b>\n<\/th>\n<th><a href=\"\/Valentin_Sulzbacher\" title=\"Valentin Sulzbacher\">Valentin Sulzbacher<\/a>&#8211; <a href=\"\/Soumaila_Diabate\" title=\"Soumaila Diabate\">Soumaila Diabate <\/a> &#8211; <a href=\"\/Philipp_Verhounig\" class=\"mw-redirect\" title=\"Philipp Verhounig\">Philipp Verhounig<\/a> &#8211; <a href=\"\/Mohammad_Sadeqi\" title=\"Mohammad Sadeqi\">Mohammad Sadeqi<\/a> &#8211; <a href=\"\/Oliver_Lukic\" title=\"Oliver Lukic\">Oliver Lukic<\/a>\n<\/th>\n<\/tr>\n<tr>\n<th style=\"text-align:left;\"><b>Sturm<\/b>\n<\/th>\n<th><a href=\"\/Nicolo_Turco\" title=\"Nicolo Turco\">Nicolo Turco<\/a>\n<\/th>\n<\/tr>\n<tr>\n<td colspan=\"2\" style=\"text-align:center;\" bgcolor=\"lightgray\"><b>Wechsel<\/b>\n<\/td>\n<\/tr>\n<tr>\n<th style=\"text-align:left;\"><b>Wechsel<\/b>\n<\/th>\n<th style=\"text-align:left;\"><a href=\"\/Tim_Trummer\" title=\"Tim Trummer\">Tim Trummer<\/a> f\u00fcr Sadeqi (52.), <a href=\"\/Tim_Paumgartner\" title=\"Tim Paumgartner\">Tim Paumgartner<\/a> f\u00fcr Diabate (72.), <a href=\"\/Mark_Gevorgyan\" title=\"Mark Gevorgyan\">Mark Gevorgyan<\/a> f\u00fcr Atiabou (90.) <br \/><a href=\"\/Matteo_Schablas\" title=\"Matteo Schablas\">Matteo Schablas<\/a> f\u00fcr Pejazic (90.)\n<\/th>\n<\/tr>\n<tr>\n<td colspan=\"2\" style=\"text-align:center;\" bgcolor=\"lightgray\"><b>Statistik<\/b>\n<\/td>\n<\/tr>\n<tr>\n<th style=\"text-align:left;\"><b>Endstand<\/b>\n<\/th>\n<th style=\"text-align:left;\">2:1 (0:1)\n<\/th>\n<\/tr>\n<tr>\n<th style=\"text-align:left;\"><b>Torsch\u00fctzen<\/b>\n<\/th>\n<th style=\"text-align:left;\">Atiabou (74.), Turco (88.)&#160;; Lins (45.)\n<\/th>\n<\/tr>\n<tr>\n<th style=\"text-align:left;\"><b>Gelbe Karten<\/b>\n<\/th>\n<th style=\"text-align:left;\">Gabryel (63.), Barada (92.)\n<\/th>\n<\/tr>\n<tr>\n<th style=\"text-align:left;\"><b>Rote Karten<\/b>\n<\/th>\n<th style=\"text-align:left;\">\n<\/th>\n<\/tr>\n<tr>\n<th style=\"text-align:left;\"><b>Schiedsrichter<\/b>\n<\/th>\n<th style=\"text-align:left;\">Gabriel Gmeiner\n<\/th>\n<\/tr>\n<tr>\n<th style=\"text-align:left;\"><b>Stadion<\/b>\n<\/th>\n<th style=\"text-align:left;\">EM Stadion Wals-Siezenheim, Salzburg\n<\/th>\n<\/tr>\n<tr>\n<th style=\"text-align:left;\"><b>Zuschauer<\/b>\n<\/th>\n<th style=\"text-align:left;\">532\n<\/th>\n<\/tr>\n<\/tbody>\n<\/table>\n<h2><span class=\"mw-headline\" id=\"Spielbericht\">Spielbericht<\/span><a href=\"\/index.php?title=4._Runde,_Saison_20223\/24,_FC_Liefering_gegen_Schwarz-Wei%C3%9F_Bregenz&amp;action=edit&amp;section=1\" title=\"Abschnitt bearbeiten: Spielbericht\">Bearbeiten<\/a><span class=\"mw-editsection-bracket\">]<\/span><\/span><\/h2>\n<p><a rel=\"nofollow\" class=\"external text\" href=\"https:\/\/www.fc-liefering.at\/de\/fc-liefering\/news\/saison_2023_24\/ligaspiel-bregenz-runde-4.html\">Spielbericht Vereinshomepage<\/a>\n<\/p>\n<h2><span class=\"mw-headline\" id=\"Bilder\">Bilder<\/span><a href=\"\/index.php?title=4._Runde,_Saison_20223\/24,_FC_Liefering_gegen_Schwarz-Wei%C3%9F_Bregenz&amp;action=edit&amp;section=2\" title=\"Abschnitt bearbeiten: Bilder\">Bearbeiten<\/a><span class=\"mw-editsection-bracket\">]<\/span><\/span><\/h2>\n<p><img alt=\"\" src=\"\/images\/thumb\/4\/4a\/Commons-logo.svg\/langde-20px-Commons-logo.svg.png%3Futm_source%3Dcommons.wikimedia.org%26utm_campaign%3Dimageinfo%26utm_content%3Dthumbnail\" decoding=\"async\" title=\"Commons\" width=\"12\" height=\"16\" srcset=\"\/images\/thumb\/4\/4a\/Commons-logo.svg\/langde-40px-Commons-logo.svg.png%3Futm_source%3Dcommons.wikimedia.org%26utm_campaign%3Dimageinfo%26utm_content%3Dthumbnail 2x\" \/>&#160;<b><a href=\"http:\/\/commons.wikimedia.org\/wiki\/Category:FC_Liefering_gegen_Schwarz-Wei%C3%9F_Bregenz_(2023-08-18)\" class=\"extiw\" title=\"commons:Category:FC Liefering gegen Schwarz-Wei\u00df Bregenz (2023-08-18)\">4. Runde, Saison 20223\/24, FC Liefering gegen Schwarz-Wei\u00df Bregenz<\/a><\/b>&#160;\u2013 Sammlung von Bildern, Videos und Audiodateien auf <a href=\"\/Wikimedia_Commons\" title=\"Wikimedia Commons\">Wikimedia Commons<\/a>\n<\/p>\n<h2><span class=\"mw-headline\" id=\"Stimmen_zum_Spiel\">Stimmen zum Spiel<\/span><a href=\"\/index.php?title=4._Runde,_Saison_20223\/24,_FC_Liefering_gegen_Schwarz-Wei%C3%9F_Bregenz&amp;action=edit&amp;section=3\" title=\"Abschnitt bearbeiten: Stimmen zum Spiel\">Bearbeiten<\/a><span class=\"mw-editsection-bracket\">]<\/span><\/span><\/h2>\n<p><b>Onur Cinel:<\/b> Das war heute ein Energie-Sieg von uns! Die erste Halbzeit war nicht ganz das, was wir uns vorgestellt hatten, die zweite war wiederum umso besser. Da hatten wir Energie, Power, Tiefensch\u00e4rfe und viele Szenen im gegnerischen Sechzehner. Ich bin extrem froh, dass wir das in einen Sieg umm\u00fcnzen konnten! Ein Spiel gegen eine derart erfahrene, kompakte Mannschaft als wiederum so junge Mannschaft zu drehen, ist alles andere als selbstverst\u00e4ndlich. Deshalb bin ich sehr stolz, was das Spiel angeht. Ich wei\u00df aber auch, dass wir noch ganz viel Arbeit vor uns haben. Wir m\u00fcssen peu \u00e0 peu an den Punkt kommen, dass wir es schaffen, zwei solche Halbzeiten zu spielen \u2013 und zwar so schnell wie m\u00f6glich!\n<\/p>\n<\/div>\n","protected":false},"excerpt":{"rendered":"<p>FC Liefering gegen Schwarz-Wei\u00df Bregenz, 2:1 Spieltag 2. Liga &#8211; 4. Runde Datum 18. August 2023 Anpfiff 18.10 Uhr Aufstellung Tor Jonas Krumrey Verteidigung Benjamin Atiabou &#8211; John Mellberg &#8211; Roko Zikovic &#8211; Mario Pejazic Mittelfeld Valentin Sulzbacher&#8211; Soumaila Diabate &#8211; Philipp Verhounig &#8211; Mohammad Sadeqi &#8211; Oliver Lukic Sturm Nicolo Turco Wechsel Wechsel Tim [&hellip;]<\/p>\n","protected":false},"author":1,"featured_media":0,"comment_status":"open","ping_status":"open","sticky":false,"template":"","format":"standard","meta":{"footnotes":""},"categories":[1832],"tags":[],"class_list":["post-2319","post","type-post","status-publish","format-standard","hentry","category-4-runde-saison-20223"],"_links":{"self":[{"href":"https:\/\/wiki.s12.at\/index.php\/wp-json\/wp\/v2\/posts\/2319","targetHints":{"allow":["GET"]}}],"collection":[{"href":"https:\/\/wiki.s12.at\/index.php\/wp-json\/wp\/v2\/posts"}],"about":[{"href":"https:\/\/wiki.s12.at\/index.php\/wp-json\/wp\/v2\/types\/post"}],"author":[{"embeddable":true,"href":"https:\/\/wiki.s12.at\/index.php\/wp-json\/wp\/v2\/users\/1"}],"replies":[{"embeddable":true,"href":"https:\/\/wiki.s12.at\/index.php\/wp-json\/wp\/v2\/comments?post=2319"}],"version-history":[{"count":0,"href":"https:\/\/wiki.s12.at\/index.php\/wp-json\/wp\/v2\/posts\/2319\/revisions"}],"wp:attachment":[{"href":"https:\/\/wiki.s12.at\/index.php\/wp-json\/wp\/v2\/media?parent=2319"}],"wp:term":[{"taxonomy":"category","embeddable":true,"href":"https:\/\/wiki.s12.at\/index.php\/wp-json\/wp\/v2\/categories?post=2319"},{"taxonomy":"post_tag","embeddable":true,"href":"https:\/\/wiki.s12.at\/index.php\/wp-json\/wp\/v2\/tags?post=2319"}],"curies":[{"name":"wp","href":"https:\/\/api.w.org\/{rel}","templated":true}]}}