{"id":2318,"date":"2026-05-06T14:32:23","date_gmt":"2026-05-06T12:32:23","guid":{"rendered":"https:\/\/wiki.s12.at\/index.php\/2026\/05\/06\/4-runde-saison-2022-23-fc-red-bull-salzburg-gegen-wolfsberger-ac\/"},"modified":"2026-05-06T14:32:23","modified_gmt":"2026-05-06T12:32:23","slug":"4-runde-saison-2022-23-fc-red-bull-salzburg-gegen-wolfsberger-ac","status":"publish","type":"post","link":"https:\/\/wiki.s12.at\/index.php\/2026\/05\/06\/4-runde-saison-2022-23-fc-red-bull-salzburg-gegen-wolfsberger-ac\/","title":{"rendered":"23, FC Red Bull Salzburg gegen Wolfsberger AC"},"content":{"rendered":"<div class=\"mw-parser-output\">\n<p>\n<\/p>\n<table class=\"toptextcells toccolours\">\n<tbody>\n<tr>\n<th colspan=\"2\" style=\"text-align: center; vertical-align: top; padding: 0.3em 0.8em; font-size: 125%; background-color: lightsteelblue;\">FC Red Bull Salzburg gegen Wolfsberger AC, 2:1\n<\/th>\n<\/tr>\n<tr>\n<th style=\"text-align:left;\"><b>Spieltag<\/b>\n<\/th>\n<th style=\"text-align:left;\">Bundesliga 4. Runde\n<\/th>\n<\/tr>\n<tr>\n<th style=\"text-align:left;\"><b>Datum<\/b>\n<\/th>\n<th style=\"text-align:left;\">14. August 2022\n<\/th>\n<\/tr>\n<tr>\n<th style=\"text-align:left;\"><b>Anpfiff<\/b>\n<\/th>\n<th style=\"text-align:left;\">17  Uhr\n<\/th>\n<\/tr>\n<tr>\n<td colspan=\"2\" style=\"text-align:center;\" bgcolor=\"lightgray\"><b>Aufstellung<\/b>\n<\/td>\n<\/tr>\n<tr>\n<th style=\"text-align:left;\"><b>Tor<\/b>\n<\/th>\n<th><a href=\"\/Philipp_K%C3%B6hn\" title=\"Philipp K\u00f6hn\">Philipp K\u00f6hn <\/a>\n<\/th>\n<\/tr>\n<tr>\n<th style=\"text-align:left;\"><b>Verteidigung<\/b>\n<\/th>\n<th><a href=\"\/Amar_Dedic\" title=\"Amar Dedic\">Amar Dedic<\/a> &#8211; <a href=\"\/Oumar_Solet\" title=\"Oumar Solet\">Oumar Solet<\/a> &#8211; <a href=\"\/Strahinja_Pavlovic\" title=\"Strahinja Pavlovic\">Strahinja Pavlovic<\/a> &#8211; <a href=\"\/Maximilian_W%C3%B6ber\" title=\"Maximilian W\u00f6ber\">Maximilian W\u00f6ber<\/a>\n<\/th>\n<\/tr>\n<tr>\n<th style=\"text-align:left;\"><b>Mittelfeld<\/b>\n<\/th>\n<th><a href=\"\/Luka_Sucic\" title=\"Luka Sucic\">Luka Sucic<\/a> &#8211; <a href=\"\/Nicolas_Seiwald\" title=\"Nicolas Seiwald\">Nicolas Seiwald<\/a> &#8211; <a href=\"\/Nicolas_Capaldo\" title=\"Nicolas Capaldo\">Nicolas Capaldo<\/a> &#8211; <a href=\"\/Maurits_Kjaergaard\" title=\"Maurits Kjaergaard\">Maurits Kjaergaard<\/a>\n<\/th>\n<\/tr>\n<tr>\n<th style=\"text-align:left;\"><b>Sturm<\/b>\n<\/th>\n<th><a href=\"\/Fernando\" class=\"mw-redirect\" title=\"Fernando\">Fernando<\/a>   &#8211; <a href=\"\/Benjamin_Sesko\" class=\"mw-redirect\" title=\"Benjamin Sesko\">Benjamin Sesko<\/a>\n<\/th>\n<\/tr>\n<tr>\n<td colspan=\"2\" style=\"text-align:center;\" bgcolor=\"lightgray\"><b>Wechsel<\/b>\n<\/td>\n<\/tr>\n<tr>\n<th style=\"text-align:left;\"><b>Wechsel<\/b>\n<\/th>\n<th style=\"text-align:left;\"><a href=\"\/Noah_Okafor\" title=\"Noah Okafor\">Noah Okafor<\/a> f\u00fcr Fernando (58.), <a href=\"\/Junior_Adamu\" class=\"mw-redirect\" title=\"Junior Adamu\">Junior Adamu<\/a> f\u00fcr Sesko (75.), <a href=\"\/Antoine_Bernede\" title=\"Antoine Bernede\">Antoine Bernede<\/a> f\u00fcr Sucic (75.)\n<\/th>\n<\/tr>\n<tr>\n<td colspan=\"2\" style=\"text-align:center;\" bgcolor=\"lightgray\"><b>Statistik<\/b>\n<\/td>\n<\/tr>\n<tr>\n<th style=\"text-align:left;\"><b>Endstand<\/b>\n<\/th>\n<th style=\"text-align:left;\">2:1 (2:0)\n<\/th>\n<\/tr>\n<tr>\n<th style=\"text-align:left;\"><b>Torsch\u00fctzen<\/b>\n<\/th>\n<th style=\"text-align:left;\">Pavlovic (20.), Sesko (41.); Vizinger (93.)\n<\/th>\n<\/tr>\n<tr>\n<th style=\"text-align:left;\"><b>Gelbe Karten<\/b>\n<\/th>\n<th style=\"text-align:left;\">W\u00f6ber (92.)\n<\/th>\n<\/tr>\n<tr>\n<th style=\"text-align:left;\"><b>Rote Karten<\/b>\n<\/th>\n<th style=\"text-align:left;\">\n<\/th>\n<\/tr>\n<tr>\n<th style=\"text-align:left;\"><b>Schiedsrichter<\/b>\n<\/th>\n<th style=\"text-align:left;\">Alexander Harkam\n<\/th>\n<\/tr>\n<tr>\n<th style=\"text-align:left;\"><b>Stadion<\/b>\n<\/th>\n<th style=\"text-align:left;\">EM-Stadion, Wals-Siezenheim\n<\/th>\n<\/tr>\n<tr>\n<th style=\"text-align:left;\"><b>Zuschauer<\/b>\n<\/th>\n<th style=\"text-align:left;\">11 769\n<\/th>\n<\/tr>\n<\/tbody>\n<\/table>\n<h2><span class=\"mw-headline\" id=\"Spielbericht\">Spielbericht<\/span><a href=\"\/index.php?title=4._Runde,_Saison_2022\/23,_FC_Red_Bull_Salzburg_gegen_Wolfsberger_AC&amp;action=edit&amp;section=1\" title=\"Abschnitt bearbeiten: Spielbericht\">Bearbeiten<\/a><span class=\"mw-editsection-bracket\">]<\/span><\/span><\/h2>\n<p><a rel=\"nofollow\" class=\"external text\" href=\"https:\/\/www.redbullsalzburg.at\/de\/2022-2023\/spielplan\/bundesliga-runde-4-fc-red-bull-salzburg-vs-rz-pellets-wac#spielbericht\">Spielbericht Vereinshomepage<\/a>\n<\/p>\n<h2><span class=\"mw-headline\" id=\"Bilder\">Bilder<\/span><a href=\"\/index.php?title=4._Runde,_Saison_2022\/23,_FC_Red_Bull_Salzburg_gegen_Wolfsberger_AC&amp;action=edit&amp;section=2\" title=\"Abschnitt bearbeiten: Bilder\">Bearbeiten<\/a><span class=\"mw-editsection-bracket\">]<\/span><\/span><\/h2>\n<p><img alt=\"\" src=\"\/images\/thumb\/4\/4a\/Commons-logo.svg\/langde-20px-Commons-logo.svg.png%3Futm_source%3Dcommons.wikimedia.org%26utm_campaign%3Dimageinfo%26utm_content%3Dthumbnail\" decoding=\"async\" title=\"Commons\" width=\"12\" height=\"16\" srcset=\"\/images\/thumb\/4\/4a\/Commons-logo.svg\/langde-40px-Commons-logo.svg.png%3Futm_source%3Dcommons.wikimedia.org%26utm_campaign%3Dimageinfo%26utm_content%3Dthumbnail 2x\" \/>&#160;<b><a href=\"http:\/\/commons.wikimedia.org\/wiki\/Category:FC_RB_Salzburg_gegen_Wolfsberger_AC_(2022-08-14)\" class=\"extiw\" title=\"commons:Category:FC RB Salzburg gegen Wolfsberger AC (2022-08-14)\">4. Runde, Saison 2022\/23, FC Red Bull Salzburg gegen Wolfsberger AC<\/a><\/b>&#160;\u2013 Sammlung von Bildern, Videos und Audiodateien auf <a href=\"\/Wikimedia_Commons\" title=\"Wikimedia Commons\">Wikimedia Commons<\/a>\n<\/p>\n<h2><span class=\"mw-headline\" id=\"Stimmen_zum_Spiel\">Stimmen zum Spiel<\/span><a href=\"\/index.php?title=4._Runde,_Saison_2022\/23,_FC_Red_Bull_Salzburg_gegen_Wolfsberger_AC&amp;action=edit&amp;section=3\" title=\"Abschnitt bearbeiten: Stimmen zum Spiel\">Bearbeiten<\/a><span class=\"mw-editsection-bracket\">]<\/span><\/span><\/h2>\n<p><b>Strahinja Pavlovic:<\/b>   Ich m\u00f6chte mich noch mal bei allen hier im Verein bedanken, jeder hat alles gegeben, damit ich mich von Tag eins an wie daheim f\u00fchle. Der Start war schon mal wirklich gut und es wird von Spiel zu Spiel hoffentlich noch besser. Heute haben wir die Partie in der ersten H\u00e4lfte kontrolliert. Wir h\u00e4tten noch das 3:0 nachlegen m\u00fcssen, um den Deckel draufzumachen. Wenn der Anschlusstreffer fr\u00fcher f\u00e4llt, werden das z\u00e4he Schlussminuten. Auf jeden Fall sind wir gl\u00fccklich \u00fcber die drei geholten Punkte. Hoffentlich kann ich auch in Zukunft mal Tore erzielen, mein Fokus liegt aber auf der Defensive und insofern hat es Priorit\u00e4t f\u00fcr mich, dass wir zu null spielen.\n<\/p>\n<p><b>Nicolas Seiwald:<\/b> Drei Punkte sind\u2019s zwar, aber wir wissen, dass es in der zweiten Halbzeit nicht so war, wie wir es uns vorgestellt hatten. Wir sind gut in die Partie reingekommen, der erste Abschnitt war wirklich extrem gut. Danach haben wir die Intensit\u00e4t verloren. Vielleicht weil wir dachten, dass es mit 90 Prozent reichen w\u00fcrde. Aber nein, wir haben die zweite Halbzeit verloren \u2013 das m\u00fcssen wir n\u00e4chstes Mal besser machen!\n<\/p>\n<p><b>Amar Dedic:<\/b> Wenn man gewinnt, kann man im Gro\u00dfen und Ganzen zufrieden sein. Die erste H\u00e4lfte war besser von uns, wir sind gut reingekommen und haben direkt zwei Tore gemacht. Nat\u00fcrlich h\u00e4tten wir das Dritte, das Vierte nachlegen sollen. Das Gegentor war dann am Ende unn\u00f6tig. Es ist sch\u00f6n, die alten Kollegen \u2013 die alle super waren \u2013 wiederzusehen, wenn man mit denen eine sch\u00f6ne Zeit verbracht und viel gespielt hat!\n<\/p>\n<\/div>\n","protected":false},"excerpt":{"rendered":"<p>FC Red Bull Salzburg gegen Wolfsberger AC, 2:1 Spieltag Bundesliga 4. Runde Datum 14. August 2022 Anpfiff 17 Uhr Aufstellung Tor Philipp K\u00f6hn Verteidigung Amar Dedic &#8211; Oumar Solet &#8211; Strahinja Pavlovic &#8211; Maximilian W\u00f6ber Mittelfeld Luka Sucic &#8211; Nicolas Seiwald &#8211; Nicolas Capaldo &#8211; Maurits Kjaergaard Sturm Fernando &#8211; Benjamin Sesko Wechsel Wechsel Noah [&hellip;]<\/p>\n","protected":false},"author":1,"featured_media":0,"comment_status":"open","ping_status":"open","sticky":false,"template":"","format":"standard","meta":{"footnotes":""},"categories":[1831],"tags":[],"class_list":["post-2318","post","type-post","status-publish","format-standard","hentry","category-4-runde-saison-2022"],"_links":{"self":[{"href":"https:\/\/wiki.s12.at\/index.php\/wp-json\/wp\/v2\/posts\/2318","targetHints":{"allow":["GET"]}}],"collection":[{"href":"https:\/\/wiki.s12.at\/index.php\/wp-json\/wp\/v2\/posts"}],"about":[{"href":"https:\/\/wiki.s12.at\/index.php\/wp-json\/wp\/v2\/types\/post"}],"author":[{"embeddable":true,"href":"https:\/\/wiki.s12.at\/index.php\/wp-json\/wp\/v2\/users\/1"}],"replies":[{"embeddable":true,"href":"https:\/\/wiki.s12.at\/index.php\/wp-json\/wp\/v2\/comments?post=2318"}],"version-history":[{"count":0,"href":"https:\/\/wiki.s12.at\/index.php\/wp-json\/wp\/v2\/posts\/2318\/revisions"}],"wp:attachment":[{"href":"https:\/\/wiki.s12.at\/index.php\/wp-json\/wp\/v2\/media?parent=2318"}],"wp:term":[{"taxonomy":"category","embeddable":true,"href":"https:\/\/wiki.s12.at\/index.php\/wp-json\/wp\/v2\/categories?post=2318"},{"taxonomy":"post_tag","embeddable":true,"href":"https:\/\/wiki.s12.at\/index.php\/wp-json\/wp\/v2\/tags?post=2318"}],"curies":[{"name":"wp","href":"https:\/\/api.w.org\/{rel}","templated":true}]}}