{"id":2313,"date":"2026-05-06T14:32:16","date_gmt":"2026-05-06T12:32:16","guid":{"rendered":"https:\/\/wiki.s12.at\/index.php\/2026\/05\/06\/4-runde-saison-2020-21-fc-juniors-ooe-gegen-fc-liefering\/"},"modified":"2026-05-06T14:32:16","modified_gmt":"2026-05-06T12:32:16","slug":"4-runde-saison-2020-21-fc-juniors-ooe-gegen-fc-liefering","status":"publish","type":"post","link":"https:\/\/wiki.s12.at\/index.php\/2026\/05\/06\/4-runde-saison-2020-21-fc-juniors-ooe-gegen-fc-liefering\/","title":{"rendered":"21, FC Juniors O\u00d6. gegen FC Liefering"},"content":{"rendered":"<div class=\"mw-parser-output\">\n<h2><span class=\"mw-headline\" id=\"Fakten\">Fakten<\/span><a href=\"\/index.php?title=4._Runde,_Saison_2020\/21,_FC_Juniors_O%C3%96._gegen_FC_Liefering&amp;action=edit&amp;section=1\" title=\"Abschnitt bearbeiten: Fakten\">Bearbeiten<\/a><span class=\"mw-editsection-bracket\">]<\/span><\/span><\/h2>\n<table class=\"toptextcells toccolours\">\n<tbody>\n<tr>\n<th colspan=\"2\" style=\"text-align: center; vertical-align: top; padding: 0.3em 0.8em; font-size: 125%; background-color: lightsteelblue;\">FC Juniors O\u00d6. gegen FC Liefering, 1:1\n<\/th>\n<\/tr>\n<tr>\n<th style=\"text-align:left;\"><b>Spieltag<\/b>\n<\/th>\n<th style=\"text-align:left;\">2. Liga-4. Runde\n<\/th>\n<\/tr>\n<tr>\n<th style=\"text-align:left;\"><b>Datum<\/b>\n<\/th>\n<th style=\"text-align:left;\">29. September 2020\n<\/th>\n<\/tr>\n<tr>\n<th style=\"text-align:left;\"><b>Anpfiff<\/b>\n<\/th>\n<th style=\"text-align:left;\">18.30 Uhr\n<\/th>\n<\/tr>\n<tr>\n<td colspan=\"2\" style=\"text-align:center;\" bgcolor=\"lightgray\"><b>Aufstellung<\/b>\n<\/td>\n<\/tr>\n<tr>\n<th style=\"text-align:left;\"><b>Tor<\/b>\n<\/th>\n<th><a href=\"\/Daniel_Antosch\" title=\"Daniel Antosch\">Daniel Antosch<\/a>\n<\/th>\n<\/tr>\n<tr>\n<th style=\"text-align:left;\"><b>Verteidigung<\/b>\n<\/th>\n<th><a href=\"\/Amar_Dedic\" title=\"Amar Dedic\">Amar Dedic<\/a> &#8211; <a href=\"\/David_Affengruber\" title=\"David Affengruber\">David Affengruber<\/a> &#8211; <a href=\"\/Alois_Oroz\" title=\"Alois Oroz\">Alois Oroz<\/a> &#8211; <a href=\"\/Wallison\" title=\"Wallison\">Wallison<\/a>\n<\/th>\n<\/tr>\n<tr>\n<th style=\"text-align:left;\"><b>Mittelfeld<\/b>\n<\/th>\n<th><a href=\"\/Sebastian_Aigner\" title=\"Sebastian Aigner\">Sebastian Aigner <\/a> &#8211; <a href=\"\/Nicolas_Seiwald\" title=\"Nicolas Seiwald\">Nicolas Seiwald<\/a> &#8211; <a href=\"\/Maurits_Kjaergaard\" title=\"Maurits Kjaergaard\">Maurits Kjaergaard<\/a>  &#8211; <a href=\"\/Luka_Sucic\" title=\"Luka Sucic\">Luka Sucic<\/a>\n<\/th>\n<\/tr>\n<tr>\n<th style=\"text-align:left;\"><b>Sturm<\/b>\n<\/th>\n<th><a href=\"\/Alexander_Prass\" title=\"Alexander Prass\">Alexander Prass<\/a> &#8211; <a href=\"\/Benjamin_Sesko\" class=\"mw-redirect\" title=\"Benjamin Sesko\">Benjamin Sesko<\/a>\n<\/th>\n<\/tr>\n<tr>\n<td colspan=\"2\" style=\"text-align:center;\" bgcolor=\"lightgray\"><b>Wechsel<\/b>\n<\/td>\n<\/tr>\n<tr>\n<th style=\"text-align:left;\"><b>Wechsel<\/b>\n<\/th>\n<th style=\"text-align:left;\"><a href=\"\/Samuel_Major\" title=\"Samuel Major\">Samuel Major<\/a> f\u00fcr Wallison (51.), <a href=\"\/Antonin_Svoboda\" title=\"Antonin Svoboda\">Antonin Svoboda<\/a> f\u00fcr Sesko (71.), <a href=\"\/Mamadou_Sangare\" title=\"Mamadou Sangare\">Mamadou Sangare<\/a> f\u00fcr Kjaergaard (81.),<br \/><a href=\"\/Luka_Reischl\" title=\"Luka Reischl\">Luka Reischl<\/a> f\u00fcr Sucic (81.),\n<\/th>\n<\/tr>\n<tr>\n<td colspan=\"2\" style=\"text-align:center;\" bgcolor=\"lightgray\"><b>Statistik<\/b>\n<\/td>\n<\/tr>\n<tr>\n<th style=\"text-align:left;\"><b>Endstand<\/b>\n<\/th>\n<th style=\"text-align:left;\">1:1 (0:1)\n<\/th>\n<\/tr>\n<tr>\n<th style=\"text-align:left;\"><b>Torsch\u00fctzen<\/b>\n<\/th>\n<th style=\"text-align:left;\">Boller (54.);  Prass (44.)\n<\/th>\n<\/tr>\n<tr>\n<th style=\"text-align:left;\"><b>Gelbe Karten<\/b>\n<\/th>\n<th style=\"text-align:left;\">Monsberger (91.), Michlmayr (95.); Wallison (36.), Oroz (85.), Svensson (86.)\n<\/th>\n<\/tr>\n<tr>\n<th style=\"text-align:left;\"><b>Rote Karten<\/b>\n<\/th>\n<th style=\"text-align:left;\">\n<\/th>\n<\/tr>\n<tr>\n<th style=\"text-align:left;\"><b>Schiedsrichter<\/b>\n<\/th>\n<th style=\"text-align:left;\">Emil Ristoskov\n<\/th>\n<\/tr>\n<tr>\n<th style=\"text-align:left;\"><b>Stadion<\/b>\n<\/th>\n<th style=\"text-align:left;\">Waldstadion, Pasching\n<\/th>\n<\/tr>\n<tr>\n<th style=\"text-align:left;\"><b>Zuschauer<\/b>\n<\/th>\n<th style=\"text-align:left;\">200\n<\/th>\n<\/tr>\n<\/tbody>\n<\/table>\n<h2><span class=\"mw-headline\" id=\"Stimmen_zum_Spiel\">Stimmen zum Spiel<\/span><a href=\"\/index.php?title=4._Runde,_Saison_2020\/21,_FC_Juniors_O%C3%96._gegen_FC_Liefering&amp;action=edit&amp;section=2\" title=\"Abschnitt bearbeiten: Stimmen zum Spiel\">Bearbeiten<\/a><span class=\"mw-editsection-bracket\">]<\/span><\/span><\/h2>\n<ul>\n<li><b>Bo Svensson<\/b>: Die erste Halbzeit war in Ordnung von uns, nicht mehr und nicht weniger. Wir hatten die gef\u00e4hrlicheren M\u00f6glichkeiten, haben es im letzten Drittel aber zu unsauber gemacht. Wir kontrollieren das Spiel, schie\u00dfen dann auch das Tor. In der zweiten Halbzeit haben wir dann den Faden verloren, waren f\u00fcr meinen Geschmack zu passiv. Wir haben den Gegner eingeladen, und mit ihrer einzigen Halbchance im ganzen Spiel machen sie das Tor. Wir haben danach zwei, drei gute M\u00f6glichkeiten, die wir nicht nutzen. Damit geht\u2019s halt unentschieden aus, nach einem Tag, an dem die Leistung f\u00fcr unsere Verh\u00e4ltnisse durchschnittlich ist. Wir werden die Sachen noch einmal durchgehen und versuchen, zu Hause am Freitag eine bessere Leistung zu bringen.<\/li>\n<\/ul>\n<h2><span class=\"mw-headline\" id=\"Weblinks\">Weblinks<\/span><a href=\"\/index.php?title=4._Runde,_Saison_2020\/21,_FC_Juniors_O%C3%96._gegen_FC_Liefering&amp;action=edit&amp;section=3\" title=\"Abschnitt bearbeiten: Weblinks\">Bearbeiten<\/a><span class=\"mw-editsection-bracket\">]<\/span><\/span><\/h2>\n<ul>\n<li><a rel=\"nofollow\" class=\"external text\" href=\"https:\/\/www.fc-liefering.at\/de\/fc-liefering\/news\/saison_2020_21\/hitziges-finish-ohne-happy-end.html\">Spielbericht Vereinshomepage<\/a><\/li>\n<\/ul>\n<\/div>\n","protected":false},"excerpt":{"rendered":"<p>FaktenBearbeiten] FC Juniors O\u00d6. gegen FC Liefering, 1:1 Spieltag 2. Liga-4. Runde Datum 29. September 2020 Anpfiff 18.30 Uhr Aufstellung Tor Daniel Antosch Verteidigung Amar Dedic &#8211; David Affengruber &#8211; Alois Oroz &#8211; Wallison Mittelfeld Sebastian Aigner &#8211; Nicolas Seiwald &#8211; Maurits Kjaergaard &#8211; Luka Sucic Sturm Alexander Prass &#8211; Benjamin Sesko Wechsel Wechsel Samuel [&hellip;]<\/p>\n","protected":false},"author":1,"featured_media":0,"comment_status":"open","ping_status":"open","sticky":false,"template":"","format":"standard","meta":{"footnotes":""},"categories":[1829],"tags":[],"class_list":["post-2313","post","type-post","status-publish","format-standard","hentry","category-4-runde-saison-2020"],"_links":{"self":[{"href":"https:\/\/wiki.s12.at\/index.php\/wp-json\/wp\/v2\/posts\/2313","targetHints":{"allow":["GET"]}}],"collection":[{"href":"https:\/\/wiki.s12.at\/index.php\/wp-json\/wp\/v2\/posts"}],"about":[{"href":"https:\/\/wiki.s12.at\/index.php\/wp-json\/wp\/v2\/types\/post"}],"author":[{"embeddable":true,"href":"https:\/\/wiki.s12.at\/index.php\/wp-json\/wp\/v2\/users\/1"}],"replies":[{"embeddable":true,"href":"https:\/\/wiki.s12.at\/index.php\/wp-json\/wp\/v2\/comments?post=2313"}],"version-history":[{"count":0,"href":"https:\/\/wiki.s12.at\/index.php\/wp-json\/wp\/v2\/posts\/2313\/revisions"}],"wp:attachment":[{"href":"https:\/\/wiki.s12.at\/index.php\/wp-json\/wp\/v2\/media?parent=2313"}],"wp:term":[{"taxonomy":"category","embeddable":true,"href":"https:\/\/wiki.s12.at\/index.php\/wp-json\/wp\/v2\/categories?post=2313"},{"taxonomy":"post_tag","embeddable":true,"href":"https:\/\/wiki.s12.at\/index.php\/wp-json\/wp\/v2\/tags?post=2313"}],"curies":[{"name":"wp","href":"https:\/\/api.w.org\/{rel}","templated":true}]}}