{"id":2306,"date":"2026-05-06T14:31:55","date_gmt":"2026-05-06T12:31:55","guid":{"rendered":"https:\/\/wiki.s12.at\/index.php\/2026\/05\/06\/4-runde-saison-2016-17-sv-ried-gegen-fc-red-bull-salzburg\/"},"modified":"2026-05-06T14:31:55","modified_gmt":"2026-05-06T12:31:55","slug":"4-runde-saison-2016-17-sv-ried-gegen-fc-red-bull-salzburg","status":"publish","type":"post","link":"https:\/\/wiki.s12.at\/index.php\/2026\/05\/06\/4-runde-saison-2016-17-sv-ried-gegen-fc-red-bull-salzburg\/","title":{"rendered":"17, SV Ried gegen FC Red Bull Salzburg"},"content":{"rendered":"<div class=\"mw-parser-output\">\n<h2><span class=\"mw-headline\" id=\"Fakten\">Fakten<\/span><a href=\"\/index.php?title=4._Runde,_Saison_2016\/17,_SV_Ried_gegen_FC_Red_Bull_Salzburg&amp;action=edit&amp;section=1\" title=\"Abschnitt bearbeiten: Fakten\">Bearbeiten<\/a><span class=\"mw-editsection-bracket\">]<\/span><\/span><\/h2>\n<table class=\"toptextcells toccolours\">\n<tbody>\n<tr>\n<th colspan=\"2\" style=\"text-align: center; vertical-align: top; padding: 0.3em 0.8em; font-size: 125%; background-color: lightsteelblue;\">SV Ried gegen FC Red Bull Salzburg, 0:2\n<\/th>\n<\/tr>\n<tr>\n<th style=\"text-align:left;\"><b>Spieltag<\/b>\n<\/th>\n<th style=\"text-align:left;\">Bundesliga &#8211; 4. Spieltag\n<\/th>\n<\/tr>\n<tr>\n<th style=\"text-align:left;\"><b>Datum<\/b>\n<\/th>\n<th style=\"text-align:left;\">13. August 2016\n<\/th>\n<\/tr>\n<tr>\n<th style=\"text-align:left;\"><b>Anpfiff<\/b>\n<\/th>\n<th style=\"text-align:left;\">16 Uhr\n<\/th>\n<\/tr>\n<tr>\n<td colspan=\"2\" style=\"text-align:center;\" bgcolor=\"lightgray\"><b>Aufstellung<\/b>\n<\/td>\n<\/tr>\n<tr>\n<th style=\"text-align:left;\"><b>Tor<\/b>\n<\/th>\n<th><a href=\"\/Alexander_Walke\" title=\"Alexander Walke\">Alexander Walke<\/a>\n<\/th>\n<\/tr>\n<tr>\n<th style=\"text-align:left;\"><b>Verteidigung<\/b>\n<\/th>\n<th><a href=\"\/Stefan_Lainer\" title=\"Stefan Lainer\">Stefan Lainer<\/a> &#8211; <a href=\"\/Martin_Hinteregger\" title=\"Martin Hinteregger\">Martin Hinteregger<\/a> &#8211; <a href=\"\/Duje_Caleta-Car\" title=\"Duje Caleta-Car\">Duje Caleta-Car<\/a> &#8211; <a href=\"\/Stefan_Stangl\" title=\"Stefan Stangl\">Stefan Stangl<\/a>\n<\/th>\n<\/tr>\n<tr>\n<th style=\"text-align:left;\"><b>Mittelfeld<\/b>\n<\/th>\n<th><a href=\"\/Bernardo\" title=\"Bernardo\">Bernardo<\/a> &#8211; <a href=\"\/Diadie_Samassekou\" title=\"Diadie Samassekou\">Diadie Samassekou<\/a> &#8211; <a href=\"\/Valon_Berisha\" title=\"Valon Berisha\">Valon Berisha<\/a>&#8211; <a href=\"\/Munas_Dabbur\" title=\"Munas Dabbur\">Munas Dabbur<\/a> &#8211; <a href=\"\/Valentino_Lazaro\" title=\"Valentino Lazaro\">Valentino Lazaro<\/a>\n<\/th>\n<\/tr>\n<tr>\n<th style=\"text-align:left;\"><b>Sturm<\/b>\n<\/th>\n<th><a href=\"\/Fredrik_Gulbrandsen\" title=\"Fredrik Gulbrandsen\">Fredrik Gulbrandsen<\/a>\n<\/th>\n<\/tr>\n<tr>\n<td colspan=\"2\" style=\"text-align:center;\" bgcolor=\"lightgray\"><b>Wechsel<\/b>\n<\/td>\n<\/tr>\n<tr>\n<th style=\"text-align:left;\"><b>Wechsel<\/b>\n<\/th>\n<th style=\"text-align:left;\"><a href=\"\/Wanderson\" title=\"Wanderson\">Wanderson<\/a> f\u00fcr Lazaro (72.), <a href=\"\/Konrad_Laimer\" title=\"Konrad Laimer\">Konrad Laimer<\/a> f\u00fcr Dabbur (86.)\n<\/th>\n<\/tr>\n<tr>\n<td colspan=\"2\" style=\"text-align:center;\" bgcolor=\"lightgray\"><b>Statistik<\/b>\n<\/td>\n<\/tr>\n<tr>\n<th style=\"text-align:left;\"><b>Endstand<\/b>\n<\/th>\n<th style=\"text-align:left;\">0:2 (0:0)\n<\/th>\n<\/tr>\n<tr>\n<th style=\"text-align:left;\"><b>Torsch\u00fctzen<\/b>\n<\/th>\n<th style=\"text-align:left;\">Bernardo (47.), Berisha (90.)\n<\/th>\n<\/tr>\n<tr>\n<th style=\"text-align:left;\"><b>Gelbe Karten<\/b>\n<\/th>\n<th style=\"text-align:left;\">Stangl (81.)\n<\/th>\n<\/tr>\n<tr>\n<th style=\"text-align:left;\"><b>Rote Karten<\/b>\n<\/th>\n<th style=\"text-align:left;\">\n<\/th>\n<\/tr>\n<tr>\n<th style=\"text-align:left;\"><b>Schiedsrichter<\/b>\n<\/th>\n<th style=\"text-align:left;\">Rene Eisner\n<\/th>\n<\/tr>\n<tr>\n<th style=\"text-align:left;\"><b>Stadion<\/b>\n<\/th>\n<th style=\"text-align:left;\">Keine Sorgen Arena, Ried\n<\/th>\n<\/tr>\n<tr>\n<th style=\"text-align:left;\"><b>Zuschauer<\/b>\n<\/th>\n<th style=\"text-align:left;\">4 609\n<\/th>\n<\/tr>\n<\/tbody>\n<\/table>\n<p>Der FC Red Bull Salzburg feierte heute sein 400. Bundesliga-Spiel in der Red Bull-\u00c4ra.\n<\/p>\n<h2><span class=\"mw-headline\" id=\"Bilder\">Bilder<\/span><a href=\"\/index.php?title=4._Runde,_Saison_2016\/17,_SV_Ried_gegen_FC_Red_Bull_Salzburg&amp;action=edit&amp;section=2\" title=\"Abschnitt bearbeiten: Bilder\">Bearbeiten<\/a><span class=\"mw-editsection-bracket\">]<\/span><\/span><\/h2>\n<ul class=\"gallery mw-gallery-traditional\">\n<li class=\"gallerybox\" style=\"width: 155px\">\n<div style=\"width: 155px\">\n<div class=\"thumb\" style=\"width: 150px;\">\n<div style=\"margin:23.5px auto;\"><a href=\"\/Datei:SV_Ried_gegen_FC_Red_Bull_Salzburg_(August_2016)_29.jpg\" class=\"image\"><img alt=\"SV Ried gegen FC Red Bull Salzburg (August 2016) 29.jpg\" src=\"\/images\/thumb\/b\/b1\/SV_Ried_gegen_FC_Red_Bull_Salzburg_%28August_2016%29_29.jpg\/120px-SV_Ried_gegen_FC_Red_Bull_Salzburg_%28August_2016%29_29.jpg%3Futm_source%3Dcommons.wikimedia.org%26utm_campaign%3Dimageinfo%26utm_content%3Dthumbnail\" decoding=\"async\" width=\"120\" height=\"103\" srcset=\"\/images\/thumb\/b\/b1\/SV_Ried_gegen_FC_Red_Bull_Salzburg_%28August_2016%29_29.jpg\/250px-SV_Ried_gegen_FC_Red_Bull_Salzburg_%28August_2016%29_29.jpg%3Futm_source%3Dcommons.wikimedia.org%26utm_campaign%3Dimageinfo%26utm_content%3Dthumbnail 1.5x\" \/><\/a><\/div>\n<\/div>\n<div class=\"gallerytext\">\n\t\t\t<\/div>\n<\/p><\/div>\n<\/li>\n<li class=\"gallerybox\" style=\"width: 155px\">\n<div style=\"width: 155px\">\n<div class=\"thumb\" style=\"width: 150px;\">\n<div style=\"margin:19px auto;\"><a href=\"\/Datei:SV_Ried_versus_FC_Red_Bull_Salzburg_(August_2016)_03.jpg\" class=\"image\"><img alt=\"SV Ried versus FC Red Bull Salzburg (August 2016) 03.jpg\" src=\"\/images\/thumb\/d\/df\/SV_Ried_versus_FC_Red_Bull_Salzburg_%28August_2016%29_03.jpg\/120px-SV_Ried_versus_FC_Red_Bull_Salzburg_%28August_2016%29_03.jpg%3Futm_source%3Dcommons.wikimedia.org%26utm_campaign%3Dimageinfo%26utm_content%3Dthumbnail\" decoding=\"async\" width=\"120\" height=\"112\" srcset=\"\/images\/thumb\/d\/df\/SV_Ried_versus_FC_Red_Bull_Salzburg_%28August_2016%29_03.jpg\/250px-SV_Ried_versus_FC_Red_Bull_Salzburg_%28August_2016%29_03.jpg%3Futm_source%3Dcommons.wikimedia.org%26utm_campaign%3Dimageinfo%26utm_content%3Dthumbnail 1.5x\" \/><\/a><\/div>\n<\/div>\n<div class=\"gallerytext\">\n\t\t\t<\/div>\n<\/p><\/div>\n<\/li>\n<li class=\"gallerybox\" style=\"width: 155px\">\n<div style=\"width: 155px\">\n<div class=\"thumb\" style=\"width: 150px;\">\n<div style=\"margin:18.5px auto;\"><a href=\"\/Datei:SV_Ried_versus_FC_Red_Bull_Salzburg_(August_2016)_05.jpg\" class=\"image\"><img alt=\"SV Ried versus FC Red Bull Salzburg (August 2016) 05.jpg\" src=\"\/images\/thumb\/4\/4e\/SV_Ried_versus_FC_Red_Bull_Salzburg_%28August_2016%29_05.jpg\/120px-SV_Ried_versus_FC_Red_Bull_Salzburg_%28August_2016%29_05.jpg%3Futm_source%3Dcommons.wikimedia.org%26utm_campaign%3Dimageinfo%26utm_content%3Dthumbnail\" decoding=\"async\" width=\"120\" height=\"113\" srcset=\"\/images\/thumb\/4\/4e\/SV_Ried_versus_FC_Red_Bull_Salzburg_%28August_2016%29_05.jpg\/250px-SV_Ried_versus_FC_Red_Bull_Salzburg_%28August_2016%29_05.jpg%3Futm_source%3Dcommons.wikimedia.org%26utm_campaign%3Dimageinfo%26utm_content%3Dthumbnail 1.5x\" \/><\/a><\/div>\n<\/div>\n<div class=\"gallerytext\">\n\t\t\t<\/div>\n<\/p><\/div>\n<\/li>\n<li class=\"gallerybox\" style=\"width: 155px\">\n<div style=\"width: 155px\">\n<div class=\"thumb\" style=\"width: 150px;\">\n<div style=\"margin:19.5px auto;\"><a href=\"\/Datei:SV_Ried_versus_FC_Red_Bull_Salzburg_(August_2016)_17.jpg\" class=\"image\"><img loading=\"lazy\" alt=\"SV Ried versus FC Red Bull Salzburg (August 2016) 17.jpg\" src=\"\/images\/thumb\/9\/99\/SV_Ried_versus_FC_Red_Bull_Salzburg_%28August_2016%29_17.jpg\/120px-SV_Ried_versus_FC_Red_Bull_Salzburg_%28August_2016%29_17.jpg%3Futm_source%3Dcommons.wikimedia.org%26utm_campaign%3Dimageinfo%26utm_content%3Dthumbnail\" decoding=\"async\" width=\"120\" height=\"111\" srcset=\"\/images\/thumb\/9\/99\/SV_Ried_versus_FC_Red_Bull_Salzburg_%28August_2016%29_17.jpg\/250px-SV_Ried_versus_FC_Red_Bull_Salzburg_%28August_2016%29_17.jpg%3Futm_source%3Dcommons.wikimedia.org%26utm_campaign%3Dimageinfo%26utm_content%3Dthumbnail 1.5x\" \/><\/a><\/div>\n<\/div>\n<div class=\"gallerytext\">\n\t\t\t<\/div>\n<\/p><\/div>\n<\/li>\n<\/ul>\n<p><img loading=\"lazy\" alt=\"\" src=\"\/images\/thumb\/4\/4a\/Commons-logo.svg\/langde-20px-Commons-logo.svg.png%3Futm_source%3Dcommons.wikimedia.org%26utm_campaign%3Dimageinfo%26utm_content%3Dthumbnail\" decoding=\"async\" title=\"Commons\" width=\"12\" height=\"16\" srcset=\"\/images\/thumb\/4\/4a\/Commons-logo.svg\/langde-40px-Commons-logo.svg.png%3Futm_source%3Dcommons.wikimedia.org%26utm_campaign%3Dimageinfo%26utm_content%3Dthumbnail 2x\" \/>&#160;<b><a href=\"http:\/\/commons.wikimedia.org\/wiki\/Category:SV_Ried_gegen_FC_Red_Bull_Salzburg_(13._August_2016)\" class=\"extiw\" title=\"commons:Category:SV Ried gegen FC Red Bull Salzburg (13. August 2016)\">4. Runde, Saison 2016\/17, SV Ried gegen FC Red Bull Salzburg<\/a><\/b>&#160;\u2013 Sammlung von Bildern, Videos und Audiodateien auf <a href=\"\/Wikimedia_Commons\" title=\"Wikimedia Commons\">Wikimedia Commons<\/a>\n<\/p>\n<h2><span class=\"mw-headline\" id=\"Weblinks\">Weblinks<\/span><a href=\"\/index.php?title=4._Runde,_Saison_2016\/17,_SV_Ried_gegen_FC_Red_Bull_Salzburg&amp;action=edit&amp;section=3\" title=\"Abschnitt bearbeiten: Weblinks\">Bearbeiten<\/a><span class=\"mw-editsection-bracket\">]<\/span><\/span><\/h2>\n<ul>\n<li><a rel=\"nofollow\" class=\"external text\" href=\"http:\/\/www.redbullsalzburg.at\/de\/fc-red-bull-salzburg\/news\/saison_2016_17\/souveraener-2-0-sieg-in-ried.html\">Spielbericht Vereinshomepage<\/a><\/li>\n<\/ul>\n<h2><span class=\"mw-headline\" id=\"Stimmen_zum_Spiel\">Stimmen zum Spiel<\/span><a href=\"\/index.php?title=4._Runde,_Saison_2016\/17,_SV_Ried_gegen_FC_Red_Bull_Salzburg&amp;action=edit&amp;section=4\" title=\"Abschnitt bearbeiten: Stimmen zum Spiel\">Bearbeiten<\/a><span class=\"mw-editsection-bracket\">]<\/span><\/span><\/h2>\n<ul>\n<li><b>Oscar Garcia:<\/b> Es war die beste erste Halbzeit dieser Saison. Wir haben gewusst, dass es ausw\u00e4rts in Ried schwierig werden kann, und somit bin ich auf die heutige Leistung meines Teams sehr stolz.<\/li>\n<\/ul>\n<ul>\n<li><b>Valon Berisha:<\/b> Unsere erste Halbzeit war heute richtig gut! Wir haben gute Torchancen kreiert, tun uns aber manchmal schwer, die Torchancen auch zu verwerten. Das Beste kam dann f\u00fcr mich zum Schluss! Wir waren klar die bessere Mannschaft, haben zwei sehr gute Tore geschossen, somit hochverdient gewonnen und nehmen die drei Punkte gerne mit.<\/li>\n<\/ul>\n<ul>\n<li><b>Christian Benbennek (Trainer SV Guntamatic Ried):<\/b> Wir haben verdient verloren. Mit ein bisschen Gl\u00fcck h\u00e4tten wir allerdings noch den Ausgleich machen k\u00f6nnen. Das w\u00e4re jedoch nicht ganz gerecht gewesen. Wir waren krasser Au\u00dfenseiter, aber auch ein bisschen zu passiv. Red Bull ist dominant, handlungsschnell, teilweise richtig gut. Wir sind nicht in der Lage, in der Offensive drei Spieler zu ersetzen. Ich bin aber Teil dieser Mannschaft und w\u00fcrde ihr niemals die Qualit\u00e4t absprechen.&#8220;<\/li>\n<\/ul>\n<\/div>\n","protected":false},"excerpt":{"rendered":"<p>FaktenBearbeiten] SV Ried gegen FC Red Bull Salzburg, 0:2 Spieltag Bundesliga &#8211; 4. Spieltag Datum 13. August 2016 Anpfiff 16 Uhr Aufstellung Tor Alexander Walke Verteidigung Stefan Lainer &#8211; Martin Hinteregger &#8211; Duje Caleta-Car &#8211; Stefan Stangl Mittelfeld Bernardo &#8211; Diadie Samassekou &#8211; Valon Berisha&#8211; Munas Dabbur &#8211; Valentino Lazaro Sturm Fredrik Gulbrandsen Wechsel Wechsel [&hellip;]<\/p>\n","protected":false},"author":1,"featured_media":0,"comment_status":"open","ping_status":"open","sticky":false,"template":"","format":"standard","meta":{"footnotes":""},"categories":[1825],"tags":[],"class_list":["post-2306","post","type-post","status-publish","format-standard","hentry","category-4-runde-saison-2016"],"_links":{"self":[{"href":"https:\/\/wiki.s12.at\/index.php\/wp-json\/wp\/v2\/posts\/2306","targetHints":{"allow":["GET"]}}],"collection":[{"href":"https:\/\/wiki.s12.at\/index.php\/wp-json\/wp\/v2\/posts"}],"about":[{"href":"https:\/\/wiki.s12.at\/index.php\/wp-json\/wp\/v2\/types\/post"}],"author":[{"embeddable":true,"href":"https:\/\/wiki.s12.at\/index.php\/wp-json\/wp\/v2\/users\/1"}],"replies":[{"embeddable":true,"href":"https:\/\/wiki.s12.at\/index.php\/wp-json\/wp\/v2\/comments?post=2306"}],"version-history":[{"count":0,"href":"https:\/\/wiki.s12.at\/index.php\/wp-json\/wp\/v2\/posts\/2306\/revisions"}],"wp:attachment":[{"href":"https:\/\/wiki.s12.at\/index.php\/wp-json\/wp\/v2\/media?parent=2306"}],"wp:term":[{"taxonomy":"category","embeddable":true,"href":"https:\/\/wiki.s12.at\/index.php\/wp-json\/wp\/v2\/categories?post=2306"},{"taxonomy":"post_tag","embeddable":true,"href":"https:\/\/wiki.s12.at\/index.php\/wp-json\/wp\/v2\/tags?post=2306"}],"curies":[{"name":"wp","href":"https:\/\/api.w.org\/{rel}","templated":true}]}}