{"id":2300,"date":"2026-05-06T14:31:36","date_gmt":"2026-05-06T12:31:36","guid":{"rendered":"https:\/\/wiki.s12.at\/index.php\/2026\/05\/06\/4-runde-saison-2013-14-fc-red-bull-salzburg-gegen-sv-groedig\/"},"modified":"2026-05-06T14:31:36","modified_gmt":"2026-05-06T12:31:36","slug":"4-runde-saison-2013-14-fc-red-bull-salzburg-gegen-sv-groedig","status":"publish","type":"post","link":"https:\/\/wiki.s12.at\/index.php\/2026\/05\/06\/4-runde-saison-2013-14-fc-red-bull-salzburg-gegen-sv-groedig\/","title":{"rendered":"14, FC Red Bull Salzburg gegen SV Gr\u00f6dig"},"content":{"rendered":"<div class=\"mw-parser-output\">\n<h3><span class=\"mw-headline\" id=\"Fakten\">Fakten<\/span><a href=\"\/index.php?title=4._Runde,_Saison_2013\/14,_FC_Red_Bull_Salzburg_gegen_SV_Gr%C3%B6dig&amp;action=edit&amp;section=1\" title=\"Abschnitt bearbeiten: Fakten\">Bearbeiten<\/a><span class=\"mw-editsection-bracket\">]<\/span><\/span><\/h3>\n<p><b>Bundesliga &#8211; 4. Spieltag: 10. August 2013, 19 Uhr<\/b><br \/>\n\n<\/p>\n<table class=\"wikitable\">\n<caption><big> <b>Red Bull Salzburg gegen SV Gr\u00f6dig, 4:1<\/b><\/big><br \/>\n<\/caption>\n<tbody>\n<tr>\n<td>Aufstellung:<\/td>\n<td><a href=\"\/Peter_Gulacsi\" class=\"mw-redirect\" title=\"Peter Gulacsi\">Peter Gulacsi<\/a>\n<\/td>\n<\/tr>\n<tr>\n<td><\/td>\n<td><a href=\"\/Florian_Klein\" title=\"Florian Klein\">Florian Klein<\/a> <a href=\"\/Martin_Hinteregger\" title=\"Martin Hinteregger\">Martin Hinteregger<\/a> <a href=\"\/Andre_Ramalho\" class=\"mw-redirect\" title=\"Andre Ramalho\">Andre Ramalho<\/a> <a href=\"\/Andreas_Ulmer\" title=\"Andreas Ulmer\">Andreas Ulmer<\/a>\n<\/td>\n<\/tr>\n<tr>\n<td><\/td>\n<td><a href=\"\/Sadio_Man%C3%A9\" title=\"Sadio Man\u00e9\">Sadio Man\u00e9<\/a> <a href=\"\/Stefan_Ilsanker\" title=\"Stefan Ilsanker\">Stefan Ilsanker<\/a> <a href=\"\/Jakob_Jantscher\" title=\"Jakob Jantscher\">Jakob Jantscher<\/a> <a href=\"\/Kevin_Kampl\" title=\"Kevin Kampl\">Kevin Kampl<\/a>\n<\/td>\n<\/tr>\n<tr>\n<td><\/td>\n<td><a href=\"\/Jonatan_Soriano\" title=\"Jonatan Soriano\">Jonatan Soriano<\/a> <a href=\"\/Alan\" title=\"Alan\">Alan<\/a>\n<\/td>\n<\/tr>\n<tr>\n<td>Wechsel:<\/td>\n<td><a href=\"\/Stefan_Hierl%C3%A4nder\" title=\"Stefan Hierl\u00e4nder\">Stefan Hierl\u00e4nder<\/a> f\u00fcr Jantscher (46.), <a href=\"\/Valon_Berisha\" title=\"Valon Berisha\">Valon Berisha<\/a> f\u00fcr Alan (68.), <a href=\"\/Marco_Meilinger\" title=\"Marco Meilinger\">Marco Meilinger<\/a> f\u00fcr Kampl (86.)\n<\/td>\n<\/tr>\n<tr>\n<td>Endstand:<\/td>\n<td>4:1 (0:1)\n<\/td>\n<\/tr>\n<tr>\n<td>Torsch\u00fctzen:<\/td>\n<td>Hinteregger (51.), Ramalho (66.), Berisha (83.), Soriano (92.); Elsneg (38.)\n<\/td>\n<\/tr>\n<tr>\n<td>Gelbe Karten:<\/td>\n<td>Mane (45.), Hierl\u00e4nder (55.), Berisha (83.); Z\u00fcndel (30.), Strobl (63.), Cabrera (74.), Trdina (88.)\n<\/td>\n<\/tr>\n<tr>\n<td>Gelb-rote Karten:<\/td>\n<td>Z\u00fcndel (76.)\n<\/td>\n<\/tr>\n<tr>\n<td>Rote Karten:<\/td>\n<td>\n<\/td>\n<\/tr>\n<tr>\n<td>Schiedsrichter:<\/td>\n<td>Dominik Ouschan\n<\/td>\n<\/tr>\n<tr>\n<td>Stadion:<\/td>\n<td>EM-Stadion Wals-Siezenheim, Salzburg\n<\/td>\n<\/tr>\n<tr>\n<td>Zuschauer:<\/td>\n<td>16 220\n<\/td>\n<\/tr>\n<\/tbody>\n<\/table>\n<h2><span class=\"mw-headline\" id=\"Bilder\">Bilder<\/span><a href=\"\/index.php?title=4._Runde,_Saison_2013\/14,_FC_Red_Bull_Salzburg_gegen_SV_Gr%C3%B6dig&amp;action=edit&amp;section=2\" title=\"Abschnitt bearbeiten: Bilder\">Bearbeiten<\/a><span class=\"mw-editsection-bracket\">]<\/span><\/span><\/h2>\n<p><img alt=\"\" src=\"\/images\/thumb\/4\/4a\/Commons-logo.svg\/langde-20px-Commons-logo.svg.png%3Futm_source%3Dcommons.wikimedia.org%26utm_campaign%3Dimageinfo%26utm_content%3Dthumbnail\" decoding=\"async\" title=\"Commons\" width=\"12\" height=\"16\" srcset=\"\/images\/thumb\/4\/4a\/Commons-logo.svg\/langde-40px-Commons-logo.svg.png%3Futm_source%3Dcommons.wikimedia.org%26utm_campaign%3Dimageinfo%26utm_content%3Dthumbnail 2x\" \/>&#160;<b><a href=\"http:\/\/commons.wikimedia.org\/wiki\/Category:FC_Red_Bull_Salzburg_gegen_SV_Gr%C3%B6dig_10._August_2013\" class=\"extiw\" title=\"commons:Category:FC Red Bull Salzburg gegen SV Gr\u00f6dig 10. August 2013\">4. Runde, Saison 2013\/14, FC Red Bull Salzburg gegen SV Gr\u00f6dig<\/a><\/b>&#160;\u2013 Sammlung von Bildern, Videos und Audiodateien auf <a href=\"\/Wikimedia_Commons\" title=\"Wikimedia Commons\">Wikimedia Commons<\/a>\n<\/p>\n<\/div>\n","protected":false},"excerpt":{"rendered":"<p>FaktenBearbeiten] Bundesliga &#8211; 4. Spieltag: 10. August 2013, 19 Uhr Red Bull Salzburg gegen SV Gr\u00f6dig, 4:1 Aufstellung: Peter Gulacsi Florian Klein Martin Hinteregger Andre Ramalho Andreas Ulmer Sadio Man\u00e9 Stefan Ilsanker Jakob Jantscher Kevin Kampl Jonatan Soriano Alan Wechsel: Stefan Hierl\u00e4nder f\u00fcr Jantscher (46.), Valon Berisha f\u00fcr Alan (68.), Marco Meilinger f\u00fcr Kampl (86.) [&hellip;]<\/p>\n","protected":false},"author":1,"featured_media":0,"comment_status":"open","ping_status":"open","sticky":false,"template":"","format":"standard","meta":{"footnotes":""},"categories":[1822],"tags":[],"class_list":["post-2300","post","type-post","status-publish","format-standard","hentry","category-4-runde-saison-2013"],"_links":{"self":[{"href":"https:\/\/wiki.s12.at\/index.php\/wp-json\/wp\/v2\/posts\/2300","targetHints":{"allow":["GET"]}}],"collection":[{"href":"https:\/\/wiki.s12.at\/index.php\/wp-json\/wp\/v2\/posts"}],"about":[{"href":"https:\/\/wiki.s12.at\/index.php\/wp-json\/wp\/v2\/types\/post"}],"author":[{"embeddable":true,"href":"https:\/\/wiki.s12.at\/index.php\/wp-json\/wp\/v2\/users\/1"}],"replies":[{"embeddable":true,"href":"https:\/\/wiki.s12.at\/index.php\/wp-json\/wp\/v2\/comments?post=2300"}],"version-history":[{"count":0,"href":"https:\/\/wiki.s12.at\/index.php\/wp-json\/wp\/v2\/posts\/2300\/revisions"}],"wp:attachment":[{"href":"https:\/\/wiki.s12.at\/index.php\/wp-json\/wp\/v2\/media?parent=2300"}],"wp:term":[{"taxonomy":"category","embeddable":true,"href":"https:\/\/wiki.s12.at\/index.php\/wp-json\/wp\/v2\/categories?post=2300"},{"taxonomy":"post_tag","embeddable":true,"href":"https:\/\/wiki.s12.at\/index.php\/wp-json\/wp\/v2\/tags?post=2300"}],"curies":[{"name":"wp","href":"https:\/\/api.w.org\/{rel}","templated":true}]}}