{"id":2226,"date":"2026-05-06T14:26:27","date_gmt":"2026-05-06T12:26:27","guid":{"rendered":"https:\/\/wiki.s12.at\/index.php\/2026\/05\/06\/36-runde-saison-2016-17-fc-red-bull-salzburg-gegen-scr-altach\/"},"modified":"2026-05-06T14:26:27","modified_gmt":"2026-05-06T12:26:27","slug":"36-runde-saison-2016-17-fc-red-bull-salzburg-gegen-scr-altach","status":"publish","type":"post","link":"https:\/\/wiki.s12.at\/index.php\/2026\/05\/06\/36-runde-saison-2016-17-fc-red-bull-salzburg-gegen-scr-altach\/","title":{"rendered":"17, FC Red Bull Salzburg gegen SCR Altach"},"content":{"rendered":"<div class=\"mw-parser-output\">\n<h2><span class=\"mw-headline\" id=\"Fakten\">Fakten<\/span><a href=\"\/index.php?title=36._Runde,_Saison_2016\/17,_FC_Red_Bull_Salzburg_gegen_SCR_Altach&amp;action=edit&amp;section=1\" title=\"Abschnitt bearbeiten: Fakten\">Bearbeiten<\/a><span class=\"mw-editsection-bracket\">]<\/span><\/span><\/h2>\n<table class=\"toptextcells toccolours\">\n<tbody>\n<tr>\n<th colspan=\"2\" style=\"text-align: center; vertical-align: top; padding: 0.3em 0.8em; font-size: 125%; background-color: lightsteelblue;\">FC Red Bull Salzburg gegen SCR Altach, 1:0\n<\/th>\n<\/tr>\n<tr>\n<th style=\"text-align:left;\"><b>Spieltag<\/b>\n<\/th>\n<th style=\"text-align:left;\">Bundesliga &#8211; 36. Spieltag\n<\/th>\n<\/tr>\n<tr>\n<th style=\"text-align:left;\"><b>Datum<\/b>\n<\/th>\n<th style=\"text-align:left;\">28. Mai 2017\n<\/th>\n<\/tr>\n<tr>\n<th style=\"text-align:left;\"><b>Anpfiff<\/b>\n<\/th>\n<th style=\"text-align:left;\">16.30 Uhr\n<\/th>\n<\/tr>\n<tr>\n<td colspan=\"2\" style=\"text-align:center;\" bgcolor=\"lightgray\"><b>Aufstellung<\/b>\n<\/td>\n<\/tr>\n<tr>\n<th style=\"text-align:left;\"><b>Tor<\/b>\n<\/th>\n<th><a href=\"\/Alexander_Walke\" title=\"Alexander Walke\">Alexander Walke<\/a>\n<\/th>\n<\/tr>\n<tr>\n<th style=\"text-align:left;\"><b>Verteidigung<\/b>\n<\/th>\n<th><a href=\"\/Christian_Schwegler\" title=\"Christian Schwegler\">Christian Schwegler<\/a> &#8211; <a href=\"\/Andre_Wisdom\" title=\"Andre Wisdom\">Andre Wisdom<\/a> &#8211; <a href=\"\/Igor\" class=\"mw-redirect\" title=\"Igor\">Igor<\/a> &#8211; <a href=\"\/Stefan_Stangl\" title=\"Stefan Stangl\">Stefan Stangl<\/a>\n<\/th>\n<\/tr>\n<tr>\n<th style=\"text-align:left;\"><b>Mittelfeld<\/b>\n<\/th>\n<th><a href=\"\/Josip_Radosevic\" title=\"Josip Radosevic\">Josip Radosevic<\/a> &#8211; <a href=\"\/Christoph_Leitgeb\" title=\"Christoph Leitgeb\">Christoph Leitgeb<\/a> &#8211; <a href=\"\/Valon_Berisha\" title=\"Valon Berisha\">Valon Berisha<\/a> &#8211; <a href=\"\/Stefan_Lainer\" title=\"Stefan Lainer\">Stefan Lainer<\/a>\n<\/th>\n<\/tr>\n<tr>\n<th style=\"text-align:left;\"><b>Sturm<\/b>\n<\/th>\n<th><a href=\"\/Hannes_Wolf\" title=\"Hannes Wolf\">Hannes Wolf<\/a> &#8211; <a href=\"\/Takumi_Minamino\" title=\"Takumi Minamino\">Takumi Minamino<\/a>\n<\/th>\n<\/tr>\n<tr>\n<td colspan=\"2\" style=\"text-align:center;\" bgcolor=\"lightgray\"><b>Wechsel<\/b>\n<\/td>\n<\/tr>\n<tr>\n<th style=\"text-align:left;\"><b>Wechsel<\/b>\n<\/th>\n<th style=\"text-align:left;\"><a href=\"\/Dimitri_Oberlin\" title=\"Dimitri Oberlin\">Dimitri Oberlin <\/a> f\u00fcr Leitgeb (58.), <a href=\"\/Amadou_Haidara\" title=\"Amadou Haidara\">Amadou Haidara <\/a> f\u00fcr Berisha (73.), <a href=\"\/Valentino_Lazaro\" title=\"Valentino Lazaro\">Valentino Lazaro<\/a> f\u00fcr Schwegler (90.)\n<\/th>\n<\/tr>\n<tr>\n<td colspan=\"2\" style=\"text-align:center;\" bgcolor=\"lightgray\"><b>Statistik<\/b>\n<\/td>\n<\/tr>\n<tr>\n<th style=\"text-align:left;\"><b>Endstand<\/b>\n<\/th>\n<th style=\"text-align:left;\">1:0 (1:0)\n<\/th>\n<\/tr>\n<tr>\n<th style=\"text-align:left;\"><b>Torsch\u00fctzen<\/b>\n<\/th>\n<th style=\"text-align:left;\">Zivotic (37.\/ET)\n<\/th>\n<\/tr>\n<tr>\n<th style=\"text-align:left;\"><b>Gelbe Karten<\/b>\n<\/th>\n<th style=\"text-align:left;\">Wisdom (54.); Netzer (18.), Sakic (84.)\n<\/th>\n<\/tr>\n<tr>\n<th style=\"text-align:left;\"><b>Rote Karten<\/b>\n<\/th>\n<th style=\"text-align:left;\">\n<\/th>\n<\/tr>\n<tr>\n<th style=\"text-align:left;\"><b>Schiedsrichter<\/b>\n<\/th>\n<th style=\"text-align:left;\">Harald Lechner\n<\/th>\n<\/tr>\n<tr>\n<th style=\"text-align:left;\"><b>Stadion<\/b>\n<\/th>\n<th style=\"text-align:left;\">Red Bull Arena, Salzburg\n<\/th>\n<\/tr>\n<tr>\n<th style=\"text-align:left;\"><b>Zuschauer<\/b>\n<\/th>\n<th style=\"text-align:left;\">9 317\n<\/th>\n<\/tr>\n<\/tbody>\n<\/table>\n<ul>\n<li>Christian Schwegler absolvierte sein letztes LIgaspiel f\u00fcr den FC Red Bull Salzburg.<\/li>\n<li>Igor feierte sein Deb\u00fct in der ersten Mannschaft.<\/li>\n<\/ul>\n<h2><span class=\"mw-headline\" id=\"Weblinks\">Weblinks<\/span><a href=\"\/index.php?title=36._Runde,_Saison_2016\/17,_FC_Red_Bull_Salzburg_gegen_SCR_Altach&amp;action=edit&amp;section=2\" title=\"Abschnitt bearbeiten: Weblinks\">Bearbeiten<\/a><span class=\"mw-editsection-bracket\">]<\/span><\/span><\/h2>\n<p><a rel=\"nofollow\" class=\"external text\" href=\"http:\/\/www.redbullsalzburg.at\/de\/fc-red-bull-salzburg\/news\/saison_2016_17\/rote-bulle-kroenen-ueberragende-saison-mit-punkterekord.html\">Spielbericht Vereinshomepage<\/a>\n<\/p>\n<h2><span class=\"mw-headline\" id=\"Stimmen_zum_Spiel\">Stimmen zum Spiel<\/span><a href=\"\/index.php?title=36._Runde,_Saison_2016\/17,_FC_Red_Bull_Salzburg_gegen_SCR_Altach&amp;action=edit&amp;section=3\" title=\"Abschnitt bearbeiten: Stimmen zum Spiel\">Bearbeiten<\/a><span class=\"mw-editsection-bracket\">]<\/span><\/span><\/h2>\n<p><b>Christoph Freund:<\/b> Wenn man bedenkt, was wir f\u00fcr einen schwierigen Start in der Liga hatten, dann ist dieser Titel umso mehr wert f\u00fcr uns. Jetzt wird erstmal gefeiert. Sogar daf\u00fcr haben wir heute die besten Bedingungen: tolles Wetter, eine gro\u00dfartige Kulisse und fantastische Fans. Es macht richtig Spa\u00df, f\u00fcr diesen Verein zu arbeiten, speziell wenn man sieht, was da f\u00fcr tolle junge Talente nachkommen. Das hat man auch heute wieder gesehen.\n<\/p>\n<p><b>Valentino Lazaro:<\/b> Es ist ja bekannt, dass wir uns zu Beginn der Saison sehr schwergetan haben, aber wir haben uns im Herbst in der Europa League, speziell gegen Nizza und Krasnodar, sehr gut pr\u00e4sentiert. Im Fr\u00fchjahr haben wir dann in der Meisterschaft so richtig Gas gegeben und sind daher verdient Meister geworden. Der Punkterekord ist zwar ein toller Nebeneffekt, aber wir haben keine extra Motivation gebraucht. Jetzt gehen wir mit viel Selbstvertrauen ins Cup-Finale, denn wir haben gegen Rapid ja auch in der Liga zuletzt immer gute Spiele gemacht.\n<\/p>\n<\/div>\n","protected":false},"excerpt":{"rendered":"<p>FaktenBearbeiten] FC Red Bull Salzburg gegen SCR Altach, 1:0 Spieltag Bundesliga &#8211; 36. Spieltag Datum 28. Mai 2017 Anpfiff 16.30 Uhr Aufstellung Tor Alexander Walke Verteidigung Christian Schwegler &#8211; Andre Wisdom &#8211; Igor &#8211; Stefan Stangl Mittelfeld Josip Radosevic &#8211; Christoph Leitgeb &#8211; Valon Berisha &#8211; Stefan Lainer Sturm Hannes Wolf &#8211; Takumi Minamino Wechsel [&hellip;]<\/p>\n","protected":false},"author":1,"featured_media":0,"comment_status":"open","ping_status":"open","sticky":false,"template":"","format":"standard","meta":{"footnotes":""},"categories":[1765],"tags":[],"class_list":["post-2226","post","type-post","status-publish","format-standard","hentry","category-36-runde-saison-2016"],"_links":{"self":[{"href":"https:\/\/wiki.s12.at\/index.php\/wp-json\/wp\/v2\/posts\/2226","targetHints":{"allow":["GET"]}}],"collection":[{"href":"https:\/\/wiki.s12.at\/index.php\/wp-json\/wp\/v2\/posts"}],"about":[{"href":"https:\/\/wiki.s12.at\/index.php\/wp-json\/wp\/v2\/types\/post"}],"author":[{"embeddable":true,"href":"https:\/\/wiki.s12.at\/index.php\/wp-json\/wp\/v2\/users\/1"}],"replies":[{"embeddable":true,"href":"https:\/\/wiki.s12.at\/index.php\/wp-json\/wp\/v2\/comments?post=2226"}],"version-history":[{"count":0,"href":"https:\/\/wiki.s12.at\/index.php\/wp-json\/wp\/v2\/posts\/2226\/revisions"}],"wp:attachment":[{"href":"https:\/\/wiki.s12.at\/index.php\/wp-json\/wp\/v2\/media?parent=2226"}],"wp:term":[{"taxonomy":"category","embeddable":true,"href":"https:\/\/wiki.s12.at\/index.php\/wp-json\/wp\/v2\/categories?post=2226"},{"taxonomy":"post_tag","embeddable":true,"href":"https:\/\/wiki.s12.at\/index.php\/wp-json\/wp\/v2\/tags?post=2226"}],"curies":[{"name":"wp","href":"https:\/\/api.w.org\/{rel}","templated":true}]}}