{"id":2224,"date":"2026-05-06T14:26:26","date_gmt":"2026-05-06T12:26:26","guid":{"rendered":"https:\/\/wiki.s12.at\/index.php\/2026\/05\/06\/36-runde-saison-2015-16-fc-red-bull-salzburg-gegen-wolfsberger-ac\/"},"modified":"2026-05-06T14:26:26","modified_gmt":"2026-05-06T12:26:26","slug":"36-runde-saison-2015-16-fc-red-bull-salzburg-gegen-wolfsberger-ac","status":"publish","type":"post","link":"https:\/\/wiki.s12.at\/index.php\/2026\/05\/06\/36-runde-saison-2015-16-fc-red-bull-salzburg-gegen-wolfsberger-ac\/","title":{"rendered":"16 FC Red Bull Salzburg gegen Wolfsberger AC"},"content":{"rendered":"<div class=\"mw-parser-output\">\n<h2><span class=\"mw-headline\" id=\"Fakten\">Fakten<\/span><a href=\"\/index.php?title=36._Runde,_Saison_2015\/16_FC_Red_Bull_Salzburg_gegen_Wolfsberger_AC&amp;action=edit&amp;section=1\" title=\"Abschnitt bearbeiten: Fakten\">Bearbeiten<\/a><span class=\"mw-editsection-bracket\">]<\/span><\/span><\/h2>\n<table class=\"toptextcells toccolours\">\n<tbody>\n<tr>\n<th colspan=\"2\" style=\"text-align: center; vertical-align: top; padding: 0.3em 0.8em; font-size: 125%; background-color: lightsteelblue;\">FC Red Bull Salzburg gegen Wolfsberger AC, 1:0\n<\/th>\n<\/tr>\n<tr>\n<th style=\"text-align:left;\"><b>Spieltag<\/b>\n<\/th>\n<th style=\"text-align:left;\">Bundesliga &#8211; 36. Spieltag\n<\/th>\n<\/tr>\n<tr>\n<th style=\"text-align:left;\"><b>Datum<\/b>\n<\/th>\n<th style=\"text-align:left;\">15. Mai 2016\n<\/th>\n<\/tr>\n<tr>\n<th style=\"text-align:left;\"><b>Anpfiff<\/b>\n<\/th>\n<th style=\"text-align:left;\">17.30 Uhr\n<\/th>\n<\/tr>\n<tr>\n<td colspan=\"2\" style=\"text-align:center;\" bgcolor=\"lightgray\"><b>Aufstellung<\/b>\n<\/td>\n<\/tr>\n<tr>\n<th style=\"text-align:left;\"><b>Tor<\/b>\n<\/th>\n<th><a href=\"\/Cican_Stankovic\" title=\"Cican Stankovic\">Cican Stankovic<\/a>\n<\/th>\n<\/tr>\n<tr>\n<th style=\"text-align:left;\"><b>Verteidigung<\/b>\n<\/th>\n<th><a href=\"\/Benno_Schmitz\" title=\"Benno Schmitz\">Benno Schmitz<\/a> &#8211; <a href=\"\/Dayot_Upamecano\" title=\"Dayot Upamecano\">Dayot Upamecano<\/a> &#8211; <a href=\"\/Duje_Caleta-Car\" title=\"Duje Caleta-Car\">Duje Caleta-Car<\/a> &#8211; <a href=\"\/Stefan_Lainer\" title=\"Stefan Lainer\">Stefan Lainer<\/a>\n<\/th>\n<\/tr>\n<tr>\n<th style=\"text-align:left;\"><b>Mittelfeld<\/b>\n<\/th>\n<th><a href=\"\/Konrad_Laimer\" title=\"Konrad Laimer\">Konrad Laimer<\/a> &#8211;  <a href=\"\/Yasin_Pehlivan\" title=\"Yasin Pehlivan\">Yasin Pehlivan<\/a> &#8211; <a href=\"\/Takumi_Minamino\" title=\"Takumi Minamino\">Takumi Minamino<\/a> &#8211; <a href=\"\/Valentino_Lazaro\" title=\"Valentino Lazaro\">Valentino Lazaro<\/a> &#8211; <a href=\"\/Naby_Keita\" title=\"Naby Keita\">Naby Keita<\/a>\n<\/th>\n<\/tr>\n<tr>\n<th style=\"text-align:left;\"><b>Sturm<\/b>\n<\/th>\n<th><a href=\"\/Yordy_Reyna\" title=\"Yordy Reyna\">Yordy Reyna<\/a>\n<\/th>\n<\/tr>\n<tr>\n<td colspan=\"2\" style=\"text-align:center;\" bgcolor=\"lightgray\"><b>Wechsel<\/b>\n<\/td>\n<\/tr>\n<tr>\n<th style=\"text-align:left;\"><b>Wechsel<\/b>\n<\/th>\n<th style=\"text-align:left;\"><a href=\"\/Christian_Schwegler\" title=\"Christian Schwegler\">Christian Schwegler<\/a> f\u00fcr Schmitz (67.), <a href=\"\/Xaver_Schlager\" title=\"Xaver Schlager\">Xaver Schlager<\/a> f\u00fcr Keita (73.), <a href=\"\/Dimitri_Oberlin\" title=\"Dimitri Oberlin\">Dimitri Oberlin<\/a> f\u00fcr Reyna (80.)\n<\/th>\n<\/tr>\n<tr>\n<td colspan=\"2\" style=\"text-align:center;\" bgcolor=\"lightgray\"><b>Statistik<\/b>\n<\/td>\n<\/tr>\n<tr>\n<th style=\"text-align:left;\"><b>Endstand<\/b>\n<\/th>\n<th style=\"text-align:left;\">1:0 (0:0)\n<\/th>\n<\/tr>\n<tr>\n<th style=\"text-align:left;\"><b>Torsch\u00fctzen<\/b>\n<\/th>\n<th style=\"text-align:left;\">Lazaro (56.)\n<\/th>\n<\/tr>\n<tr>\n<th style=\"text-align:left;\"><b>Gelbe Karten<\/b>\n<\/th>\n<th style=\"text-align:left;\">Tschernegg (87.)\n<\/th>\n<\/tr>\n<tr>\n<th style=\"text-align:left;\"><b>Rote Karten<\/b>\n<\/th>\n<th style=\"text-align:left;\">\n<\/th>\n<\/tr>\n<tr>\n<th style=\"text-align:left;\"><b>Schiedsrichter<\/b>\n<\/th>\n<th style=\"text-align:left;\">Manuel Sch\u00fcttengruber\n<\/th>\n<\/tr>\n<tr>\n<th style=\"text-align:left;\"><b>Stadion<\/b>\n<\/th>\n<th style=\"text-align:left;\">Red Bull Arena, Salzburg\n<\/th>\n<\/tr>\n<tr>\n<th style=\"text-align:left;\"><b>Zuschauer<\/b>\n<\/th>\n<th style=\"text-align:left;\">14 138\n<\/th>\n<\/tr>\n<\/tbody>\n<\/table>\n<p>Nach dem Spiel fand die offizielle \u00dcbergabe des Meistertellers durch die Bundesliga statt. Jonatan Soriano wurde als bester Torsch\u00fctze, Alexander Walke als bester Torh\u00fcter und Naby Keita als bester Spieler der Liga ausgezeichnet.\n<\/p>\n<h2><span class=\"mw-headline\" id=\"Weblinks\">Weblinks<\/span><a href=\"\/index.php?title=36._Runde,_Saison_2015\/16_FC_Red_Bull_Salzburg_gegen_Wolfsberger_AC&amp;action=edit&amp;section=2\" title=\"Abschnitt bearbeiten: Weblinks\">Bearbeiten<\/a><span class=\"mw-editsection-bracket\">]<\/span><\/span><\/h2>\n<p><a rel=\"nofollow\" class=\"external text\" href=\"http:\/\/www.redbullsalzburg.at\/de\/fc-red-bull-salzburg\/news\/saison_2015_16\/rote-bullen-feiern-titel-hattrick-mit-einem-1-0-heimsieg.html\">Spielbericht Vereinshomepage<\/a>\n<\/p>\n<h2><span class=\"mw-headline\" id=\"Bilder\">Bilder<\/span><a href=\"\/index.php?title=36._Runde,_Saison_2015\/16_FC_Red_Bull_Salzburg_gegen_Wolfsberger_AC&amp;action=edit&amp;section=3\" title=\"Abschnitt bearbeiten: Bilder\">Bearbeiten<\/a><span class=\"mw-editsection-bracket\">]<\/span><\/span><\/h2>\n<ul class=\"gallery mw-gallery-traditional\">\n<li class=\"gallerybox\" style=\"width: 155px\">\n<div style=\"width: 155px\">\n<div class=\"thumb\" style=\"width: 150px;\">\n<div style=\"margin:15px auto;\"><a href=\"\/Datei:FC_Red_Bull_Salzburg_gegen_Wolfsberger_AC_(15._5._2016)_277.JPG\" class=\"image\"><img alt=\"FC Red Bull Salzburg gegen Wolfsberger AC (15. 5. 2016) 277.JPG\" src=\"\/images\/thumb\/7\/70\/FC_Red_Bull_Salzburg_gegen_Wolfsberger_AC_%2815._5._2016%29_277.JPG\/120px-FC_Red_Bull_Salzburg_gegen_Wolfsberger_AC_%2815._5._2016%29_277.JPG%3Futm_source%3Dcommons.wikimedia.org%26utm_campaign%3Dimageinfo%26utm_content%3Dthumbnail\" decoding=\"async\" width=\"118\" height=\"120\" srcset=\"\/images\/thumb\/7\/70\/FC_Red_Bull_Salzburg_gegen_Wolfsberger_AC_%2815._5._2016%29_277.JPG\/250px-FC_Red_Bull_Salzburg_gegen_Wolfsberger_AC_%2815._5._2016%29_277.JPG%3Futm_source%3Dcommons.wikimedia.org%26utm_campaign%3Dimageinfo%26utm_content%3Dthumbnail 1.5x\" \/><\/a><\/div>\n<\/div>\n<div class=\"gallerytext\">\n\t\t\t<\/div>\n<\/p><\/div>\n<\/li>\n<li class=\"gallerybox\" style=\"width: 155px\">\n<div style=\"width: 155px\">\n<div class=\"thumb\" style=\"width: 150px;\">\n<div style=\"margin:47px auto;\"><a href=\"\/Datei:FC_Red_Bull_Salzburg_gegen_Wolfsberger_AC_(15._5._2016)_326.JPG\" class=\"image\"><img alt=\"FC Red Bull Salzburg gegen Wolfsberger AC (15. 5. 2016) 326.JPG\" src=\"\/images\/thumb\/e\/ea\/FC_Red_Bull_Salzburg_gegen_Wolfsberger_AC_%2815._5._2016%29_326.JPG\/120px-FC_Red_Bull_Salzburg_gegen_Wolfsberger_AC_%2815._5._2016%29_326.JPG%3Futm_source%3Dcommons.wikimedia.org%26utm_campaign%3Dimageinfo%26utm_content%3Dthumbnail\" decoding=\"async\" width=\"120\" height=\"56\" srcset=\"\/images\/thumb\/e\/ea\/FC_Red_Bull_Salzburg_gegen_Wolfsberger_AC_%2815._5._2016%29_326.JPG\/250px-FC_Red_Bull_Salzburg_gegen_Wolfsberger_AC_%2815._5._2016%29_326.JPG%3Futm_source%3Dcommons.wikimedia.org%26utm_campaign%3Dimageinfo%26utm_content%3Dthumbnail 1.5x\" \/><\/a><\/div>\n<\/div>\n<div class=\"gallerytext\">\n\t\t\t<\/div>\n<\/p><\/div>\n<\/li>\n<li class=\"gallerybox\" style=\"width: 155px\">\n<div style=\"width: 155px\">\n<div class=\"thumb\" style=\"width: 150px;\">\n<div style=\"margin:30px auto;\"><a href=\"\/Datei:Stern541_n.jpg\" class=\"image\" title=\"Foto:Ingrid Kain\"><img alt=\"Foto:Ingrid Kain\" src=\"\/images\/thumb\/c\/c5\/Stern541_n.jpg\/120px-Stern541_n.jpg\" decoding=\"async\" width=\"120\" height=\"90\" srcset=\"\/images\/thumb\/c\/c5\/Stern541_n.jpg\/180px-Stern541_n.jpg 1.5x, \/images\/thumb\/c\/c5\/Stern541_n.jpg\/240px-Stern541_n.jpg 2x\" \/><\/a><\/div>\n<\/div>\n<div class=\"gallerytext\">\n<p>Foto:Ingrid Kain\n<\/p>\n<\/p><\/div>\n<\/p><\/div>\n<\/li>\n<li class=\"gallerybox\" style=\"width: 155px\">\n<div style=\"width: 155px\">\n<div class=\"thumb\" style=\"width: 150px;\">\n<div style=\"margin:18px auto;\"><a href=\"\/Datei:FC_Red_Bull_Salzburg_versus_Wolfsberger_AC_(15._5._2016)_1015.JPG\" class=\"image\"><img loading=\"lazy\" alt=\"FC Red Bull Salzburg versus Wolfsberger AC (15. 5. 2016) 1015.JPG\" src=\"\/images\/thumb\/5\/5c\/FC_Red_Bull_Salzburg_versus_Wolfsberger_AC_%2815._5._2016%29_1015.JPG\/120px-FC_Red_Bull_Salzburg_versus_Wolfsberger_AC_%2815._5._2016%29_1015.JPG%3Futm_source%3Dcommons.wikimedia.org%26utm_campaign%3Dimageinfo%26utm_content%3Dthumbnail\" decoding=\"async\" width=\"120\" height=\"114\" srcset=\"\/images\/thumb\/5\/5c\/FC_Red_Bull_Salzburg_versus_Wolfsberger_AC_%2815._5._2016%29_1015.JPG\/250px-FC_Red_Bull_Salzburg_versus_Wolfsberger_AC_%2815._5._2016%29_1015.JPG%3Futm_source%3Dcommons.wikimedia.org%26utm_campaign%3Dimageinfo%26utm_content%3Dthumbnail 1.5x\" \/><\/a><\/div>\n<\/div>\n<div class=\"gallerytext\">\n\t\t\t<\/div>\n<\/p><\/div>\n<\/li>\n<li class=\"gallerybox\" style=\"width: 155px\">\n<div style=\"width: 155px\">\n<div class=\"thumb\" style=\"width: 150px;\">\n<div style=\"margin:15px auto;\"><a href=\"\/Datei:FC_Red_Bull_Salzburg_versus_Wolfsberger_AC_(15._5._2016)_19.JPG\" class=\"image\"><img loading=\"lazy\" alt=\"FC Red Bull Salzburg versus Wolfsberger AC (15. 5. 2016) 1015.JPG 19.JPG\" src=\"\/images\/thumb\/7\/7a\/FC_Red_Bull_Salzburg_versus_Wolfsberger_AC_%2815._5._2016%29_19.JPG\/120px-FC_Red_Bull_Salzburg_versus_Wolfsberger_AC_%2815._5._2016%29_19.JPG%3Futm_source%3Dcommons.wikimedia.org%26utm_campaign%3Dimageinfo%26utm_content%3Dthumbnail\" decoding=\"async\" width=\"119\" height=\"120\" srcset=\"\/images\/thumb\/7\/7a\/FC_Red_Bull_Salzburg_versus_Wolfsberger_AC_%2815._5._2016%29_19.JPG\/250px-FC_Red_Bull_Salzburg_versus_Wolfsberger_AC_%2815._5._2016%29_19.JPG%3Futm_source%3Dcommons.wikimedia.org%26utm_campaign%3Dimageinfo%26utm_content%3Dthumbnail 1.5x\" \/><\/a><\/div>\n<\/div>\n<div class=\"gallerytext\">\n\t\t\t<\/div>\n<\/p><\/div>\n<\/li>\n<\/ul>\n<p><img loading=\"lazy\" alt=\"\" src=\"\/images\/thumb\/4\/4a\/Commons-logo.svg\/langde-20px-Commons-logo.svg.png%3Futm_source%3Dcommons.wikimedia.org%26utm_campaign%3Dimageinfo%26utm_content%3Dthumbnail\" decoding=\"async\" title=\"Commons\" width=\"12\" height=\"16\" srcset=\"\/images\/thumb\/4\/4a\/Commons-logo.svg\/langde-40px-Commons-logo.svg.png%3Futm_source%3Dcommons.wikimedia.org%26utm_campaign%3Dimageinfo%26utm_content%3Dthumbnail 2x\" \/>&#160;<b><a href=\"http:\/\/commons.wikimedia.org\/wiki\/Category:FC_Red_Bull_Salzburg_gegen_Wolfsberger_AC_(15._Mai_2016)\" class=\"extiw\" title=\"commons:Category:FC Red Bull Salzburg gegen Wolfsberger AC (15. Mai 2016)\">36. Runde, Saison 2015\/16 FC Red Bull Salzburg gegen Wolfsberger AC<\/a><\/b>&#160;\u2013 Sammlung von Bildern, Videos und Audiodateien auf <a href=\"\/Wikimedia_Commons\" title=\"Wikimedia Commons\">Wikimedia Commons<\/a>\n<\/p>\n<h2><span class=\"mw-headline\" id=\"Stimmen_zum_Spiel\">Stimmen zum Spiel<\/span><a href=\"\/index.php?title=36._Runde,_Saison_2015\/16_FC_Red_Bull_Salzburg_gegen_Wolfsberger_AC&amp;action=edit&amp;section=4\" title=\"Abschnitt bearbeiten: Stimmen zum Spiel\">Bearbeiten<\/a><span class=\"mw-editsection-bracket\">]<\/span><\/span><\/h2>\n<p><b>Oscar Garcia:<\/b>Ich bin \u00fcbergl\u00fccklich, dass heute so viele Fans im Stadion waren. Wir haben guten Fu\u00dfball gezeigt, haben zwar verabs\u00e4umt, das eine oder andere Tor nachzulegen, aber alles in allem war es ein verdienter Sieg f\u00fcr uns zum Saison-Abschluss. Jetzt darf gefeiert werden, aber morgen konzentrieren wir uns wieder auf das Cupfinale.\n<\/p>\n<\/div>\n","protected":false},"excerpt":{"rendered":"<p>FaktenBearbeiten] FC Red Bull Salzburg gegen Wolfsberger AC, 1:0 Spieltag Bundesliga &#8211; 36. Spieltag Datum 15. Mai 2016 Anpfiff 17.30 Uhr Aufstellung Tor Cican Stankovic Verteidigung Benno Schmitz &#8211; Dayot Upamecano &#8211; Duje Caleta-Car &#8211; Stefan Lainer Mittelfeld Konrad Laimer &#8211; Yasin Pehlivan &#8211; Takumi Minamino &#8211; Valentino Lazaro &#8211; Naby Keita Sturm Yordy Reyna [&hellip;]<\/p>\n","protected":false},"author":1,"featured_media":0,"comment_status":"open","ping_status":"open","sticky":false,"template":"","format":"standard","meta":{"footnotes":""},"categories":[1764],"tags":[],"class_list":["post-2224","post","type-post","status-publish","format-standard","hentry","category-36-runde-saison-2015"],"_links":{"self":[{"href":"https:\/\/wiki.s12.at\/index.php\/wp-json\/wp\/v2\/posts\/2224","targetHints":{"allow":["GET"]}}],"collection":[{"href":"https:\/\/wiki.s12.at\/index.php\/wp-json\/wp\/v2\/posts"}],"about":[{"href":"https:\/\/wiki.s12.at\/index.php\/wp-json\/wp\/v2\/types\/post"}],"author":[{"embeddable":true,"href":"https:\/\/wiki.s12.at\/index.php\/wp-json\/wp\/v2\/users\/1"}],"replies":[{"embeddable":true,"href":"https:\/\/wiki.s12.at\/index.php\/wp-json\/wp\/v2\/comments?post=2224"}],"version-history":[{"count":0,"href":"https:\/\/wiki.s12.at\/index.php\/wp-json\/wp\/v2\/posts\/2224\/revisions"}],"wp:attachment":[{"href":"https:\/\/wiki.s12.at\/index.php\/wp-json\/wp\/v2\/media?parent=2224"}],"wp:term":[{"taxonomy":"category","embeddable":true,"href":"https:\/\/wiki.s12.at\/index.php\/wp-json\/wp\/v2\/categories?post=2224"},{"taxonomy":"post_tag","embeddable":true,"href":"https:\/\/wiki.s12.at\/index.php\/wp-json\/wp\/v2\/tags?post=2224"}],"curies":[{"name":"wp","href":"https:\/\/api.w.org\/{rel}","templated":true}]}}