{"id":2223,"date":"2026-05-06T14:26:22","date_gmt":"2026-05-06T12:26:22","guid":{"rendered":"https:\/\/wiki.s12.at\/index.php\/2026\/05\/06\/36-runde-saison-2015-16fc-liefering-gegen-lask\/"},"modified":"2026-05-06T14:26:22","modified_gmt":"2026-05-06T12:26:22","slug":"36-runde-saison-2015-16fc-liefering-gegen-lask","status":"publish","type":"post","link":"https:\/\/wiki.s12.at\/index.php\/2026\/05\/06\/36-runde-saison-2015-16fc-liefering-gegen-lask\/","title":{"rendered":"16,FC Liefering gegen LASK"},"content":{"rendered":"<div class=\"mw-parser-output\">\n<h2><span class=\"mw-headline\" id=\"Fakten\">Fakten<\/span><a href=\"\/index.php?title=36._Runde,_Saison_2015\/16,FC_Liefering_gegen_LASK&amp;action=edit&amp;section=1\" title=\"Abschnitt bearbeiten: Fakten\">Bearbeiten<\/a><span class=\"mw-editsection-bracket\">]<\/span><\/span><\/h2>\n<table class=\"toptextcells toccolours\">\n<tbody>\n<tr>\n<th colspan=\"2\" style=\"text-align: center; vertical-align: top; padding: 0.3em 0.8em; font-size: 125%; background-color: lightsteelblue;\">FC Liefering gegen  LASK, 1:4\n<\/th>\n<\/tr>\n<tr>\n<th style=\"text-align:left;\"><b>Spieltag<\/b>\n<\/th>\n<th style=\"text-align:left;\">SKY Go 1. Liga- 32. Spieltag\n<\/th>\n<\/tr>\n<tr>\n<th style=\"text-align:left;\"><b>Datum<\/b>\n<\/th>\n<th style=\"text-align:left;\">13. Mai 2016\n<\/th>\n<\/tr>\n<tr>\n<th style=\"text-align:left;\"><b>Anpfiff<\/b>\n<\/th>\n<th style=\"text-align:left;\">18.30 Uhr\n<\/th>\n<\/tr>\n<tr>\n<td colspan=\"2\" style=\"text-align:center;\" bgcolor=\"lightgray\"><b>Aufstellung<\/b>\n<\/td>\n<\/tr>\n<tr>\n<th style=\"text-align:left;\"><b>Tor<\/b>\n<\/th>\n<th><a href=\"\/Lawrence_Ati-Zigi\" title=\"Lawrence Ati-Zigi\">Lawrence Ati-Zigi<\/a>\n<\/th>\n<\/tr>\n<tr>\n<th style=\"text-align:left;\"><b>Verteidigung<\/b>\n<\/th>\n<th><a href=\"\/Sandro_Ingolitsch\" title=\"Sandro Ingolitsch\">Sandro Ingolitsch<\/a> &#8211; <a href=\"\/Luan\" title=\"Luan\">Luan<\/a> &#8211; <a href=\"\/Isaac_Vorsah\" title=\"Isaac Vorsah\">Isaac Vorsah<\/a> &#8211; <a href=\"\/Emir_Karic\" title=\"Emir Karic\">Emir Karic<\/a>\n<\/th>\n<\/tr>\n<tr>\n<th style=\"text-align:left;\"><b>Mittelfeld<\/b>\n<\/th>\n<th><a href=\"\/Joao_Pedro\" title=\"Joao Pedro\">Joao Pedro<\/a> &#8211; <a href=\"\/Daniel_Raischl\" title=\"Daniel Raischl\">Daniel Raischl<\/a> &#8211; <a href=\"\/Hannes_Wolf\" title=\"Hannes Wolf\">Hannes Wolf<\/a> &#8211; <a href=\"\/Oliver_Filip\" title=\"Oliver Filip\">Oliver Filip<\/a> &#8211; <a href=\"\/Masaya_Okugawa\" title=\"Masaya Okugawa\">Masaya Okugawa<\/a>\n<\/th>\n<\/tr>\n<tr>\n<th style=\"text-align:left;\"><b>Sturm<\/b>\n<\/th>\n<th><a href=\"\/Raphael_Dwamena\" title=\"Raphael Dwamena\">Raphael Dwamena<\/a>\n<\/th>\n<\/tr>\n<tr>\n<td colspan=\"2\" style=\"text-align:center;\" bgcolor=\"lightgray\"><b>Wechsel<\/b>\n<\/td>\n<\/tr>\n<tr>\n<th style=\"text-align:left;\"><b>Wechsel<\/b>\n<\/th>\n<th style=\"text-align:left;\"><a href=\"\/Dmitri_Skopintchev\" title=\"Dmitri Skopintchev\">Dmitri Skopintchev<\/a> f\u00fcr Luan (19.), <a href=\"\/David_Gugganig\" title=\"David Gugganig\">David Gugganig<\/a> f\u00fcr Vorsah (61.), <a href=\"\/Alexander_Joppich\" title=\"Alexander Joppich\">Alexander Joppich<\/a> f\u00fcr Raischl (77.)\n<\/th>\n<\/tr>\n<tr>\n<td colspan=\"2\" style=\"text-align:center;\" bgcolor=\"lightgray\"><b>Statistik<\/b>\n<\/td>\n<\/tr>\n<tr>\n<th style=\"text-align:left;\"><b>Endstand<\/b>\n<\/th>\n<th style=\"text-align:left;\">1:4 (1:1)\n<\/th>\n<\/tr>\n<tr>\n<th style=\"text-align:left;\"><b>Torsch\u00fctzen<\/b>\n<\/th>\n<th style=\"text-align:left;\">Dwamena (45+3.); Imbongo (45.+1), Fabiano (65.), Kerhe (72.), Gartler (82.)\n<\/th>\n<\/tr>\n<tr>\n<th style=\"text-align:left;\"><b>Gelbe Karten<\/b>\n<\/th>\n<th style=\"text-align:left;\">Ingolitsch (41.), Karic (86.)\n<\/th>\n<\/tr>\n<tr>\n<th style=\"text-align:left;\"><b>Rote Karten<\/b>\n<\/th>\n<th style=\"text-align:left;\">\n<\/th>\n<\/tr>\n<tr>\n<th style=\"text-align:left;\"><b>Schiedsrichter<\/b>\n<\/th>\n<th style=\"text-align:left;\">Dominik Ouschan\n<\/th>\n<\/tr>\n<tr>\n<th style=\"text-align:left;\"><b>Stadion<\/b>\n<\/th>\n<th style=\"text-align:left;\">Red Bull Arena, Salzburg\n<\/th>\n<\/tr>\n<tr>\n<th style=\"text-align:left;\"><b>Zuschauer<\/b>\n<\/th>\n<th style=\"text-align:left;\">440\n<\/th>\n<\/tr>\n<\/tbody>\n<\/table>\n<pre>==Weblinks==\n<\/pre>\n<ul>\n<li><a rel=\"nofollow\" class=\"external text\" href=\"http:\/\/www.redbullsalzburg.at\/de\/fc-liefering\/news\/saison_2015_16\/fc-liefering-unterliegt-dem-lask-zum-saisonabschluss.html\">Spielbericht Vereinshomepage<\/a><\/li>\n<\/ul>\n<h2><span class=\"mw-headline\" id=\"Bilder\">Bilder<\/span><a href=\"\/index.php?title=36._Runde,_Saison_2015\/16,FC_Liefering_gegen_LASK&amp;action=edit&amp;section=2\" title=\"Abschnitt bearbeiten: Bilder\">Bearbeiten<\/a><span class=\"mw-editsection-bracket\">]<\/span><\/span><\/h2>\n<ul class=\"gallery mw-gallery-traditional\">\n<li class=\"gallerybox\" style=\"width: 155px\">\n<div style=\"width: 155px\">\n<div class=\"thumb\" style=\"width: 150px;\">\n<div style=\"margin:15px auto;\"><a href=\"\/Datei:FC_Liefering_gegen_Linzer_ASK_(25._Mai_2016)_34.jpg\" class=\"image\"><img alt=\"FC Liefering gegen Linzer ASK (25. Mai 2016) 34.jpg\" src=\"\/images\/thumb\/1\/1b\/FC_Liefering_gegen_Linzer_ASK_%2825._Mai_2016%29_34.jpg\/120px-FC_Liefering_gegen_Linzer_ASK_%2825._Mai_2016%29_34.jpg%3Futm_source%3Dcommons.wikimedia.org%26utm_campaign%3Dimageinfo%26utm_content%3Dthumbnail\" decoding=\"async\" width=\"116\" height=\"120\" srcset=\"\/images\/thumb\/1\/1b\/FC_Liefering_gegen_Linzer_ASK_%2825._Mai_2016%29_34.jpg\/250px-FC_Liefering_gegen_Linzer_ASK_%2825._Mai_2016%29_34.jpg%3Futm_source%3Dcommons.wikimedia.org%26utm_campaign%3Dimageinfo%26utm_content%3Dthumbnail 1.5x\" \/><\/a><\/div>\n<\/div>\n<div class=\"gallerytext\">\n\t\t\t<\/div>\n<\/p><\/div>\n<\/li>\n<li class=\"gallerybox\" style=\"width: 155px\">\n<div style=\"width: 155px\">\n<div class=\"thumb\" style=\"width: 150px;\">\n<div style=\"margin:15px auto;\"><a href=\"\/Datei:FC_Liefering_versus_Linzer_ASK_03.jpg\" class=\"image\"><img alt=\"FC Liefering versus Linzer ASK 03.jpg\" src=\"\/images\/thumb\/5\/53\/FC_Liefering_versus_Linzer_ASK_03.jpg\/120px-FC_Liefering_versus_Linzer_ASK_03.jpg%3Futm_source%3Dcommons.wikimedia.org%26utm_campaign%3Dimageinfo%26utm_content%3Dthumbnail\" decoding=\"async\" width=\"117\" height=\"120\" srcset=\"\/images\/thumb\/5\/53\/FC_Liefering_versus_Linzer_ASK_03.jpg\/250px-FC_Liefering_versus_Linzer_ASK_03.jpg%3Futm_source%3Dcommons.wikimedia.org%26utm_campaign%3Dimageinfo%26utm_content%3Dthumbnail 1.5x\" \/><\/a><\/div>\n<\/div>\n<div class=\"gallerytext\">\n\t\t\t<\/div>\n<\/p><\/div>\n<\/li>\n<li class=\"gallerybox\" style=\"width: 155px\">\n<div style=\"width: 155px\">\n<div class=\"thumb\" style=\"width: 150px;\">\n<div style=\"margin:15px auto;\"><a href=\"\/Datei:FC_Liefering_versus_Linzer_ASK_02.jpg\" class=\"image\"><img alt=\"FC Liefering versus Linzer ASK 02.jpg\" src=\"\/images\/thumb\/d\/de\/FC_Liefering_versus_Linzer_ASK_02.jpg\/120px-FC_Liefering_versus_Linzer_ASK_02.jpg%3Futm_source%3Dcommons.wikimedia.org%26utm_campaign%3Dimageinfo%26utm_content%3Dthumbnail\" decoding=\"async\" width=\"110\" height=\"120\" srcset=\"\/images\/thumb\/d\/de\/FC_Liefering_versus_Linzer_ASK_02.jpg\/250px-FC_Liefering_versus_Linzer_ASK_02.jpg%3Futm_source%3Dcommons.wikimedia.org%26utm_campaign%3Dimageinfo%26utm_content%3Dthumbnail 1.5x\" \/><\/a><\/div>\n<\/div>\n<div class=\"gallerytext\">\n\t\t\t<\/div>\n<\/p><\/div>\n<\/li>\n<li class=\"gallerybox\" style=\"width: 155px\">\n<div style=\"width: 155px\">\n<div class=\"thumb\" style=\"width: 150px;\">\n<div style=\"margin:15px auto;\"><a href=\"\/Datei:FC_Liefering_versus_Linzer_ASK_05.jpg\" class=\"image\"><img loading=\"lazy\" alt=\"FC Liefering versus Linzer ASK 05.jpg\" src=\"\/images\/thumb\/d\/dc\/FC_Liefering_versus_Linzer_ASK_05.jpg\/120px-FC_Liefering_versus_Linzer_ASK_05.jpg%3Futm_source%3Dcommons.wikimedia.org%26utm_campaign%3Dimageinfo%26utm_content%3Dthumbnail\" decoding=\"async\" width=\"82\" height=\"120\" srcset=\"\/images\/thumb\/d\/dc\/FC_Liefering_versus_Linzer_ASK_05.jpg\/250px-FC_Liefering_versus_Linzer_ASK_05.jpg%3Futm_source%3Dcommons.wikimedia.org%26utm_campaign%3Dimageinfo%26utm_content%3Dthumbnail 1.5x\" \/><\/a><\/div>\n<\/div>\n<div class=\"gallerytext\">\n\t\t\t<\/div>\n<\/p><\/div>\n<\/li>\n<\/ul>\n<p><img loading=\"lazy\" alt=\"\" src=\"\/images\/thumb\/4\/4a\/Commons-logo.svg\/langde-20px-Commons-logo.svg.png%3Futm_source%3Dcommons.wikimedia.org%26utm_campaign%3Dimageinfo%26utm_content%3Dthumbnail\" decoding=\"async\" title=\"Commons\" width=\"12\" height=\"16\" srcset=\"\/images\/thumb\/4\/4a\/Commons-logo.svg\/langde-40px-Commons-logo.svg.png%3Futm_source%3Dcommons.wikimedia.org%26utm_campaign%3Dimageinfo%26utm_content%3Dthumbnail 2x\" \/>&#160;<b><a href=\"http:\/\/commons.wikimedia.org\/wiki\/Category:FC_Liefering_gegen_Linzer_ASK_(25._Mai_2016)\" class=\"extiw\" title=\"commons:Category:FC Liefering gegen Linzer ASK (25. Mai 2016)\">36. Runde, Saison 2015\/16,FC Liefering gegen LASK<\/a><\/b>&#160;\u2013 Sammlung von Bildern, Videos und Audiodateien auf <a href=\"\/Wikimedia_Commons\" title=\"Wikimedia Commons\">Wikimedia Commons<\/a>\n<\/p>\n<h2><span class=\"mw-headline\" id=\"Stimmen_zum_Spiel\">Stimmen zum Spiel<\/span><a href=\"\/index.php?title=36._Runde,_Saison_2015\/16,FC_Liefering_gegen_LASK&amp;action=edit&amp;section=3\" title=\"Abschnitt bearbeiten: Stimmen zum Spiel\">Bearbeiten<\/a><span class=\"mw-editsection-bracket\">]<\/span><\/span><\/h2>\n<ul>\n<li><b>Thomas Letsch:<\/b> Mit dem heutigen Spiel k\u00f6nnen wir nicht zufrieden sein. Wir wollten uns mit einem positiven Ergebnis und einer guten Leistung verabschieden \u2013 das ist uns nicht gelungen. Wir haben die Dinge, die wir uns vorgenommen hatten, nicht auf den Platz gebracht und haben gemerkt, dass bei dem einen oder anderen Spieler der Akku am Ende einer langen und intensiven Saison schon leer war.<\/li>\n<\/ul>\n<p>Die Saisonbilanz mit dem vierten Tabellenplatz f\u00e4llt \u00e4u\u00dferst positiv aus. Wir hatten nie etwas mit dem Abstieg zu tun. Nach einem holprigen Start konnten wir uns stabilisieren und die gesamte Mannschaft hat eine tolle Entwicklung genommen. Im Winter haben wir das Team erneut stark verj\u00fcngt und uns weiter gefestigt. Dar\u00fcber hinaus haben viele Spieler den Sprung zu den Profis des FC Red Bull Salzburg geschafft und dort wertvolle Einsatzzeit erhalten. Wenn man diese Aspekte alle heranzieht, haben wir unser Vorhaben erf\u00fcllt und k\u00f6nnen mit der Saison mehr als zufrieden sein.\n<\/p>\n<\/div>\n","protected":false},"excerpt":{"rendered":"<p>FaktenBearbeiten] FC Liefering gegen LASK, 1:4 Spieltag SKY Go 1. Liga- 32. Spieltag Datum 13. Mai 2016 Anpfiff 18.30 Uhr Aufstellung Tor Lawrence Ati-Zigi Verteidigung Sandro Ingolitsch &#8211; Luan &#8211; Isaac Vorsah &#8211; Emir Karic Mittelfeld Joao Pedro &#8211; Daniel Raischl &#8211; Hannes Wolf &#8211; Oliver Filip &#8211; Masaya Okugawa Sturm Raphael Dwamena Wechsel Wechsel [&hellip;]<\/p>\n","protected":false},"author":1,"featured_media":0,"comment_status":"open","ping_status":"open","sticky":false,"template":"","format":"standard","meta":{"footnotes":""},"categories":[1764],"tags":[],"class_list":["post-2223","post","type-post","status-publish","format-standard","hentry","category-36-runde-saison-2015"],"_links":{"self":[{"href":"https:\/\/wiki.s12.at\/index.php\/wp-json\/wp\/v2\/posts\/2223","targetHints":{"allow":["GET"]}}],"collection":[{"href":"https:\/\/wiki.s12.at\/index.php\/wp-json\/wp\/v2\/posts"}],"about":[{"href":"https:\/\/wiki.s12.at\/index.php\/wp-json\/wp\/v2\/types\/post"}],"author":[{"embeddable":true,"href":"https:\/\/wiki.s12.at\/index.php\/wp-json\/wp\/v2\/users\/1"}],"replies":[{"embeddable":true,"href":"https:\/\/wiki.s12.at\/index.php\/wp-json\/wp\/v2\/comments?post=2223"}],"version-history":[{"count":0,"href":"https:\/\/wiki.s12.at\/index.php\/wp-json\/wp\/v2\/posts\/2223\/revisions"}],"wp:attachment":[{"href":"https:\/\/wiki.s12.at\/index.php\/wp-json\/wp\/v2\/media?parent=2223"}],"wp:term":[{"taxonomy":"category","embeddable":true,"href":"https:\/\/wiki.s12.at\/index.php\/wp-json\/wp\/v2\/categories?post=2223"},{"taxonomy":"post_tag","embeddable":true,"href":"https:\/\/wiki.s12.at\/index.php\/wp-json\/wp\/v2\/tags?post=2223"}],"curies":[{"name":"wp","href":"https:\/\/api.w.org\/{rel}","templated":true}]}}