{"id":221,"date":"2026-05-06T12:56:55","date_gmt":"2026-05-06T10:56:55","guid":{"rendered":"http:\/\/wiki.s12.at\/index.php\/2026\/05\/06\/11-runde-regionalliga-west-saison-2012-13-fc-liefering-gegen-wacker-innsbruck-ii\/"},"modified":"2026-05-06T12:56:55","modified_gmt":"2026-05-06T10:56:55","slug":"11-runde-regionalliga-west-saison-2012-13-fc-liefering-gegen-wacker-innsbruck-ii","status":"publish","type":"post","link":"https:\/\/wiki.s12.at\/index.php\/2026\/05\/06\/11-runde-regionalliga-west-saison-2012-13-fc-liefering-gegen-wacker-innsbruck-ii\/","title":{"rendered":"13, FC Liefering gegen Wacker Innsbruck II"},"content":{"rendered":"<div class=\"mw-parser-output\">\n<h3><span class=\"mw-headline\" id=\"Fakten\">Fakten<\/span><a href=\"\/index.php?title=11.Runde,_Regionalliga_West,_Saison_2012\/13,_FC_Liefering_gegen_Wacker_Innsbruck_II&amp;action=edit&amp;section=1\" title=\"Abschnitt bearbeiten: Fakten\">Bearbeiten<\/a><span class=\"mw-editsection-bracket\">]<\/span><\/span><\/h3>\n<p><b>Regionalliga West- 11. Spieltag: 29. September 2012, 15.30 Uhr<\/b><br \/>\n\n<\/p>\n<table class=\"wikitable\">\n<caption><big>FC Liefering gegen Wacker Innsbruck II, 2:1 <\/big><br \/>\n<\/caption>\n<tbody>\n<tr>\n<td>Aufstellung:<\/td>\n<td><a href=\"\/Thomas_D%C3%A4hne\" title=\"Thomas D\u00e4hne\">Thomas D\u00e4hne<\/a> <a href=\"\/Emre_Uygur\" title=\"Emre Uygur\">Emre Uygur<\/a> <a href=\"\/Rene_Aufhauser\" class=\"mw-redirect\" title=\"Rene Aufhauser\">Rene Aufhauser<\/a> <a href=\"\/Arif_Sari\" title=\"Arif Sari\">Arif Sari<\/a> <a href=\"\/Stefan_Lainer\" title=\"Stefan Lainer\">Stefan Lainer<\/a> <a href=\"\/Sandro_Djuric\" title=\"Sandro Djuric\">Sandro Djuric<\/a> <a href=\"\/Stefan_Savic\" title=\"Stefan Savic\">Stefan Savic<\/a> <a href=\"\/Robert_V%C3%B6lkl\" title=\"Robert V\u00f6lkl\">Robert V\u00f6lkl<\/a> <a href=\"\/Josip_Coric\" class=\"mw-redirect\" title=\"Josip Coric\">Josip Coric<\/a> <a href=\"\/Felix_Adjei\" title=\"Felix Adjei\">Felix Adjei<\/a> <a href=\"\/Mario_Konrad\" title=\"Mario Konrad\">Mario Konrad<\/a>\n<\/td>\n<\/tr>\n<tr>\n<td>Endstand:<\/td>\n<td>2:1 (0:1)\n<\/td>\n<\/tr>\n<tr>\n<td>Torsch\u00fctzen:<\/td>\n<td>Konrad (52.), Coric (75.);Gredler (30.)\n<\/td>\n<\/tr>\n<tr>\n<td>Gelbe Karten:<\/td>\n<td>Uygur(50.), Coric (61.), Konrad (71.), Sari (90.), Lainer (92.); Nitzlnader (26.), Happ (55.), Briga (73.)\n<\/td>\n<\/tr>\n<tr>\n<td>Gelb-rote Karten:<\/td>\n<td>Uygur (50.)\n<\/td>\n<\/tr>\n<tr>\n<td>Rote Karten:<\/td>\n<td>\n<\/td>\n<\/tr>\n<tr>\n<td>Schiedsrichter:<\/td>\n<td>Walter Feurle\n<\/td>\n<\/tr>\n<tr>\n<td>Stadion:<\/td>\n<td>Akademie Liefering\n<\/td>\n<\/tr>\n<tr>\n<td>Zuschauer:<\/td>\n<td>150\n<\/td>\n<\/tr>\n<\/tbody>\n<\/table>\n<h2><span class=\"mw-headline\" id=\"Weblinks\">Weblinks<\/span><a href=\"\/index.php?title=11.Runde,_Regionalliga_West,_Saison_2012\/13,_FC_Liefering_gegen_Wacker_Innsbruck_II&amp;action=edit&amp;section=2\" title=\"Abschnitt bearbeiten: Weblinks\">Bearbeiten<\/a><span class=\"mw-editsection-bracket\">]<\/span><\/span><\/h2>\n<ul>\n<li><a rel=\"nofollow\" class=\"external text\" href=\"http:\/\/www.regionalliga.at\/west\/spielbericht\/2012_2013\/2296\/fc-liefering---wacker-innsbruck-ii\/\">Spielbericht rlw.at<\/a><\/li>\n<\/ul>\n<\/div>\n","protected":false},"excerpt":{"rendered":"<p>FaktenBearbeiten] Regionalliga West- 11. Spieltag: 29. September 2012, 15.30 Uhr FC Liefering gegen Wacker Innsbruck II, 2:1 Aufstellung: Thomas D\u00e4hne Emre Uygur Rene Aufhauser Arif Sari Stefan Lainer Sandro Djuric Stefan Savic Robert V\u00f6lkl Josip Coric Felix Adjei Mario Konrad Endstand: 2:1 (0:1) Torsch\u00fctzen: Konrad (52.), Coric (75.);Gredler (30.) Gelbe Karten: Uygur(50.), Coric (61.), Konrad [&hellip;]<\/p>\n","protected":false},"author":1,"featured_media":0,"comment_status":"open","ping_status":"open","sticky":false,"template":"","format":"standard","meta":{"footnotes":""},"categories":[144],"tags":[],"class_list":["post-221","post","type-post","status-publish","format-standard","hentry","category-11-runde-regionalliga-west-saison-2012"],"_links":{"self":[{"href":"https:\/\/wiki.s12.at\/index.php\/wp-json\/wp\/v2\/posts\/221","targetHints":{"allow":["GET"]}}],"collection":[{"href":"https:\/\/wiki.s12.at\/index.php\/wp-json\/wp\/v2\/posts"}],"about":[{"href":"https:\/\/wiki.s12.at\/index.php\/wp-json\/wp\/v2\/types\/post"}],"author":[{"embeddable":true,"href":"https:\/\/wiki.s12.at\/index.php\/wp-json\/wp\/v2\/users\/1"}],"replies":[{"embeddable":true,"href":"https:\/\/wiki.s12.at\/index.php\/wp-json\/wp\/v2\/comments?post=221"}],"version-history":[{"count":0,"href":"https:\/\/wiki.s12.at\/index.php\/wp-json\/wp\/v2\/posts\/221\/revisions"}],"wp:attachment":[{"href":"https:\/\/wiki.s12.at\/index.php\/wp-json\/wp\/v2\/media?parent=221"}],"wp:term":[{"taxonomy":"category","embeddable":true,"href":"https:\/\/wiki.s12.at\/index.php\/wp-json\/wp\/v2\/categories?post=221"},{"taxonomy":"post_tag","embeddable":true,"href":"https:\/\/wiki.s12.at\/index.php\/wp-json\/wp\/v2\/tags?post=221"}],"curies":[{"name":"wp","href":"https:\/\/api.w.org\/{rel}","templated":true}]}}