{"id":2151,"date":"2026-05-06T14:22:14","date_gmt":"2026-05-06T12:22:14","guid":{"rendered":"https:\/\/wiki.s12.at\/index.php\/2026\/05\/06\/34-runde-saison-2017-18-fc-liefering-gegen-fc-wacker-innsbruck\/"},"modified":"2026-05-06T14:22:14","modified_gmt":"2026-05-06T12:22:14","slug":"34-runde-saison-2017-18-fc-liefering-gegen-fc-wacker-innsbruck","status":"publish","type":"post","link":"https:\/\/wiki.s12.at\/index.php\/2026\/05\/06\/34-runde-saison-2017-18-fc-liefering-gegen-fc-wacker-innsbruck\/","title":{"rendered":"18, FC Liefering gegen FC Wacker Innsbruck"},"content":{"rendered":"<div class=\"mw-parser-output\">\n<h2><span class=\"mw-headline\" id=\"Fakten\">Fakten<\/span><a href=\"\/index.php?title=34._Runde,_Saison_2017\/18,_FC_Liefering_gegen_FC_Wacker_Innsbruck&amp;action=edit&amp;section=1\" title=\"Abschnitt bearbeiten: Fakten\">Bearbeiten<\/a><span class=\"mw-editsection-bracket\">]<\/span><\/span><\/h2>\n<table class=\"toptextcells toccolours\">\n<tbody>\n<tr>\n<th colspan=\"2\" style=\"text-align: center; vertical-align: top; padding: 0.3em 0.8em; font-size: 125%; background-color: lightsteelblue;\">FC Liefering gegen FC Wacker Innsbruck, 2:2\n<\/th>\n<\/tr>\n<tr>\n<th style=\"text-align:left;\"><b>Spieltag<\/b>\n<\/th>\n<th style=\"text-align:left;\">SKY GO Erste Liga &#8211; 34. Runde\n<\/th>\n<\/tr>\n<tr>\n<th style=\"text-align:left;\"><b>Datum<\/b>\n<\/th>\n<th style=\"text-align:left;\">18. Mai 2018\n<\/th>\n<\/tr>\n<tr>\n<th style=\"text-align:left;\"><b>Anpfiff<\/b>\n<\/th>\n<th style=\"text-align:left;\">18. 30 Uhr\n<\/th>\n<\/tr>\n<tr>\n<td colspan=\"2\" style=\"text-align:center;\" bgcolor=\"lightgray\"><b>Aufstellung<\/b>\n<\/td>\n<\/tr>\n<tr>\n<th style=\"text-align:left;\"><b>Tor<\/b>\n<\/th>\n<th><a href=\"\/Carlos_Miguel_Coronel\" title=\"Carlos Miguel Coronel\">Carlos Miguel Coronel<\/a>\n<\/th>\n<\/tr>\n<tr>\n<th style=\"text-align:left;\"><b>Verteidigung<\/b>\n<\/th>\n<th><a href=\"\/Fabian_Windhager\" title=\"Fabian Windhager\">Fabian Windhager<\/a> &#8211; <a href=\"\/Luca_Meisl\" title=\"Luca Meisl\">Luca Meisl<\/a> &#8211; <a href=\"\/Mahamadou_Dembele\" title=\"Mahamadou Dembele\">Mahamadou Dembele<\/a> &#8211; <a href=\"\/Jusuf_Gazibegovic\" title=\"Jusuf Gazibegovic\">Jusuf Gazibegovic<\/a>\n<\/th>\n<\/tr>\n<tr>\n<th style=\"text-align:left;\"><b>Mittelfeld<\/b>\n<\/th>\n<th><a href=\"\/Romano_Schmid\" title=\"Romano Schmid\">Romano Schmid<\/a> &#8211; <a href=\"\/Dominik_Szoboszlai\" title=\"Dominik Szoboszlai\">Dominik Szoboszlai<\/a> &#8211; <a href=\"\/Mohamed_Camara\" title=\"Mohamed Camara\">Mohamed Camara<\/a>  &#8211; <a href=\"\/Jungmin_Kim\" title=\"Jungmin Kim\">Jungmin Kim<\/a>\n<\/th>\n<\/tr>\n<tr>\n<th style=\"text-align:left;\"><b>Sturm<\/b>\n<\/th>\n<th><a href=\"\/Sekou_Koita\" title=\"Sekou Koita\">Sekou Koita<\/a> &#8211; <a href=\"\/Anderson_Niangbo\" title=\"Anderson Niangbo\">Anderson Niangbo<\/a>\n<\/th>\n<\/tr>\n<tr>\n<td colspan=\"2\" style=\"text-align:center;\" bgcolor=\"lightgray\"><b>Wechsel<\/b>\n<\/td>\n<\/tr>\n<tr>\n<th style=\"text-align:left;\"><b>Wechsel<\/b>\n<\/th>\n<th style=\"text-align:left;\"><a href=\"\/Rami_Tekir\" title=\"Rami Tekir\">Rami Tekir<\/a> f\u00fcr Kim (56.), <a href=\"\/Bojan_Lugonja\" title=\"Bojan Lugonja\">Bojan Lugonja <\/a> f\u00fcr Windhager (76.), <a href=\"\/Tobias_Anselm\" title=\"Tobias Anselm\">Tobias Anselm<\/a> f\u00fcr Koita (82.)\n<\/th>\n<\/tr>\n<tr>\n<td colspan=\"2\" style=\"text-align:center;\" bgcolor=\"lightgray\"><b>Statistik<\/b>\n<\/td>\n<\/tr>\n<tr>\n<th style=\"text-align:left;\"><b>Endstand<\/b>\n<\/th>\n<th style=\"text-align:left;\">2:2 (1:1)\n<\/th>\n<\/tr>\n<tr>\n<th style=\"text-align:left;\"><b>Torsch\u00fctzen<\/b>\n<\/th>\n<th style=\"text-align:left;\">Niangbo (36.), Camara (89.); Dedic (45.), Harrer (62.)\n<\/th>\n<\/tr>\n<tr>\n<th style=\"text-align:left;\"><b>Gelbe Karten<\/b>\n<\/th>\n<th style=\"text-align:left;\">Koita (29.), Tekir (81.); Gabriele (93.)\n<\/th>\n<\/tr>\n<tr>\n<th style=\"text-align:left;\"><b>Rote Karten<\/b>\n<\/th>\n<th style=\"text-align:left;\">\n<\/th>\n<\/tr>\n<tr>\n<th style=\"text-align:left;\"><b>Schiedsrichter<\/b>\n<\/th>\n<th style=\"text-align:left;\">Oliver Drachta\n<\/th>\n<\/tr>\n<tr>\n<th style=\"text-align:left;\"><b>Stadion<\/b>\n<\/th>\n<th style=\"text-align:left;\">Untersberg-Arena, Gr\u00f6dig\n<\/th>\n<\/tr>\n<tr>\n<th style=\"text-align:left;\"><b>Zuschauer<\/b>\n<\/th>\n<th style=\"text-align:left;\">443\n<\/th>\n<\/tr>\n<\/tbody>\n<\/table>\n<h2><span class=\"mw-headline\" id=\"Weblinks\">Weblinks<\/span><a href=\"\/index.php?title=34._Runde,_Saison_2017\/18,_FC_Liefering_gegen_FC_Wacker_Innsbruck&amp;action=edit&amp;section=2\" title=\"Abschnitt bearbeiten: Weblinks\">Bearbeiten<\/a><span class=\"mw-editsection-bracket\">]<\/span><\/span><\/h2>\n<ul>\n<li><a rel=\"nofollow\" class=\"external text\" href=\"http:\/\/www.fc-liefering.at\/de\/fc-liefering\/news\/saison_2017_18\/heimserie-haelt-auch-gegen-meister.html\">Spielbericht Vereinshomepage<\/a><\/li>\n<\/ul>\n<h2><span class=\"mw-headline\" id=\"Stimmen_zum_Spiel\">Stimmen zum Spiel<\/span><a href=\"\/index.php?title=34._Runde,_Saison_2017\/18,_FC_Liefering_gegen_FC_Wacker_Innsbruck&amp;action=edit&amp;section=3\" title=\"Abschnitt bearbeiten: Stimmen zum Spiel\">Bearbeiten<\/a><span class=\"mw-editsection-bracket\">]<\/span><\/span><\/h2>\n<p><b>Gerhard Struber:<\/b> Wenn man die Partie \u00fcber 90 Minuten betrachtet, w\u00e4re ein Sieg heute mehr als verdient gewesen. Wir haben uns Chance um Chance herausgespielt. Was man uns ankreiden muss, ist, dass wir nicht effizient genug waren. Da m\u00fcssen wir zuk\u00fcnftig ansetzen. Auch wenn in der einen oder anderen Situation die Abgekl\u00e4rtheit gefehlt hat, haben wir mit unserer Unbek\u00fcmmertheit, die logischerweise dem Alter geschuldet ist, einige tolle Angriffe gezeigt und Innsbruck vor Probleme gestellt.\n<\/p>\n<\/div>\n","protected":false},"excerpt":{"rendered":"<p>FaktenBearbeiten] FC Liefering gegen FC Wacker Innsbruck, 2:2 Spieltag SKY GO Erste Liga &#8211; 34. Runde Datum 18. Mai 2018 Anpfiff 18. 30 Uhr Aufstellung Tor Carlos Miguel Coronel Verteidigung Fabian Windhager &#8211; Luca Meisl &#8211; Mahamadou Dembele &#8211; Jusuf Gazibegovic Mittelfeld Romano Schmid &#8211; Dominik Szoboszlai &#8211; Mohamed Camara &#8211; Jungmin Kim Sturm Sekou [&hellip;]<\/p>\n","protected":false},"author":1,"featured_media":0,"comment_status":"open","ping_status":"open","sticky":false,"template":"","format":"standard","meta":{"footnotes":""},"categories":[1700],"tags":[],"class_list":["post-2151","post","type-post","status-publish","format-standard","hentry","category-34-runde-saison-2017"],"_links":{"self":[{"href":"https:\/\/wiki.s12.at\/index.php\/wp-json\/wp\/v2\/posts\/2151","targetHints":{"allow":["GET"]}}],"collection":[{"href":"https:\/\/wiki.s12.at\/index.php\/wp-json\/wp\/v2\/posts"}],"about":[{"href":"https:\/\/wiki.s12.at\/index.php\/wp-json\/wp\/v2\/types\/post"}],"author":[{"embeddable":true,"href":"https:\/\/wiki.s12.at\/index.php\/wp-json\/wp\/v2\/users\/1"}],"replies":[{"embeddable":true,"href":"https:\/\/wiki.s12.at\/index.php\/wp-json\/wp\/v2\/comments?post=2151"}],"version-history":[{"count":0,"href":"https:\/\/wiki.s12.at\/index.php\/wp-json\/wp\/v2\/posts\/2151\/revisions"}],"wp:attachment":[{"href":"https:\/\/wiki.s12.at\/index.php\/wp-json\/wp\/v2\/media?parent=2151"}],"wp:term":[{"taxonomy":"category","embeddable":true,"href":"https:\/\/wiki.s12.at\/index.php\/wp-json\/wp\/v2\/categories?post=2151"},{"taxonomy":"post_tag","embeddable":true,"href":"https:\/\/wiki.s12.at\/index.php\/wp-json\/wp\/v2\/tags?post=2151"}],"curies":[{"name":"wp","href":"https:\/\/api.w.org\/{rel}","templated":true}]}}