{"id":2150,"date":"2026-05-06T14:22:14","date_gmt":"2026-05-06T12:22:14","guid":{"rendered":"https:\/\/wiki.s12.at\/index.php\/2026\/05\/06\/34-runde-saison-2016-17-fc-red-bull-salzburg-gegen-admira-wacker-moedling\/"},"modified":"2026-05-06T14:22:14","modified_gmt":"2026-05-06T12:22:14","slug":"34-runde-saison-2016-17-fc-red-bull-salzburg-gegen-admira-wacker-moedling","status":"publish","type":"post","link":"https:\/\/wiki.s12.at\/index.php\/2026\/05\/06\/34-runde-saison-2016-17-fc-red-bull-salzburg-gegen-admira-wacker-moedling\/","title":{"rendered":"17, FC Red Bull Salzburg gegen Admira Wacker M\u00f6dling"},"content":{"rendered":"<div class=\"mw-parser-output\">\n<h2><span class=\"mw-headline\" id=\"Fakten\">Fakten<\/span><a href=\"\/index.php?title=34._Runde,_Saison_2016\/17,_FC_Red_Bull_Salzburg_gegen_Admira_Wacker_M%C3%B6dling&amp;action=edit&amp;section=1\" title=\"Abschnitt bearbeiten: Fakten\">Bearbeiten<\/a><span class=\"mw-editsection-bracket\">]<\/span><\/span><\/h2>\n<table class=\"toptextcells toccolours\">\n<tbody>\n<tr>\n<th colspan=\"2\" style=\"text-align: center; vertical-align: top; padding: 0.3em 0.8em; font-size: 125%; background-color: lightsteelblue;\">FC Red Bull Salzburg gegen Admira Wacker M\u00f6dling, 2:0\n<\/th>\n<\/tr>\n<tr>\n<th style=\"text-align:left;\"><b>Spieltag<\/b>\n<\/th>\n<th style=\"text-align:left;\">Bundesliga &#8211; 34. Spieltag\n<\/th>\n<\/tr>\n<tr>\n<th style=\"text-align:left;\"><b>Datum<\/b>\n<\/th>\n<th style=\"text-align:left;\">20. Mai 2017\n<\/th>\n<\/tr>\n<tr>\n<th style=\"text-align:left;\"><b>Anpfiff<\/b>\n<\/th>\n<th style=\"text-align:left;\">18. 30Uhr\n<\/th>\n<\/tr>\n<tr>\n<td colspan=\"2\" style=\"text-align:center;\" bgcolor=\"lightgray\"><b>Aufstellung<\/b>\n<\/td>\n<\/tr>\n<tr>\n<th style=\"text-align:left;\"><b>Tor<\/b>\n<\/th>\n<th><a href=\"\/Cican_Stankovic\" title=\"Cican Stankovic\">Cican Stankovic<\/a>\n<\/th>\n<\/tr>\n<tr>\n<th style=\"text-align:left;\"><b>Verteidigung<\/b>\n<\/th>\n<th><a href=\"\/Stefan_Lainer\" title=\"Stefan Lainer\">Stefan Lainer<\/a> &#8211; <a href=\"\/Andre_Wisdom\" title=\"Andre Wisdom\">Andre Wisdom<\/a> &#8211; <a href=\"\/Duje_Caleta-Car\" title=\"Duje Caleta-Car\">Duje Caleta-Car<\/a> &#8211; <a href=\"\/Stefan_Stangl\" title=\"Stefan Stangl\">Stefan Stangl<\/a>\n<\/th>\n<\/tr>\n<tr>\n<th style=\"text-align:left;\"><b>Mittelfeld<\/b>\n<\/th>\n<th><a href=\"\/Josip_Radosevic\" title=\"Josip Radosevic\">Josip Radosevic<\/a> &#8211; <a href=\"\/Diadie_Samassekou\" title=\"Diadie Samassekou\">Diadie Samassekou<\/a> &#8211; <a href=\"\/Wanderson\" title=\"Wanderson\">Wanderson<\/a> &#8211; <a href=\"\/Marc_Rzatkowski\" title=\"Marc Rzatkowski\">Marc Rzatkowski<\/a>\n<\/th>\n<\/tr>\n<tr>\n<th style=\"text-align:left;\"><b>Sturm<\/b>\n<\/th>\n<th><a href=\"\/Hee-Chan_Hwang\" title=\"Hee-Chan Hwang\">Hee-Chan Hwang<\/a> &#8211; <a href=\"\/Takumi_Minamino\" title=\"Takumi Minamino\">Takumi Minamino<\/a>\n<\/th>\n<\/tr>\n<tr>\n<td colspan=\"2\" style=\"text-align:center;\" bgcolor=\"lightgray\"><b>Wechsel<\/b>\n<\/td>\n<\/tr>\n<tr>\n<th style=\"text-align:left;\"><b>Wechsel<\/b>\n<\/th>\n<th style=\"text-align:left;\"><a href=\"\/Hannes_Wolf\" title=\"Hannes Wolf\">Hannes Wolf <\/a> f\u00fcr Rzatkowski (61.), <a href=\"\/Christoph_Leitgeb\" title=\"Christoph Leitgeb\">Christoph Leitgeb <\/a> f\u00fcr Radosevic (61.), <a href=\"\/Amadou_Haidara\" title=\"Amadou Haidara\">Amadou Haidara<\/a> f\u00fcr Wanderson (80.)\n<\/th>\n<\/tr>\n<tr>\n<td colspan=\"2\" style=\"text-align:center;\" bgcolor=\"lightgray\"><b>Statistik<\/b>\n<\/td>\n<\/tr>\n<tr>\n<th style=\"text-align:left;\"><b>Endstand<\/b>\n<\/th>\n<th style=\"text-align:left;\">2:0 (0:0)\n<\/th>\n<\/tr>\n<tr>\n<th style=\"text-align:left;\"><b>Torsch\u00fctzen<\/b>\n<\/th>\n<th style=\"text-align:left;\">Hwang (75., 89.)\n<\/th>\n<\/tr>\n<tr>\n<th style=\"text-align:left;\"><b>Gelbe Karten<\/b>\n<\/th>\n<th style=\"text-align:left;\">Hwang (76.); Sax (73.)\n<\/th>\n<\/tr>\n<tr>\n<th style=\"text-align:left;\"><b>Rote Karten<\/b>\n<\/th>\n<th style=\"text-align:left;\">\n<\/th>\n<\/tr>\n<tr>\n<th style=\"text-align:left;\"><b>Schiedsrichter<\/b>\n<\/th>\n<th style=\"text-align:left;\">Rene Eisner\n<\/th>\n<\/tr>\n<tr>\n<th style=\"text-align:left;\"><b>Stadion<\/b>\n<\/th>\n<th style=\"text-align:left;\">Red Bull Arena, Salzburg\n<\/th>\n<\/tr>\n<tr>\n<th style=\"text-align:left;\"><b>Zuschauer<\/b>\n<\/th>\n<th style=\"text-align:left;\">15 892\n<\/th>\n<\/tr>\n<\/tbody>\n<\/table>\n<h2><span class=\"mw-headline\" id=\"Weblinks\">Weblinks<\/span><a href=\"\/index.php?title=34._Runde,_Saison_2016\/17,_FC_Red_Bull_Salzburg_gegen_Admira_Wacker_M%C3%B6dling&amp;action=edit&amp;section=2\" title=\"Abschnitt bearbeiten: Weblinks\">Bearbeiten<\/a><span class=\"mw-editsection-bracket\">]<\/span><\/span><\/h2>\n<p><a rel=\"nofollow\" class=\"external text\" href=\"http:\/\/www.redbullsalzburg.at\/de\/fc-red-bull-salzburg\/news\/saison_2016_17\/2-0-sieg-des-serienmeisters-gegen-die-admira.html\">Spielbericht Vereinshomepage<\/a>\n<\/p>\n<h2><span class=\"mw-headline\" id=\"Bilder\">Bilder<\/span><a href=\"\/index.php?title=34._Runde,_Saison_2016\/17,_FC_Red_Bull_Salzburg_gegen_Admira_Wacker_M%C3%B6dling&amp;action=edit&amp;section=3\" title=\"Abschnitt bearbeiten: Bilder\">Bearbeiten<\/a><span class=\"mw-editsection-bracket\">]<\/span><\/span><\/h2>\n<ul class=\"gallery mw-gallery-traditional\">\n<li class=\"gallerybox\" style=\"width: 155px\">\n<div style=\"width: 155px\">\n<div class=\"thumb\" style=\"width: 150px;\">\n<div style=\"margin:15px auto;\"><a href=\"\/Datei:FC_Red_Bull_Salzburg_gegen_Admira_Wacker_M%C3%B6dling_(20._Mai_2017)_24.jpg\" class=\"image\"><img alt=\"FC Red Bull Salzburg gegen Admira Wacker M\u00f6dling (20. Mai 2017) 24.jpg\" src=\"\/images\/thumb\/a\/aa\/FC_Red_Bull_Salzburg_gegen_Admira_Wacker_M%C3%B6dling_%2820._Mai_2017%29_24.jpg\/120px-FC_Red_Bull_Salzburg_gegen_Admira_Wacker_M%C3%B6dling_%2820._Mai_2017%29_24.jpg%3Futm_source%3Dcommons.wikimedia.org%26utm_campaign%3Dimageinfo%26utm_content%3Dthumbnail\" decoding=\"async\" width=\"117\" height=\"120\" srcset=\"\/images\/thumb\/a\/aa\/FC_Red_Bull_Salzburg_gegen_Admira_Wacker_M%C3%B6dling_%2820._Mai_2017%29_24.jpg\/250px-FC_Red_Bull_Salzburg_gegen_Admira_Wacker_M%C3%B6dling_%2820._Mai_2017%29_24.jpg%3Futm_source%3Dcommons.wikimedia.org%26utm_campaign%3Dimageinfo%26utm_content%3Dthumbnail 1.5x\" \/><\/a><\/div>\n<\/div>\n<div class=\"gallerytext\">\n\t\t\t<\/div>\n<\/p><\/div>\n<\/li>\n<li class=\"gallerybox\" style=\"width: 155px\">\n<div style=\"width: 155px\">\n<div class=\"thumb\" style=\"width: 150px;\">\n<div style=\"margin:15px auto;\"><a href=\"\/Datei:FC_Red_Bull_Salzburg_gegen_Admira_Wacker_M%C3%B6dling_(20._Mai_2017)_31.jpg\" class=\"image\"><img alt=\"FC Red Bull Salzburg gegen Admira Wacker M\u00f6dling (20. Mai 2017) 31.jpg\" src=\"\/images\/thumb\/f\/f0\/FC_Red_Bull_Salzburg_gegen_Admira_Wacker_M%C3%B6dling_%2820._Mai_2017%29_31.jpg\/120px-FC_Red_Bull_Salzburg_gegen_Admira_Wacker_M%C3%B6dling_%2820._Mai_2017%29_31.jpg%3Futm_source%3Dcommons.wikimedia.org%26utm_campaign%3Dimageinfo%26utm_content%3Dthumbnail\" decoding=\"async\" width=\"120\" height=\"120\" srcset=\"\/images\/thumb\/f\/f0\/FC_Red_Bull_Salzburg_gegen_Admira_Wacker_M%C3%B6dling_%2820._Mai_2017%29_31.jpg\/250px-FC_Red_Bull_Salzburg_gegen_Admira_Wacker_M%C3%B6dling_%2820._Mai_2017%29_31.jpg%3Futm_source%3Dcommons.wikimedia.org%26utm_campaign%3Dimageinfo%26utm_content%3Dthumbnail 1.5x\" \/><\/a><\/div>\n<\/div>\n<div class=\"gallerytext\">\n\t\t\t<\/div>\n<\/p><\/div>\n<\/li>\n<li class=\"gallerybox\" style=\"width: 155px\">\n<div style=\"width: 155px\">\n<div class=\"thumb\" style=\"width: 150px;\">\n<div style=\"margin:15px auto;\"><a href=\"\/Datei:FC_Red_Bull_Salzburg_versus_Admira_Wacker_M%C3%B6dling_(20._Mai_2017)_06.jpg\" class=\"image\"><img alt=\"FC Red Bull Salzburg versus Admira Wacker M\u00f6dling (20. Mai 2017) 06.jpg\" src=\"\/images\/thumb\/4\/4f\/FC_Red_Bull_Salzburg_versus_Admira_Wacker_M%C3%B6dling_%2820._Mai_2017%29_06.jpg\/120px-FC_Red_Bull_Salzburg_versus_Admira_Wacker_M%C3%B6dling_%2820._Mai_2017%29_06.jpg%3Futm_source%3Dcommons.wikimedia.org%26utm_campaign%3Dimageinfo%26utm_content%3Dthumbnail\" decoding=\"async\" width=\"120\" height=\"120\" srcset=\"\/images\/thumb\/4\/4f\/FC_Red_Bull_Salzburg_versus_Admira_Wacker_M%C3%B6dling_%2820._Mai_2017%29_06.jpg\/250px-FC_Red_Bull_Salzburg_versus_Admira_Wacker_M%C3%B6dling_%2820._Mai_2017%29_06.jpg%3Futm_source%3Dcommons.wikimedia.org%26utm_campaign%3Dimageinfo%26utm_content%3Dthumbnail 1.5x\" \/><\/a><\/div>\n<\/div>\n<div class=\"gallerytext\">\n\t\t\t<\/div>\n<\/p><\/div>\n<\/li>\n<li class=\"gallerybox\" style=\"width: 155px\">\n<div style=\"width: 155px\">\n<div class=\"thumb\" style=\"width: 150px;\">\n<div style=\"margin:52px auto;\"><a href=\"\/Datei:FC_Red_Bull_Salzburg_versus_Admira_Wacker_M%C3%B6dling_(20._Mai_2017)_03.jpg\" class=\"image\"><img loading=\"lazy\" alt=\"FC Red Bull Salzburg versus Admira Wacker M\u00f6dling (20. Mai 2017) 03.jpg\" src=\"\/images\/thumb\/6\/67\/FC_Red_Bull_Salzburg_versus_Admira_Wacker_M%C3%B6dling_%2820._Mai_2017%29_03.jpg\/120px-FC_Red_Bull_Salzburg_versus_Admira_Wacker_M%C3%B6dling_%2820._Mai_2017%29_03.jpg%3Futm_source%3Dcommons.wikimedia.org%26utm_campaign%3Dimageinfo%26utm_content%3Dthumbnail\" decoding=\"async\" width=\"120\" height=\"46\" srcset=\"\/images\/thumb\/6\/67\/FC_Red_Bull_Salzburg_versus_Admira_Wacker_M%C3%B6dling_%2820._Mai_2017%29_03.jpg\/250px-FC_Red_Bull_Salzburg_versus_Admira_Wacker_M%C3%B6dling_%2820._Mai_2017%29_03.jpg%3Futm_source%3Dcommons.wikimedia.org%26utm_campaign%3Dimageinfo%26utm_content%3Dthumbnail 1.5x\" \/><\/a><\/div>\n<\/div>\n<div class=\"gallerytext\">\n\t\t\t<\/div>\n<\/p><\/div>\n<\/li>\n<\/ul>\n<p><img loading=\"lazy\" alt=\"\" src=\"\/images\/thumb\/4\/4a\/Commons-logo.svg\/langde-20px-Commons-logo.svg.png%3Futm_source%3Dcommons.wikimedia.org%26utm_campaign%3Dimageinfo%26utm_content%3Dthumbnail\" decoding=\"async\" title=\"Commons\" width=\"12\" height=\"16\" srcset=\"\/images\/thumb\/4\/4a\/Commons-logo.svg\/langde-40px-Commons-logo.svg.png%3Futm_source%3Dcommons.wikimedia.org%26utm_campaign%3Dimageinfo%26utm_content%3Dthumbnail 2x\" \/>&#160;<b><a href=\"http:\/\/commons.wikimedia.org\/wiki\/Category:FC_Red_Bull_Salzburg_gegen_Admira_Wacker_M%C3%B6dling_(2o._Mai_2017)\" class=\"extiw\" title=\"commons:Category:FC Red Bull Salzburg gegen Admira Wacker M\u00f6dling (2o. Mai 2017)\">34. Runde, Saison 2016\/17, FC Red Bull Salzburg gegen Admira Wacker M\u00f6dling<\/a><\/b>&#160;\u2013 Sammlung von Bildern, Videos und Audiodateien auf <a href=\"\/Wikimedia_Commons\" title=\"Wikimedia Commons\">Wikimedia Commons<\/a>\n<\/p>\n<h2><span class=\"mw-headline\" id=\"Stimmen_zum_Spiel\">Stimmen zum Spiel<\/span><a href=\"\/index.php?title=34._Runde,_Saison_2016\/17,_FC_Red_Bull_Salzburg_gegen_Admira_Wacker_M%C3%B6dling&amp;action=edit&amp;section=4\" title=\"Abschnitt bearbeiten: Stimmen zum Spiel\">Bearbeiten<\/a><span class=\"mw-editsection-bracket\">]<\/span><\/span><\/h2>\n<ul>\n<li><b>Oscar Garcia:<\/b> Wir wussten, dass es heute kein leichtes Spiel werden w\u00fcrde und dass bei der Admira viele Spieler hinter dem Ball sein werden. Wir wollten die R\u00e4ume n\u00fctzen, haben aber gerade in der ersten Halbzeit die letzten P\u00e4sse nicht so gut gemacht. Uns war aber bewusst, dass wir geduldig sein m\u00fcssen, da wir in der zweiten H\u00e4lfte sicherlich noch mehr Torm\u00f6glichkeiten bekommen werden. Da waren wir dann effizienter und haben die Tore gemacht.<\/li>\n<li><b>Cican Stankovic<\/b> F\u00fcr mich pers\u00f6nlich war es heute wieder ein toller Moment, weil ich spielen durfte, und dazu haben wir auch noch gewonnen! Das ist das Sch\u00f6nste und auch das Wichtigste. Ich hoffe, dass ihr beim n\u00e4chsten Heimspiel auch alle kommt, denn da steht die Meisterfeier an!<\/li>\n<\/ul>\n<\/div>\n","protected":false},"excerpt":{"rendered":"<p>FaktenBearbeiten] FC Red Bull Salzburg gegen Admira Wacker M\u00f6dling, 2:0 Spieltag Bundesliga &#8211; 34. Spieltag Datum 20. Mai 2017 Anpfiff 18. 30Uhr Aufstellung Tor Cican Stankovic Verteidigung Stefan Lainer &#8211; Andre Wisdom &#8211; Duje Caleta-Car &#8211; Stefan Stangl Mittelfeld Josip Radosevic &#8211; Diadie Samassekou &#8211; Wanderson &#8211; Marc Rzatkowski Sturm Hee-Chan Hwang &#8211; Takumi Minamino [&hellip;]<\/p>\n","protected":false},"author":1,"featured_media":0,"comment_status":"open","ping_status":"open","sticky":false,"template":"","format":"standard","meta":{"footnotes":""},"categories":[1699],"tags":[],"class_list":["post-2150","post","type-post","status-publish","format-standard","hentry","category-34-runde-saison-2016"],"_links":{"self":[{"href":"https:\/\/wiki.s12.at\/index.php\/wp-json\/wp\/v2\/posts\/2150","targetHints":{"allow":["GET"]}}],"collection":[{"href":"https:\/\/wiki.s12.at\/index.php\/wp-json\/wp\/v2\/posts"}],"about":[{"href":"https:\/\/wiki.s12.at\/index.php\/wp-json\/wp\/v2\/types\/post"}],"author":[{"embeddable":true,"href":"https:\/\/wiki.s12.at\/index.php\/wp-json\/wp\/v2\/users\/1"}],"replies":[{"embeddable":true,"href":"https:\/\/wiki.s12.at\/index.php\/wp-json\/wp\/v2\/comments?post=2150"}],"version-history":[{"count":0,"href":"https:\/\/wiki.s12.at\/index.php\/wp-json\/wp\/v2\/posts\/2150\/revisions"}],"wp:attachment":[{"href":"https:\/\/wiki.s12.at\/index.php\/wp-json\/wp\/v2\/media?parent=2150"}],"wp:term":[{"taxonomy":"category","embeddable":true,"href":"https:\/\/wiki.s12.at\/index.php\/wp-json\/wp\/v2\/categories?post=2150"},{"taxonomy":"post_tag","embeddable":true,"href":"https:\/\/wiki.s12.at\/index.php\/wp-json\/wp\/v2\/tags?post=2150"}],"curies":[{"name":"wp","href":"https:\/\/api.w.org\/{rel}","templated":true}]}}