{"id":2148,"date":"2026-05-06T14:22:13","date_gmt":"2026-05-06T12:22:13","guid":{"rendered":"https:\/\/wiki.s12.at\/index.php\/2026\/05\/06\/34-runde-saison-2015-16-fc-red-bull-salzburg-gegen-sk-sturm-graz\/"},"modified":"2026-05-06T14:22:13","modified_gmt":"2026-05-06T12:22:13","slug":"34-runde-saison-2015-16-fc-red-bull-salzburg-gegen-sk-sturm-graz","status":"publish","type":"post","link":"https:\/\/wiki.s12.at\/index.php\/2026\/05\/06\/34-runde-saison-2015-16-fc-red-bull-salzburg-gegen-sk-sturm-graz\/","title":{"rendered":"16 FC Red Bull Salzburg gegen SK Sturm Graz"},"content":{"rendered":"<div class=\"mw-parser-output\">\n<h2><span class=\"mw-headline\" id=\"Fakten\">Fakten<\/span><a href=\"\/index.php?title=34._Runde,_Saison_2015\/16_FC_Red_Bull_Salzburg_gegen_SK_Sturm_Graz&amp;action=edit&amp;section=1\" title=\"Abschnitt bearbeiten: Fakten\">Bearbeiten<\/a><span class=\"mw-editsection-bracket\">]<\/span><\/span><\/h2>\n<table class=\"toptextcells toccolours\">\n<tbody>\n<tr>\n<th colspan=\"2\" style=\"text-align: center; vertical-align: top; padding: 0.3em 0.8em; font-size: 125%; background-color: lightsteelblue;\">FC Red Bull Salzburg gegen SK Sturm Graz, 1:1\n<\/th>\n<\/tr>\n<tr>\n<th style=\"text-align:left;\"><b>Spieltag<\/b>\n<\/th>\n<th style=\"text-align:left;\">Bundesliga &#8211; 34. Spieltag\n<\/th>\n<\/tr>\n<tr>\n<th style=\"text-align:left;\"><b>Datum<\/b>\n<\/th>\n<th style=\"text-align:left;\">7. Mai 2016\n<\/th>\n<\/tr>\n<tr>\n<th style=\"text-align:left;\"><b>Anpfiff<\/b>\n<\/th>\n<th style=\"text-align:left;\">18.30 Uhr\n<\/th>\n<\/tr>\n<tr>\n<td colspan=\"2\" style=\"text-align:center;\" bgcolor=\"lightgray\"><b>Aufstellung<\/b>\n<\/td>\n<\/tr>\n<tr>\n<th style=\"text-align:left;\"><b>Tor<\/b>\n<\/th>\n<th><a href=\"\/Alexander_Walke\" title=\"Alexander Walke\">Alexander Walke<\/a>\n<\/th>\n<\/tr>\n<tr>\n<th style=\"text-align:left;\"><b>Verteidigung<\/b>\n<\/th>\n<th><a href=\"\/Christian_Schwegler\" title=\"Christian Schwegler\">Christian Schwegler<\/a> &#8211; <a href=\"\/Paulo_Miranda\" title=\"Paulo Miranda\">Paulo Miranda<\/a> &#8211; <a href=\"\/Duje_Caleta-Car\" title=\"Duje Caleta-Car\">Duje Caleta-Car<\/a> &#8211; <a href=\"\/Andreas_Ulmer\" title=\"Andreas Ulmer\">Andreas Ulmer<\/a>\n<\/th>\n<\/tr>\n<tr>\n<th style=\"text-align:left;\"><b>Mittelfeld<\/b>\n<\/th>\n<th><a href=\"\/Bernardo\" title=\"Bernardo\">Bernardo<\/a> &#8211; <a href=\"\/Takumi_Minamino\" title=\"Takumi Minamino\">Takumi Minamino<\/a> &#8211; <a href=\"\/Valon_Berisha\" title=\"Valon Berisha\">Valon Berisha<\/a> &#8211; <a href=\"\/Valentino_Lazaro\" title=\"Valentino Lazaro\">Valentino Lazaro<\/a>\n<\/th>\n<\/tr>\n<tr>\n<th style=\"text-align:left;\"><b>Sturm<\/b>\n<\/th>\n<th><a href=\"\/Yordy_Reyna\" title=\"Yordy Reyna\">Yordy Reyna<\/a>\n<\/th>\n<\/tr>\n<tr>\n<td colspan=\"2\" style=\"text-align:center;\" bgcolor=\"lightgray\"><b>Wechsel<\/b>\n<\/td>\n<\/tr>\n<tr>\n<th style=\"text-align:left;\"><b>Wechsel<\/b>\n<\/th>\n<th style=\"text-align:left;\"><a href=\"\/Stefan_Lainer\" title=\"Stefan Lainer\">Stefan Lainer<\/a> f\u00fcr Minamino (62.), <a href=\"\/Hee-Chan_Hwang\" title=\"Hee-Chan Hwang\">Hee-Chan Hwang<\/a> f\u00fcr Reyna (74.)\n<\/th>\n<\/tr>\n<tr>\n<td colspan=\"2\" style=\"text-align:center;\" bgcolor=\"lightgray\"><b>Statistik<\/b>\n<\/td>\n<\/tr>\n<tr>\n<th style=\"text-align:left;\"><b>Endstand<\/b>\n<\/th>\n<th style=\"text-align:left;\">1:1 (1:0)\n<\/th>\n<\/tr>\n<tr>\n<th style=\"text-align:left;\"><b>Torsch\u00fctzen<\/b>\n<\/th>\n<th style=\"text-align:left;\">Berisha (15.); Edomwonyi (70.)\n<\/th>\n<\/tr>\n<tr>\n<th style=\"text-align:left;\"><b>Gelbe Karten<\/b>\n<\/th>\n<th style=\"text-align:left;\">Reyna (21.)\n<\/th>\n<\/tr>\n<tr>\n<th style=\"text-align:left;\"><b>Rote Karten<\/b>\n<\/th>\n<th style=\"text-align:left;\">\n<\/th>\n<\/tr>\n<tr>\n<th style=\"text-align:left;\"><b>Schiedsrichter<\/b>\n<\/th>\n<th style=\"text-align:left;\">Dominik Ouschan\n<\/th>\n<\/tr>\n<tr>\n<th style=\"text-align:left;\"><b>Stadion<\/b>\n<\/th>\n<th style=\"text-align:left;\">Red Bull Arena, Salzburg\n<\/th>\n<\/tr>\n<tr>\n<th style=\"text-align:left;\"><b>Zuschauer<\/b>\n<\/th>\n<th style=\"text-align:left;\">11 327\n<\/th>\n<\/tr>\n<\/tbody>\n<\/table>\n<h2><span class=\"mw-headline\" id=\"Weblinks\">Weblinks<\/span><a href=\"\/index.php?title=34._Runde,_Saison_2015\/16_FC_Red_Bull_Salzburg_gegen_SK_Sturm_Graz&amp;action=edit&amp;section=2\" title=\"Abschnitt bearbeiten: Weblinks\">Bearbeiten<\/a><span class=\"mw-editsection-bracket\">]<\/span><\/span><\/h2>\n<p><a rel=\"nofollow\" class=\"external text\" href=\"http:\/\/www.redbullsalzburg.at\/de\/fc-red-bull-salzburg\/news\/saison_2015_16\/rote-bullen-gelingt-gegen-sk-sturm-graz-das-meisterstueck.html\">Spielbericht Vereinshomepage<\/a>\n<\/p>\n<p>\n<\/p>\n<h2><span class=\"mw-headline\" id=\"Fotos\">Fotos<\/span><a href=\"\/index.php?title=34._Runde,_Saison_2015\/16_FC_Red_Bull_Salzburg_gegen_SK_Sturm_Graz&amp;action=edit&amp;section=3\" title=\"Abschnitt bearbeiten: Fotos\">Bearbeiten<\/a><span class=\"mw-editsection-bracket\">]<\/span><\/span><\/h2>\n<ul class=\"gallery mw-gallery-traditional\">\n<li class=\"gallerybox\" style=\"width: 155px\">\n<div style=\"width: 155px\">\n<div class=\"thumb\" style=\"width: 150px;\">\n<div style=\"margin:15px auto;\"><a href=\"\/Datei:FC_Red_Bull_Salzburg_gegen_SK_Sturm_Graz_(7._Mai_2016)_38.JPG\" class=\"image\"><img alt=\"FC Red Bull Salzburg gegen SK Sturm Graz (7. Mai 2016) 38.JPG\" src=\"\/images\/thumb\/b\/ba\/FC_Red_Bull_Salzburg_gegen_SK_Sturm_Graz_%287._Mai_2016%29_38.JPG\/120px-FC_Red_Bull_Salzburg_gegen_SK_Sturm_Graz_%287._Mai_2016%29_38.JPG%3Futm_source%3Dcommons.wikimedia.org%26utm_campaign%3Dimageinfo%26utm_content%3Dthumbnail\" decoding=\"async\" width=\"107\" height=\"120\" srcset=\"\/images\/thumb\/b\/ba\/FC_Red_Bull_Salzburg_gegen_SK_Sturm_Graz_%287._Mai_2016%29_38.JPG\/250px-FC_Red_Bull_Salzburg_gegen_SK_Sturm_Graz_%287._Mai_2016%29_38.JPG%3Futm_source%3Dcommons.wikimedia.org%26utm_campaign%3Dimageinfo%26utm_content%3Dthumbnail 1.5x\" \/><\/a><\/div>\n<\/div>\n<div class=\"gallerytext\">\n\t\t\t<\/div>\n<\/p><\/div>\n<\/li>\n<li class=\"gallerybox\" style=\"width: 155px\">\n<div style=\"width: 155px\">\n<div class=\"thumb\" style=\"width: 150px;\">\n<div style=\"margin:15px auto;\"><a href=\"\/Datei:FC_Red_Bull_Salzburg_gegen_SK_Sturm_Graz_(7._Mai_2016)_28.JPG\" class=\"image\"><img alt=\"FC Red Bull Salzburg gegen SK Sturm Graz (7. Mai 2016) 28.JPG\" src=\"\/images\/thumb\/0\/04\/FC_Red_Bull_Salzburg_gegen_SK_Sturm_Graz_%287._Mai_2016%29_28.JPG\/120px-FC_Red_Bull_Salzburg_gegen_SK_Sturm_Graz_%287._Mai_2016%29_28.JPG%3Futm_source%3Dcommons.wikimedia.org%26utm_campaign%3Dimageinfo%26utm_content%3Dthumbnail\" decoding=\"async\" width=\"93\" height=\"120\" srcset=\"\/images\/thumb\/0\/04\/FC_Red_Bull_Salzburg_gegen_SK_Sturm_Graz_%287._Mai_2016%29_28.JPG\/250px-FC_Red_Bull_Salzburg_gegen_SK_Sturm_Graz_%287._Mai_2016%29_28.JPG%3Futm_source%3Dcommons.wikimedia.org%26utm_campaign%3Dimageinfo%26utm_content%3Dthumbnail 1.5x\" \/><\/a><\/div>\n<\/div>\n<div class=\"gallerytext\">\n\t\t\t<\/div>\n<\/p><\/div>\n<\/li>\n<li class=\"gallerybox\" style=\"width: 155px\">\n<div style=\"width: 155px\">\n<div class=\"thumb\" style=\"width: 150px;\">\n<div style=\"margin:29px auto;\"><a href=\"\/Datei:FC_Red_Bull_Salzburg_gegen_SK_Sturm_Graz_(7._Mai_2016)_29.JPG\" class=\"image\"><img alt=\"FC Red Bull Salzburg gegen SK Sturm Graz (7. Mai 2016) 29.JPG\" src=\"\/images\/thumb\/6\/69\/FC_Red_Bull_Salzburg_gegen_SK_Sturm_Graz_%287._Mai_2016%29_29.JPG\/120px-FC_Red_Bull_Salzburg_gegen_SK_Sturm_Graz_%287._Mai_2016%29_29.JPG%3Futm_source%3Dcommons.wikimedia.org%26utm_campaign%3Dimageinfo%26utm_content%3Dthumbnail\" decoding=\"async\" width=\"120\" height=\"92\" srcset=\"\/images\/thumb\/6\/69\/FC_Red_Bull_Salzburg_gegen_SK_Sturm_Graz_%287._Mai_2016%29_29.JPG\/250px-FC_Red_Bull_Salzburg_gegen_SK_Sturm_Graz_%287._Mai_2016%29_29.JPG%3Futm_source%3Dcommons.wikimedia.org%26utm_campaign%3Dimageinfo%26utm_content%3Dthumbnail 1.5x\" \/><\/a><\/div>\n<\/div>\n<div class=\"gallerytext\">\n\t\t\t<\/div>\n<\/p><\/div>\n<\/li>\n<\/ul>\n<p><img loading=\"lazy\" alt=\"\" src=\"\/images\/thumb\/4\/4a\/Commons-logo.svg\/langde-20px-Commons-logo.svg.png%3Futm_source%3Dcommons.wikimedia.org%26utm_campaign%3Dimageinfo%26utm_content%3Dthumbnail\" decoding=\"async\" title=\"Commons\" width=\"12\" height=\"16\" srcset=\"\/images\/thumb\/4\/4a\/Commons-logo.svg\/langde-40px-Commons-logo.svg.png%3Futm_source%3Dcommons.wikimedia.org%26utm_campaign%3Dimageinfo%26utm_content%3Dthumbnail 2x\" \/>&#160;<b><a href=\"http:\/\/commons.wikimedia.org\/wiki\/Category:FC_Red_Bull_Salzburg_gegen_SK_Sturm_Graz_(7._Mai_2016)\" class=\"extiw\" title=\"commons:Category:FC Red Bull Salzburg gegen SK Sturm Graz (7. Mai 2016)\">34. Runde, Saison 2015\/16 FC Red Bull Salzburg gegen SK Sturm Graz<\/a><\/b>&#160;\u2013 Sammlung von Bildern, Videos und Audiodateien auf <a href=\"\/Wikimedia_Commons\" title=\"Wikimedia Commons\">Wikimedia Commons<\/a>\n<\/p>\n<h2><span class=\"mw-headline\" id=\"Stimmen_zum_Spiel\">Stimmen zum Spiel<\/span><a href=\"\/index.php?title=34._Runde,_Saison_2015\/16_FC_Red_Bull_Salzburg_gegen_SK_Sturm_Graz&amp;action=edit&amp;section=4\" title=\"Abschnitt bearbeiten: Stimmen zum Spiel\">Bearbeiten<\/a><span class=\"mw-editsection-bracket\">]<\/span><\/span><\/h2>\n<p><b>Oscar Garcia:<\/b>Wir haben den Titel geholt, weil die Mannschaft ihr Bestes gegeben hat, und das ist es, was z\u00e4hlt. Der Meistertitel ist nicht nur mein Verdienst. Ich m\u00f6chte mich an dieser Stelle aber auch bei meinen Vorg\u00e4ngern Peter Zeidler und Thomas Letsch bedanken, die dazu nat\u00fcrlich ebenso beigetragen haben.\n<\/p>\n<p><b>Christoph Freund:<\/b> Wir hatten einen sehr schwierigen Start in die Saison, haben uns aber im Fr\u00fchjahr sehr gut weiterentwickelt. Wir freuen uns, dass wir den Titel schon jetzt fixieren konnten, denn jetzt k\u00f6nnen wir uns in Ruhe auf das Saison-Finale und den Samsung Cup vorbereiten. Oscar Garcia hat einen gro\u00dfen Anteil daran, er hat eine Winner-Mentalit\u00e4t ins Team gebracht.\n<\/p>\n<p><b>Alexander Walke&#160;:<\/b> Es war f\u00fcr uns von Anfang an eine schwierige Saison, darum ist die Freude umso gr\u00f6\u00dfer, dass wir jetzt Meister sind. Ein bisschen werden wir schon feiern, aber wir d\u00fcrfen nicht vergessen, dass wir am Mittwoch schon wieder ein wichtiges Spiel haben und die Saison noch nicht zu Ende ist.\n<\/p>\n<\/div>\n","protected":false},"excerpt":{"rendered":"<p>FaktenBearbeiten] FC Red Bull Salzburg gegen SK Sturm Graz, 1:1 Spieltag Bundesliga &#8211; 34. Spieltag Datum 7. Mai 2016 Anpfiff 18.30 Uhr Aufstellung Tor Alexander Walke Verteidigung Christian Schwegler &#8211; Paulo Miranda &#8211; Duje Caleta-Car &#8211; Andreas Ulmer Mittelfeld Bernardo &#8211; Takumi Minamino &#8211; Valon Berisha &#8211; Valentino Lazaro Sturm Yordy Reyna Wechsel Wechsel Stefan [&hellip;]<\/p>\n","protected":false},"author":1,"featured_media":0,"comment_status":"open","ping_status":"open","sticky":false,"template":"","format":"standard","meta":{"footnotes":""},"categories":[1698],"tags":[],"class_list":["post-2148","post","type-post","status-publish","format-standard","hentry","category-34-runde-saison-2015"],"_links":{"self":[{"href":"https:\/\/wiki.s12.at\/index.php\/wp-json\/wp\/v2\/posts\/2148","targetHints":{"allow":["GET"]}}],"collection":[{"href":"https:\/\/wiki.s12.at\/index.php\/wp-json\/wp\/v2\/posts"}],"about":[{"href":"https:\/\/wiki.s12.at\/index.php\/wp-json\/wp\/v2\/types\/post"}],"author":[{"embeddable":true,"href":"https:\/\/wiki.s12.at\/index.php\/wp-json\/wp\/v2\/users\/1"}],"replies":[{"embeddable":true,"href":"https:\/\/wiki.s12.at\/index.php\/wp-json\/wp\/v2\/comments?post=2148"}],"version-history":[{"count":0,"href":"https:\/\/wiki.s12.at\/index.php\/wp-json\/wp\/v2\/posts\/2148\/revisions"}],"wp:attachment":[{"href":"https:\/\/wiki.s12.at\/index.php\/wp-json\/wp\/v2\/media?parent=2148"}],"wp:term":[{"taxonomy":"category","embeddable":true,"href":"https:\/\/wiki.s12.at\/index.php\/wp-json\/wp\/v2\/categories?post=2148"},{"taxonomy":"post_tag","embeddable":true,"href":"https:\/\/wiki.s12.at\/index.php\/wp-json\/wp\/v2\/tags?post=2148"}],"curies":[{"name":"wp","href":"https:\/\/api.w.org\/{rel}","templated":true}]}}