{"id":209,"date":"2026-05-06T12:56:47","date_gmt":"2026-05-06T10:56:47","guid":{"rendered":"http:\/\/wiki.s12.at\/index.php\/2026\/05\/06\/10-runde-saison-2024-25-skn-st-poelten-gegen-fc-liefering\/"},"modified":"2026-05-06T12:56:47","modified_gmt":"2026-05-06T10:56:47","slug":"10-runde-saison-2024-25-skn-st-poelten-gegen-fc-liefering","status":"publish","type":"post","link":"https:\/\/wiki.s12.at\/index.php\/2026\/05\/06\/10-runde-saison-2024-25-skn-st-poelten-gegen-fc-liefering\/","title":{"rendered":"25, SKN St. P\u00f6lten gegen FC Liefering"},"content":{"rendered":"<div class=\"mw-parser-output\">\n<table class=\"toptextcells toccolours\">\n<tbody>\n<tr>\n<th colspan=\"2\" style=\"text-align: center; vertical-align: top; padding: 0.3em 0.8em; font-size: 125%; background-color: lightsteelblue;\">SKN St. P\u00f6lten gegen FC Liefering, 0:0\n<\/th>\n<\/tr>\n<tr>\n<th style=\"text-align:left;\"><b>Spieltag<\/b>\n<\/th>\n<th style=\"text-align:left;\">2. Liga &#8211; 10. Runde\n<\/th>\n<\/tr>\n<tr>\n<th style=\"text-align:left;\"><b>Datum<\/b>\n<\/th>\n<th style=\"text-align:left;\">18. Oktober 2024\n<\/th>\n<\/tr>\n<tr>\n<th style=\"text-align:left;\"><b>Anpfiff<\/b>\n<\/th>\n<th style=\"text-align:left;\">18:00 Uhr\n<\/th>\n<\/tr>\n<tr>\n<td colspan=\"2\" style=\"text-align:center;\" bgcolor=\"lightgray\"><b>Aufstellung<\/b>\n<\/td>\n<\/tr>\n<tr>\n<th style=\"text-align:left;\"><b>Tor<\/b>\n<\/th>\n<th><a href=\"\/Christian_Zawieschitzky\" title=\"Christian Zawieschitzky\">Christian Zawieschitzky <\/a>\n<\/th>\n<\/tr>\n<tr>\n<th style=\"text-align:left;\"><b>Verteidigung<\/b>\n<\/th>\n<th><a href=\"\/Bryan_Okoh\" title=\"Bryan Okoh\">Bryan Okoh<\/a> &#8211; <a href=\"\/Jannik_Schuster\" title=\"Jannik Schuster\">Jannik Schuster<\/a>  &#8211; <a href=\"\/John_Mellberg\" title=\"John Mellberg\">John Mellberg<\/a>\n<\/th>\n<\/tr>\n<tr>\n<th style=\"text-align:left;\"><b>Mittelfeld<\/b>\n<\/th>\n<th><a href=\"\/Jakob_Brandtner\" title=\"Jakob Brandtner\">Jakob Brandtner<\/a> &#8211; <a href=\"\/Valentin_Sulzbacher\" title=\"Valentin Sulzbacher\">Valentin Sulzbacher<\/a>&#8211; <a href=\"\/Tim_Paumgartner\" title=\"Tim Paumgartner\">Tim Paumgartner <\/a> &#8211;   <a href=\"\/Kristjan_Bendra\" title=\"Kristjan Bendra\">Kristjan Bendra<\/a> &#8211;   <a href=\"\/Oliver_Lukic\" title=\"Oliver Lukic\">Oliver Lukic<\/a>\n<\/th>\n<\/tr>\n<tr>\n<th style=\"text-align:left;\"><b>Sturm<\/b>\n<\/th>\n<th><a href=\"\/Philipp_Verhounig\" class=\"mw-redirect\" title=\"Philipp Verhounig\">Philipp Verhounig<\/a> &#8211; <a href=\"\/Luka_Reischl\" title=\"Luka Reischl\">Luka Reischl<\/a>\n<\/th>\n<\/tr>\n<tr>\n<td colspan=\"2\" style=\"text-align:center;\" bgcolor=\"lightgray\"><b>Wechsel<\/b>\n<\/td>\n<\/tr>\n<tr>\n<th style=\"text-align:left;\"><b>Wechsel<\/b>\n<\/th>\n<th style=\"text-align:left;\"><a href=\"\/Zeteny_Jano\" title=\"Zeteny Jano\">Zeteny Jano<\/a> f\u00fcr Lukic (69.), <a href=\"\/Oghenetejiri_Adejenughure\" title=\"Oghenetejiri Adejenughure\">Oghenetejiri Adejenughure<\/a> f\u00fcr Reischl (69.), <a href=\"\/Quirin_Rackl\" title=\"Quirin Rackl\">Quirin Rackl<\/a> f\u00fcr Brandtner (80.), <br \/><a href=\"\/Tim_Trummer\" title=\"Tim Trummer\">Tim Trummer<\/a> f\u00fcr Bendra (89.)\n<\/th>\n<\/tr>\n<tr>\n<td colspan=\"2\" style=\"text-align:center;\" bgcolor=\"lightgray\"><b>Statistik<\/b>\n<\/td>\n<\/tr>\n<tr>\n<th style=\"text-align:left;\"><b>Endstand<\/b>\n<\/th>\n<th style=\"text-align:left;\">0:0\n<\/th>\n<\/tr>\n<tr>\n<th style=\"text-align:left;\"><b>Torsch\u00fctzen<\/b>\n<\/th>\n<th style=\"text-align:left;\">\n<\/th>\n<\/tr>\n<tr>\n<th style=\"text-align:left;\"><b>Gelbe Karten<\/b>\n<\/th>\n<th style=\"text-align:left;\">Paumgartner (42.), Trainer Beichler (90.+2)\n<\/th>\n<\/tr>\n<tr>\n<th style=\"text-align:left;\"><b>Rote Karten<\/b>\n<\/th>\n<th style=\"text-align:left;\">\n<\/th>\n<\/tr>\n<tr>\n<th style=\"text-align:left;\"><b>Schiedsrichter<\/b>\n<\/th>\n<th style=\"text-align:left;\">Stjepan Bosnjak\n<\/th>\n<\/tr>\n<tr>\n<th style=\"text-align:left;\"><b>Stadion<\/b>\n<\/th>\n<th style=\"text-align:left;\">Ergo-Arena, Wiener Neustadt\n<\/th>\n<\/tr>\n<tr>\n<th style=\"text-align:left;\"><b>Zuschauer<\/b>\n<\/th>\n<th style=\"text-align:left;\">350\n<\/th>\n<\/tr>\n<\/tbody>\n<\/table>\n<h2><span class=\"mw-headline\" id=\"Spielbericht\">Spielbericht<\/span><a href=\"\/index.php?title=10._Runde,_Saison_2024\/25,_SKN_St._P%C3%B6lten_gegen_FC_Liefering&amp;action=edit&amp;section=1\" title=\"Abschnitt bearbeiten: Spielbericht\">Bearbeiten<\/a><span class=\"mw-editsection-bracket\">]<\/span><\/span><\/h2>\n<p><a rel=\"nofollow\" class=\"external text\" href=\"https:\/\/www.fc-liefering.at\/de\/fc-liefering\/news\/saison_2024_25\/ligaspiel-skn-runde-10.html\">Spielbericht Vereinshomepage<\/a>\n<\/p>\n<h2><span class=\"mw-headline\" id=\"Stimmen_zum_Spiel\">Stimmen zum Spiel<\/span><a href=\"\/index.php?title=10._Runde,_Saison_2024\/25,_SKN_St._P%C3%B6lten_gegen_FC_Liefering&amp;action=edit&amp;section=2\" title=\"Abschnitt bearbeiten: Stimmen zum Spiel\">Bearbeiten<\/a><span class=\"mw-editsection-bracket\">]<\/span><\/span><\/h2>\n<p><b>Daniel Beichler:<\/b> Die Burschen haben extrem viel investiert, wir wussten, dass wir auf einen guten, sehr k\u00f6rperlichen Gegner treffen w\u00fcrden. Es war ein typisches Zweitliga-Spiel, viele hohe B\u00e4lle und ein gro\u00dfer Kampf um den zweiten Ball. Speziell am Anfang der zweiten Halbzeit hatten wir richtig gute Umschaltmomente, da waren wir nicht zielstrebig genug und haben aus meiner Sicht auch einen klaren Elfmeter nicht bekommen. Hintenraus hat St. P\u00f6lten zwei, drei richtig gute M\u00f6glichkeiten vorgefunden \u2013 da war dann auch Gl\u00fcck dabei!\n<\/p>\n<\/div>\n","protected":false},"excerpt":{"rendered":"<p>SKN St. P\u00f6lten gegen FC Liefering, 0:0 Spieltag 2. Liga &#8211; 10. Runde Datum 18. Oktober 2024 Anpfiff 18:00 Uhr Aufstellung Tor Christian Zawieschitzky Verteidigung Bryan Okoh &#8211; Jannik Schuster &#8211; John Mellberg Mittelfeld Jakob Brandtner &#8211; Valentin Sulzbacher&#8211; Tim Paumgartner &#8211; Kristjan Bendra &#8211; Oliver Lukic Sturm Philipp Verhounig &#8211; Luka Reischl Wechsel Wechsel [&hellip;]<\/p>\n","protected":false},"author":1,"featured_media":0,"comment_status":"open","ping_status":"open","sticky":false,"template":"","format":"standard","meta":{"footnotes":""},"categories":[82],"tags":[],"class_list":["post-209","post","type-post","status-publish","format-standard","hentry","category-10-runde-saison-2024"],"_links":{"self":[{"href":"https:\/\/wiki.s12.at\/index.php\/wp-json\/wp\/v2\/posts\/209","targetHints":{"allow":["GET"]}}],"collection":[{"href":"https:\/\/wiki.s12.at\/index.php\/wp-json\/wp\/v2\/posts"}],"about":[{"href":"https:\/\/wiki.s12.at\/index.php\/wp-json\/wp\/v2\/types\/post"}],"author":[{"embeddable":true,"href":"https:\/\/wiki.s12.at\/index.php\/wp-json\/wp\/v2\/users\/1"}],"replies":[{"embeddable":true,"href":"https:\/\/wiki.s12.at\/index.php\/wp-json\/wp\/v2\/comments?post=209"}],"version-history":[{"count":0,"href":"https:\/\/wiki.s12.at\/index.php\/wp-json\/wp\/v2\/posts\/209\/revisions"}],"wp:attachment":[{"href":"https:\/\/wiki.s12.at\/index.php\/wp-json\/wp\/v2\/media?parent=209"}],"wp:term":[{"taxonomy":"category","embeddable":true,"href":"https:\/\/wiki.s12.at\/index.php\/wp-json\/wp\/v2\/categories?post=209"},{"taxonomy":"post_tag","embeddable":true,"href":"https:\/\/wiki.s12.at\/index.php\/wp-json\/wp\/v2\/tags?post=209"}],"curies":[{"name":"wp","href":"https:\/\/api.w.org\/{rel}","templated":true}]}}