{"id":2064,"date":"2026-05-06T14:13:41","date_gmt":"2026-05-06T12:13:41","guid":{"rendered":"https:\/\/wiki.s12.at\/index.php\/2026\/05\/06\/32-runde-saison-2012-13-rbs-vs-adm\/"},"modified":"2026-05-06T14:13:41","modified_gmt":"2026-05-06T12:13:41","slug":"32-runde-saison-2012-13-rbs-vs-adm","status":"publish","type":"post","link":"https:\/\/wiki.s12.at\/index.php\/2026\/05\/06\/32-runde-saison-2012-13-rbs-vs-adm\/","title":{"rendered":"13, RBS vs ADM"},"content":{"rendered":"<div class=\"mw-parser-output\">\n<h3><span class=\"mw-headline\" id=\"Fakten\">Fakten<\/span><a href=\"\/index.php?title=32._Runde,_Saison_2012\/13,_RBS_vs_ADM&amp;action=edit&amp;section=1\" title=\"Abschnitt bearbeiten: Fakten\">Bearbeiten<\/a><span class=\"mw-editsection-bracket\">]<\/span><\/span><\/h3>\n<p><b>Bundesliga &#8211; 30. Spieltag: 4. Mai 2013, 18.30 Uhr<\/b><br \/>\n\n<\/p>\n<table class=\"wikitable\">\n<caption><b><big>FC Red Bull Salzburg gegen Admira Wacker, 2:1 <\/big><\/b><br \/>\n<\/caption>\n<tbody>\n<tr>\n<td>Aufstellung:<\/td>\n<td><a href=\"\/Eddie_Gustafsson\" title=\"Eddie Gustafsson\">Eddie Gustafsson<\/a>\n<\/td>\n<\/tr>\n<tr>\n<td><\/td>\n<td><a href=\"\/Christian_Schwegler\" title=\"Christian Schwegler\">Christian Schwegler<\/a> <a href=\"\/Ibrahim_Sekagya\" title=\"Ibrahim Sekagya\">Ibrahim Sekagya<\/a> <a href=\"\/Rodnei\" title=\"Rodnei\">Rodnei<\/a> <a href=\"\/Dusan_Svento\" class=\"mw-redirect\" title=\"Dusan Svento\">Dusan Svento<\/a>\n<\/td>\n<\/tr>\n<tr>\n<td><\/td>\n<td><a href=\"\/Stefan_Ilsanker\" title=\"Stefan Ilsanker\">Stefan Ilsanker<\/a> <a href=\"\/Valon_Berisha\" title=\"Valon Berisha\">Valon Berisha<\/a> <a href=\"\/Stefan_Hierl%C3%A4nder\" title=\"Stefan Hierl\u00e4nder\">Stefan Hierl\u00e4nder<\/a> <a href=\"\/Sadio_Man%C3%A9\" title=\"Sadio Man\u00e9\">Sadio Man\u00e9<\/a> <a href=\"\/Kevin_Kampl\" title=\"Kevin Kampl\">Kevin Kampl<\/a>\n<\/td>\n<\/tr>\n<tr>\n<td><\/td>\n<td><a href=\"\/Alan\" title=\"Alan\">Alan<\/a>\n<\/td>\n<\/tr>\n<tr>\n<td>Wechsel:<\/td>\n<td><a href=\"\/Georg_Teigl\" title=\"Georg Teigl\">Georg Teigl<\/a> f\u00fcr Hierl\u00e4nder (46.), <a href=\"\/Havard_Nielsen\" title=\"Havard Nielsen\">Havard Nielsen<\/a> f\u00fcr Ilsanker (62.), <a href=\"\/Florian_Klein\" title=\"Florian Klein\">Florian Klein<\/a> f\u00fcr Schwegler (62.)\n<\/td>\n<\/tr>\n<tr>\n<td>Endstand:<\/td>\n<td>2:1 (0:0)\n<\/td>\n<\/tr>\n<tr>\n<td>Torsch\u00fctzen:<\/td>\n<td>Alan (63.), Mane (74.); Toth (51.)\n<\/td>\n<\/tr>\n<tr>\n<td>Gelbe Karten:<\/td>\n<td>Sekagya (50.), Rodnei (67.); Windbichler (18.), Sch\u00f6\u00dfwendter (27.), Seeger (38.), Th\u00fcrauer (66.), Drescher (82.), Gremsl (88.)\n<\/td>\n<\/tr>\n<tr>\n<td>Gelb-rote Karten:<\/td>\n<td>\n<\/td>\n<\/tr>\n<tr>\n<td>Rote Karten:<\/td>\n<td>\n<\/td>\n<\/tr>\n<tr>\n<td>Schiedsrichter:<\/td>\n<td>Manfred Krassnitzer\n<\/td>\n<\/tr>\n<tr>\n<td>Stadion:<\/td>\n<td>EM Stadion Wals-Siezenheim, Salzburg\n<\/td>\n<\/tr>\n<tr>\n<td>Zuschauer:<\/td>\n<td>\n<\/td>\n<\/tr>\n<\/tbody>\n<\/table>\n<h2><span class=\"mw-headline\" id=\"Weblinks\">Weblinks<\/span><a href=\"\/index.php?title=32._Runde,_Saison_2012\/13,_RBS_vs_ADM&amp;action=edit&amp;section=2\" title=\"Abschnitt bearbeiten: Weblinks\">Bearbeiten<\/a><span class=\"mw-editsection-bracket\">]<\/span><\/span><\/h2>\n<ul>\n<li><a rel=\"nofollow\" class=\"external text\" href=\"http:\/\/redbulls.com\/soccer\/salzburg\/de\/red-bull-salzburg-news-detail_9033.html\">Spielbericht Vereinshomepage<\/a><\/li>\n<li><a rel=\"nofollow\" class=\"external text\" href=\"http:\/\/s12.tv\/12v\">Spielbericht Salzburg12.at<\/a><\/li>\n<li><a rel=\"nofollow\" class=\"external text\" href=\"http:\/\/www.redbullsfan.tv\/red-bull-salzburg-vs-admira-wacker\/page\/view=1480\">Video auf redbulls.tv<\/a><\/li>\n<\/ul>\n<h2><span class=\"mw-headline\" id=\"Stimmen_zum_Spiel\">Stimmen zum Spiel<\/span><a href=\"\/index.php?title=32._Runde,_Saison_2012\/13,_RBS_vs_ADM&amp;action=edit&amp;section=3\" title=\"Abschnitt bearbeiten: Stimmen zum Spiel\">Bearbeiten<\/a><span class=\"mw-editsection-bracket\">]<\/span><\/span><\/h2>\n<p><b>Roger Schmidt:<\/b> \u201eWir haben heute kein gutes Spiel gemacht, waren nicht so dynamisch und laufbereit. Besonders in der ersten Halbzeit wirkte das etwas statisch. Nach dem Gegentor hat sich das dann aber ge\u00e4ndert \u2013 und wir konnten wieder einmal ein Spiel drehen. Das war heute kein Fu\u00dfballfest, aber auch daf\u00fcr gibt es drei Punkte.\u201c\n<\/p>\n<p><b>Alan:<\/b> \u201eWir waren erste Halbzeit nicht so gut. Aber nach der Pause haben wir dann gut gek\u00e4mpft und drei Punkte geholt &#8211; das z\u00e4hlt. Wir m\u00fcssen jetzt weiter unsere Arbeit machen. Dann sehen wir, was passiert.\u201c\n<\/p>\n<p><b>Dietmar K\u00fchbauer (Admira-Trainer):<\/b>  &#8222;Man wei\u00df, dass Salzburg zu Chancen kommen wird, aber dass es so passiert ist nat\u00fcrlich umso bitterer f\u00fcr die Mannschaft. Ich bin trotzdem sehr stolz auf die Mannschaft, sie hat sich heute eigentlich mehr verdient. Man kann nicht besser spielen als heute, aber wir haben es nicht in der Hand.&#8220;\n<\/p>\n<\/div>\n","protected":false},"excerpt":{"rendered":"<p>FaktenBearbeiten] Bundesliga &#8211; 30. Spieltag: 4. Mai 2013, 18.30 Uhr FC Red Bull Salzburg gegen Admira Wacker, 2:1 Aufstellung: Eddie Gustafsson Christian Schwegler Ibrahim Sekagya Rodnei Dusan Svento Stefan Ilsanker Valon Berisha Stefan Hierl\u00e4nder Sadio Man\u00e9 Kevin Kampl Alan Wechsel: Georg Teigl f\u00fcr Hierl\u00e4nder (46.), Havard Nielsen f\u00fcr Ilsanker (62.), Florian Klein f\u00fcr Schwegler (62.) [&hellip;]<\/p>\n","protected":false},"author":1,"featured_media":0,"comment_status":"open","ping_status":"open","sticky":false,"template":"","format":"standard","meta":{"footnotes":""},"categories":[1631],"tags":[],"class_list":["post-2064","post","type-post","status-publish","format-standard","hentry","category-32-runde-saison-2012"],"_links":{"self":[{"href":"https:\/\/wiki.s12.at\/index.php\/wp-json\/wp\/v2\/posts\/2064","targetHints":{"allow":["GET"]}}],"collection":[{"href":"https:\/\/wiki.s12.at\/index.php\/wp-json\/wp\/v2\/posts"}],"about":[{"href":"https:\/\/wiki.s12.at\/index.php\/wp-json\/wp\/v2\/types\/post"}],"author":[{"embeddable":true,"href":"https:\/\/wiki.s12.at\/index.php\/wp-json\/wp\/v2\/users\/1"}],"replies":[{"embeddable":true,"href":"https:\/\/wiki.s12.at\/index.php\/wp-json\/wp\/v2\/comments?post=2064"}],"version-history":[{"count":0,"href":"https:\/\/wiki.s12.at\/index.php\/wp-json\/wp\/v2\/posts\/2064\/revisions"}],"wp:attachment":[{"href":"https:\/\/wiki.s12.at\/index.php\/wp-json\/wp\/v2\/media?parent=2064"}],"wp:term":[{"taxonomy":"category","embeddable":true,"href":"https:\/\/wiki.s12.at\/index.php\/wp-json\/wp\/v2\/categories?post=2064"},{"taxonomy":"post_tag","embeddable":true,"href":"https:\/\/wiki.s12.at\/index.php\/wp-json\/wp\/v2\/tags?post=2064"}],"curies":[{"name":"wp","href":"https:\/\/api.w.org\/{rel}","templated":true}]}}