{"id":204,"date":"2026-05-06T12:56:43","date_gmt":"2026-05-06T10:56:43","guid":{"rendered":"http:\/\/wiki.s12.at\/index.php\/2026\/05\/06\/10-runde-saison-2021-22-sv-lafnitz-gegen-fc-liefering\/"},"modified":"2026-05-06T12:56:43","modified_gmt":"2026-05-06T10:56:43","slug":"10-runde-saison-2021-22-sv-lafnitz-gegen-fc-liefering","status":"publish","type":"post","link":"https:\/\/wiki.s12.at\/index.php\/2026\/05\/06\/10-runde-saison-2021-22-sv-lafnitz-gegen-fc-liefering\/","title":{"rendered":"22, SV Lafnitz gegen FC Liefering"},"content":{"rendered":"<div class=\"mw-parser-output\">\n<table class=\"toptextcells toccolours\">\n<tbody>\n<tr>\n<th colspan=\"2\" style=\"text-align: center; vertical-align: top; padding: 0.3em 0.8em; font-size: 125%; background-color: lightsteelblue;\">SV Lafnitz gegen FC Liefering, 1:3\n<\/th>\n<\/tr>\n<tr>\n<th style=\"text-align:left;\"><b>Spieltag<\/b>\n<\/th>\n<th style=\"text-align:left;\">2. Liga 10. Spieltag\n<\/th>\n<\/tr>\n<tr>\n<th style=\"text-align:left;\"><b>Datum<\/b>\n<\/th>\n<th style=\"text-align:left;\">2. Oktober 2021\n<\/th>\n<\/tr>\n<tr>\n<th style=\"text-align:left;\"><b>Anpfiff<\/b>\n<\/th>\n<th style=\"text-align:left;\">14.30 Uhr\n<\/th>\n<\/tr>\n<tr>\n<td colspan=\"2\" style=\"text-align:center;\" bgcolor=\"lightgray\"><b>Aufstellung<\/b>\n<\/td>\n<\/tr>\n<tr>\n<th style=\"text-align:left;\"><b>Tor<\/b>\n<\/th>\n<th><a href=\"\/Adam_Stejskal\" title=\"Adam Stejskal\">Adam Stejskal<\/a>\n<\/th>\n<\/tr>\n<tr>\n<th style=\"text-align:left;\"><b>Verteidigung<\/b>\n<\/th>\n<th><a href=\"\/Daouda_Guindo\" title=\"Daouda Guindo\">Daouda Guindo<\/a> &#8211; <a href=\"\/Bryan_Okoh\" title=\"Bryan Okoh\">Bryan Okoh<\/a> &#8211; <a href=\"\/Lukas_Wallner\" title=\"Lukas Wallner\">Lukas Wallner<\/a> &#8211; <a href=\"\/Benjamin_Atiabou\" title=\"Benjamin Atiabou\">Benjamin Atiabou <\/a>\n<\/th>\n<\/tr>\n<tr>\n<th style=\"text-align:left;\"><b>Mittelfeld<\/b>\n<\/th>\n<th><a href=\"\/Tolgahan_Sahin\" title=\"Tolgahan Sahin\">Tolgahan Sahin<\/a> &#8211; <a href=\"\/Justin_Omoregie\" title=\"Justin Omoregie\">Justin Omoregie<\/a> &#8211; <a href=\"\/Maurits_Kjaergaard\" title=\"Maurits Kjaergaard\">Maurits Kjaergaard<\/a>\n<\/th>\n<\/tr>\n<tr>\n<th style=\"text-align:left;\"><b>Sturm<\/b>\n<\/th>\n<th><a href=\"\/Nene_Dorgeles\" title=\"Nene Dorgeles\">Nene Dorgeles<\/a> &#8211; <a href=\"\/Roko_Simic\" title=\"Roko Simic\">Roko Simic<\/a> &#8211; <a href=\"\/Amankwah_Forson\" title=\"Amankwah Forson\">Amankwah Forson<\/a>\n<\/th>\n<\/tr>\n<tr>\n<td colspan=\"2\" style=\"text-align:center;\" bgcolor=\"lightgray\"><b>Wechsel<\/b>\n<\/td>\n<\/tr>\n<tr>\n<th style=\"text-align:left;\"><b>Wechsel<\/b>\n<\/th>\n<th style=\"text-align:left;\"><a href=\"\/Samson_Tijani\" title=\"Samson Tijani\">Samson Tijani<\/a> f\u00fcr Sahin (57.), <a href=\"\/Samuel_Major\" title=\"Samuel Major\">Samuel Major<\/a> f\u00fcr Atiabou (57.), <a href=\"\/Elias_Havel\" title=\"Elias Havel\">Elias Havel<\/a> f\u00fcr Dorgeles (70.), <br \/><a href=\"\/Luka_Reischl\" title=\"Luka Reischl\">Luka Reischl<\/a> f\u00fcr Simic (87.), <a href=\"\/Thomas_Schiestl\" title=\"Thomas Schiestl\">Thomas Schiestl<\/a> f\u00fcr Kjaergaard (87.)\n<\/th>\n<\/tr>\n<tr>\n<td colspan=\"2\" style=\"text-align:center;\" bgcolor=\"lightgray\"><b>Statistik<\/b>\n<\/td>\n<\/tr>\n<tr>\n<th style=\"text-align:left;\"><b>Endstand<\/b>\n<\/th>\n<th style=\"text-align:left;\">1:3 (1:2)\n<\/th>\n<\/tr>\n<tr>\n<th style=\"text-align:left;\"><b>Torsch\u00fctzen<\/b>\n<\/th>\n<th style=\"text-align:left;\">Schriebl (16.)&#160;;  Nene (20.), Atiabou (22.), Simic (78.)\n<\/th>\n<\/tr>\n<tr>\n<th style=\"text-align:left;\"><b>Gelbe Karten<\/b>\n<\/th>\n<th style=\"text-align:left;\">Fadinger (76.); Okoh (3.)\n<\/th>\n<\/tr>\n<tr>\n<th style=\"text-align:left;\"><b>Rote Karten<\/b>\n<\/th>\n<th style=\"text-align:left;\">\n<\/th>\n<\/tr>\n<tr>\n<th style=\"text-align:left;\"><b>Schiedsrichter<\/b>\n<\/th>\n<th style=\"text-align:left;\">Markus Hameter\n<\/th>\n<\/tr>\n<tr>\n<th style=\"text-align:left;\"><b>Stadion<\/b>\n<\/th>\n<th style=\"text-align:left;\">Sportarena Lafnitz\n<\/th>\n<\/tr>\n<tr>\n<th style=\"text-align:left;\"><b>Zuschauer<\/b>\n<\/th>\n<th style=\"text-align:left;\">350\n<\/th>\n<\/tr>\n<\/tbody>\n<\/table>\n<h2><span class=\"mw-headline\" id=\"Spielbericht\">Spielbericht<\/span><a href=\"\/index.php?title=10._Runde,_Saison_2021\/22,_SV_Lafnitz_gegen_FC_Liefering&amp;action=edit&amp;section=1\" title=\"Abschnitt bearbeiten: Spielbericht\">Bearbeiten<\/a><span class=\"mw-editsection-bracket\">]<\/span><\/span><\/h2>\n<p><a rel=\"nofollow\" class=\"external text\" href=\"https:\/\/www.fc-liefering.at\/de\/fc-liefering\/news\/saison_2021_22\/comeback-sieg-dank-doppelschlag.html\">Spielbericht Vereinshomepage<\/a>\n<\/p>\n<h2><span class=\"mw-headline\" id=\"Stimmen_zum_Spiel\">Stimmen zum Spiel<\/span><a href=\"\/index.php?title=10._Runde,_Saison_2021\/22,_SV_Lafnitz_gegen_FC_Liefering&amp;action=edit&amp;section=2\" title=\"Abschnitt bearbeiten: Stimmen zum Spiel\">Bearbeiten<\/a><span class=\"mw-editsection-bracket\">]<\/span><\/span><\/h2>\n<p><b>Rene Aufhauser: <\/b>  Das Einzige, was ich meiner Mannschaft vorwerfen kann, ist, dass sie nicht mit der n\u00f6tigen Spannung gestartet ist. Gegen diesen starken Gegner hatten wir zu Beginn ein paar Schwierigkeiten, nach einer Unachtsamkeit ist dann das Gegentor entstanden. Aber den Burschen geb\u00fchrt ein gro\u00dfes Kompliment, dass ihnen der Turnaround gelungen ist, mit zwei sch\u00f6nen Treffern sind wir noch in der ersten Halbzeit verdient in F\u00fchrung gegangen. Der zweite Durchgang war etwas hektischer, wir haben aber mit der Zeit wieder Struktur hineingebracht und aus einer Kontersituation das 3:1 erzielt. Ein Kompliment geb\u00fchrt auch den Spielern, die von der Bank gekommen sind. Ich bin irrsinnig stolz auf die Mannschaft!\n<\/p>\n<\/div>\n","protected":false},"excerpt":{"rendered":"<p>SV Lafnitz gegen FC Liefering, 1:3 Spieltag 2. Liga 10. Spieltag Datum 2. Oktober 2021 Anpfiff 14.30 Uhr Aufstellung Tor Adam Stejskal Verteidigung Daouda Guindo &#8211; Bryan Okoh &#8211; Lukas Wallner &#8211; Benjamin Atiabou Mittelfeld Tolgahan Sahin &#8211; Justin Omoregie &#8211; Maurits Kjaergaard Sturm Nene Dorgeles &#8211; Roko Simic &#8211; Amankwah Forson Wechsel Wechsel Samson [&hellip;]<\/p>\n","protected":false},"author":1,"featured_media":0,"comment_status":"open","ping_status":"open","sticky":false,"template":"","format":"standard","meta":{"footnotes":""},"categories":[133],"tags":[],"class_list":["post-204","post","type-post","status-publish","format-standard","hentry","category-10-runde-saison-2021"],"_links":{"self":[{"href":"https:\/\/wiki.s12.at\/index.php\/wp-json\/wp\/v2\/posts\/204","targetHints":{"allow":["GET"]}}],"collection":[{"href":"https:\/\/wiki.s12.at\/index.php\/wp-json\/wp\/v2\/posts"}],"about":[{"href":"https:\/\/wiki.s12.at\/index.php\/wp-json\/wp\/v2\/types\/post"}],"author":[{"embeddable":true,"href":"https:\/\/wiki.s12.at\/index.php\/wp-json\/wp\/v2\/users\/1"}],"replies":[{"embeddable":true,"href":"https:\/\/wiki.s12.at\/index.php\/wp-json\/wp\/v2\/comments?post=204"}],"version-history":[{"count":0,"href":"https:\/\/wiki.s12.at\/index.php\/wp-json\/wp\/v2\/posts\/204\/revisions"}],"wp:attachment":[{"href":"https:\/\/wiki.s12.at\/index.php\/wp-json\/wp\/v2\/media?parent=204"}],"wp:term":[{"taxonomy":"category","embeddable":true,"href":"https:\/\/wiki.s12.at\/index.php\/wp-json\/wp\/v2\/categories?post=204"},{"taxonomy":"post_tag","embeddable":true,"href":"https:\/\/wiki.s12.at\/index.php\/wp-json\/wp\/v2\/tags?post=204"}],"curies":[{"name":"wp","href":"https:\/\/api.w.org\/{rel}","templated":true}]}}