{"id":2030,"date":"2026-05-06T14:12:48","date_gmt":"2026-05-06T12:12:48","guid":{"rendered":"https:\/\/wiki.s12.at\/index.php\/2026\/05\/06\/31-runde-bundesliga-saison-1996-97-fc-linz-austria-salzburg\/"},"modified":"2026-05-06T14:12:48","modified_gmt":"2026-05-06T12:12:48","slug":"31-runde-bundesliga-saison-1996-97-fc-linz-austria-salzburg","status":"publish","type":"post","link":"https:\/\/wiki.s12.at\/index.php\/2026\/05\/06\/31-runde-bundesliga-saison-1996-97-fc-linz-austria-salzburg\/","title":{"rendered":"97, FC Linz &#8211; Austria Salzburg"},"content":{"rendered":"<div class=\"mw-parser-output\">\n<h3><span class=\"mw-headline\" id=\"Fakten\">Fakten<\/span><a href=\"\/index.php?title=31._Runde:_Bundesliga,_Saison_1996\/97,_FC_Linz_-_Austria_Salzburg&amp;action=edit&amp;section=1\" title=\"Abschnitt bearbeiten: Fakten\">Bearbeiten<\/a><span class=\"mw-editsection-bracket\">]<\/span><\/span><\/h3>\n<p><b>Bundesliga &#8211; 31. Spieltag: 10. Mai 1997, 15.30  Uhr<\/b><br \/>\n\n<\/p>\n<table class=\"wikitable\">\n<caption><b> <big>FC Linz gegen SV Austria Salzburg, 2:2<\/big><\/b><br \/>\n<\/caption>\n<tbody>\n<tr>\n<td>Aufstellung:<\/td>\n<td><a href=\"\/Oleg_Suslov\" class=\"mw-redirect\" title=\"Oleg Suslov\">Oleg Suslov<\/a>\n<\/td>\n<\/tr>\n<tr>\n<td><\/td>\n<td><a href=\"\/Adolf_H%C3%BCtter\" title=\"Adolf H\u00fctter\">Adolf H\u00fctter<\/a>, <a href=\"\/Thomas_Winklhofer\" title=\"Thomas Winklhofer\">Thomas Winklhofer<\/a>, <a href=\"\/Franz_Aigner\" title=\"Franz Aigner\">Franz Aigner<\/a>, <a href=\"\/Robert_Ibertsberger\" title=\"Robert Ibertsberger\">Robert Ibertsberger<\/a>\n<\/td>\n<\/tr>\n<tr>\n<td><\/td>\n<td><a href=\"\/Rene_Aufhauser\" class=\"mw-redirect\" title=\"Rene Aufhauser\">Rene Aufhauser<\/a>, <a href=\"\/Tomislav_Kocijan\" title=\"Tomislav Kocijan\">Tomislav Kocijan<\/a>, <a href=\"\/Heiko_Laessig\" title=\"Heiko Laessig\">Heiko Laessig<\/a>, <a href=\"\/Martin_Amerhauser\" title=\"Martin Amerhauser\">Martin Amerhauser<\/a>\n<\/td>\n<\/tr>\n<tr>\n<td><\/td>\n<td><a href=\"\/Eduard_Glieder\" title=\"Eduard Glieder\">Eduard Glieder<\/a>, <a href=\"\/Laszlo_Klausz\" class=\"mw-redirect\" title=\"Laszlo Klausz\">Laszlo Klausz<\/a>\n<\/td>\n<\/tr>\n<tr>\n<td>Wechsel:<\/td>\n<td><a href=\"\/Gerhard_Struber\" title=\"Gerhard Struber\">Gerhard Struber<\/a> f\u00fcr Glieder (55.), <a href=\"\/index.php?title=Drazan_Besek&amp;action=edit&amp;redlink=1\" class=\"new\" title=\"Drazan Besek (Seite nicht vorhanden)\">Drazan Besek<\/a> f\u00fcr Kocijan (85.)\n<\/td>\n<\/tr>\n<tr>\n<td>Endstand:<\/td>\n<td>2:2 (0:1)\n<\/td>\n<\/tr>\n<tr>\n<td>Torsch\u00fctzen:<\/td>\n<td>Klausz(45.), R. Ibertsberger (75.); Madlener (59.), Hartl (87.)\n<\/td>\n<\/tr>\n<tr>\n<td>Gelbe Karten:<\/td>\n<td>Laessig (30.), Klausz (83.); Drulak (28.), Huspek (34.)\n<\/td>\n<\/tr>\n<tr>\n<td>Gelb-rote Karten:<\/td>\n<td>\n<\/td>\n<\/tr>\n<tr>\n<td>Rote Karten:<\/td>\n<td>\n<\/td>\n<\/tr>\n<tr>\n<td>Schiedsrichter:<\/td>\n<td>Stefan Me\u00dfner\n<\/td>\n<\/tr>\n<tr>\n<td>Stadion:<\/td>\n<td>Stadion der Stadt Linz\n<\/td>\n<\/tr>\n<tr>\n<td>Zuschauer:<\/td>\n<td>4 700\n<\/td>\n<\/tr>\n<\/tbody>\n<\/table>\n<\/div>\n","protected":false},"excerpt":{"rendered":"<p>FaktenBearbeiten] Bundesliga &#8211; 31. Spieltag: 10. Mai 1997, 15.30 Uhr FC Linz gegen SV Austria Salzburg, 2:2 Aufstellung: Oleg Suslov Adolf H\u00fctter, Thomas Winklhofer, Franz Aigner, Robert Ibertsberger Rene Aufhauser, Tomislav Kocijan, Heiko Laessig, Martin Amerhauser Eduard Glieder, Laszlo Klausz Wechsel: Gerhard Struber f\u00fcr Glieder (55.), Drazan Besek f\u00fcr Kocijan (85.) Endstand: 2:2 (0:1) Torsch\u00fctzen: [&hellip;]<\/p>\n","protected":false},"author":1,"featured_media":0,"comment_status":"open","ping_status":"open","sticky":false,"template":"","format":"standard","meta":{"footnotes":""},"categories":[1600],"tags":[],"class_list":["post-2030","post","type-post","status-publish","format-standard","hentry","category-31-runde-bundesliga-saison-1996"],"_links":{"self":[{"href":"https:\/\/wiki.s12.at\/index.php\/wp-json\/wp\/v2\/posts\/2030","targetHints":{"allow":["GET"]}}],"collection":[{"href":"https:\/\/wiki.s12.at\/index.php\/wp-json\/wp\/v2\/posts"}],"about":[{"href":"https:\/\/wiki.s12.at\/index.php\/wp-json\/wp\/v2\/types\/post"}],"author":[{"embeddable":true,"href":"https:\/\/wiki.s12.at\/index.php\/wp-json\/wp\/v2\/users\/1"}],"replies":[{"embeddable":true,"href":"https:\/\/wiki.s12.at\/index.php\/wp-json\/wp\/v2\/comments?post=2030"}],"version-history":[{"count":0,"href":"https:\/\/wiki.s12.at\/index.php\/wp-json\/wp\/v2\/posts\/2030\/revisions"}],"wp:attachment":[{"href":"https:\/\/wiki.s12.at\/index.php\/wp-json\/wp\/v2\/media?parent=2030"}],"wp:term":[{"taxonomy":"category","embeddable":true,"href":"https:\/\/wiki.s12.at\/index.php\/wp-json\/wp\/v2\/categories?post=2030"},{"taxonomy":"post_tag","embeddable":true,"href":"https:\/\/wiki.s12.at\/index.php\/wp-json\/wp\/v2\/tags?post=2030"}],"curies":[{"name":"wp","href":"https:\/\/api.w.org\/{rel}","templated":true}]}}