{"id":2027,"date":"2026-05-06T14:12:46","date_gmt":"2026-05-06T12:12:46","guid":{"rendered":"https:\/\/wiki.s12.at\/index.php\/2026\/05\/06\/31-runde-saison-2021-22-sk-rapid-wien-gegen-fc-red-bull-salzburg\/"},"modified":"2026-05-06T14:12:46","modified_gmt":"2026-05-06T12:12:46","slug":"31-runde-saison-2021-22-sk-rapid-wien-gegen-fc-red-bull-salzburg","status":"publish","type":"post","link":"https:\/\/wiki.s12.at\/index.php\/2026\/05\/06\/31-runde-saison-2021-22-sk-rapid-wien-gegen-fc-red-bull-salzburg\/","title":{"rendered":"22, SK Rapid Wien gegen FC Red Bull Salzburg"},"content":{"rendered":"<div class=\"mw-parser-output\">\n<table class=\"toptextcells toccolours\">\n<tbody>\n<tr>\n<th colspan=\"2\" style=\"text-align: center; vertical-align: top; padding: 0.3em 0.8em; font-size: 125%; background-color: lightsteelblue;\">SK Rapid Wien gegen FC Red Bull Salzburg,  0:1\n<\/th>\n<\/tr>\n<tr>\n<th style=\"text-align:left;\"><b>Spieltag<\/b>\n<\/th>\n<th style=\"text-align:left;\">Bundesliga 31. Runde\n<\/th>\n<\/tr>\n<tr>\n<th style=\"text-align:left;\"><b>Datum<\/b>\n<\/th>\n<th style=\"text-align:left;\">15. Mai 2022\n<\/th>\n<\/tr>\n<tr>\n<th style=\"text-align:left;\"><b>Anpfiff<\/b>\n<\/th>\n<th style=\"text-align:left;\">17 Uhr\n<\/th>\n<\/tr>\n<tr>\n<td colspan=\"2\" style=\"text-align:center;\" bgcolor=\"lightgray\"><b>Aufstellung<\/b>\n<\/td>\n<\/tr>\n<tr>\n<th style=\"text-align:left;\"><b>Tor<\/b>\n<\/th>\n<th><a href=\"\/Nico_Mantl\" title=\"Nico Mantl\">Nico Mantl <\/a>\n<\/th>\n<\/tr>\n<tr>\n<th style=\"text-align:left;\"><b>Verteidigung<\/b>\n<\/th>\n<th><a href=\"\/Rasmus_Kristensen\" title=\"Rasmus Kristensen\">Rasmus Kristensen<\/a>  &#8211; <a href=\"\/Oumar_Solet\" title=\"Oumar Solet\">Oumar Solet<\/a> &#8211; <a href=\"\/Ignace_Van_der_Brempt\" title=\"Ignace Van der Brempt\">Ignace Van der Brempt<\/a>&#8211; <a href=\"\/Bernardo\" title=\"Bernardo\">Bernardo<\/a>\n<\/th>\n<\/tr>\n<tr>\n<th style=\"text-align:left;\"><b>Mittelfeld<\/b>\n<\/th>\n<th><a href=\"\/Maurits_Kjaergaard\" title=\"Maurits Kjaergaard\">Maurits Kjaergaard<\/a> &#8211; <a href=\"\/Mohamed_Camara\" title=\"Mohamed Camara\">Mohamed Camara<\/a> &#8211; <a href=\"\/Nicolas_Seiwald\" title=\"Nicolas Seiwald\">Nicolas Seiwald<\/a>  &#8211; <a href=\"\/Luka_Sucic\" title=\"Luka Sucic\">Luka Sucic<\/a>\n<\/th>\n<\/tr>\n<tr>\n<th style=\"text-align:left;\"><b>Sturm<\/b>\n<\/th>\n<th><a href=\"\/Karim_Adeyemi\" title=\"Karim Adeyemi\">Karim Adeyemi<\/a> &#8211; <a href=\"\/Junior_Adamu\" class=\"mw-redirect\" title=\"Junior Adamu\">Junior Adamu<\/a>\n<\/th>\n<\/tr>\n<tr>\n<td colspan=\"2\" style=\"text-align:center;\" bgcolor=\"lightgray\"><b>Wechsel<\/b>\n<\/td>\n<\/tr>\n<tr>\n<th style=\"text-align:left;\"><b>Wechsel<\/b>\n<\/th>\n<th style=\"text-align:left;\"><a href=\"\/Brenden_Aaronson\" title=\"Brenden Aaronson\">Brenden Aaronson<\/a> f\u00fcr Camara (69.), <a href=\"\/Benjamin_Sesko\" class=\"mw-redirect\" title=\"Benjamin Sesko\">Benjamin Sesko<\/a> f\u00fcr Adeyemi (69.), <a href=\"\/Zlatko_Junuzovic\" title=\"Zlatko Junuzovic\">Zlatko Junuzovic<\/a> <br \/>f\u00fcr Kjaergaard (75.), <a href=\"\/Sekou_Koita\" title=\"Sekou Koita\">Sekou Koita<\/a> f\u00fcr Adamu (88.)\n<\/th>\n<\/tr>\n<tr>\n<td colspan=\"2\" style=\"text-align:center;\" bgcolor=\"lightgray\"><b>Statistik<\/b>\n<\/td>\n<\/tr>\n<tr>\n<th style=\"text-align:left;\"><b>Endstand<\/b>\n<\/th>\n<th style=\"text-align:left;\">0:1 (0:1)\n<\/th>\n<\/tr>\n<tr>\n<th style=\"text-align:left;\"><b>Torsch\u00fctzen<\/b>\n<\/th>\n<th style=\"text-align:left;\">Sucic (10.)\n<\/th>\n<\/tr>\n<tr>\n<th style=\"text-align:left;\"><b>Gelbe Karten<\/b>\n<\/th>\n<th style=\"text-align:left;\">Aiwu (87.), Gr\u00fcll (91.);  Van der Brempt (27.), Aaronson (89.)\n<\/th>\n<\/tr>\n<tr>\n<th style=\"text-align:left;\"><b>Rote Karten<\/b>\n<\/th>\n<th style=\"text-align:left;\">\n<\/th>\n<\/tr>\n<tr>\n<th style=\"text-align:left;\"><b>Schiedsrichter<\/b>\n<\/th>\n<th style=\"text-align:left;\">Stefan Ebner\n<\/th>\n<\/tr>\n<tr>\n<th style=\"text-align:left;\"><b>Stadion<\/b>\n<\/th>\n<th style=\"text-align:left;\">Allianz Stadion, Wien\n<\/th>\n<\/tr>\n<tr>\n<th style=\"text-align:left;\"><b>Zuschauer<\/b>\n<\/th>\n<th style=\"text-align:left;\">23 400\n<\/th>\n<\/tr>\n<\/tbody>\n<\/table>\n<h2><span class=\"mw-headline\" id=\"Spielbericht\">Spielbericht<\/span><a href=\"\/index.php?title=31._Runde,_Saison_2021\/22,_SK_Rapid_Wien_gegen_FC_Red_Bull_Salzburg&amp;action=edit&amp;section=1\" title=\"Abschnitt bearbeiten: Spielbericht\">Bearbeiten<\/a><span class=\"mw-editsection-bracket\">]<\/span><\/span><\/h2>\n<p><a rel=\"nofollow\" class=\"external text\" href=\"https:\/\/www.redbullsalzburg.at\/de\/2021-2022\/spielplan\/bundesliga-runde-31-sk-rapid-wien-vs-fc-red-bull-salzburg#spielbericht\">Spielbericht Vereinshomepage<\/a>\n<\/p>\n<h2><span class=\"mw-headline\" id=\"Stimmen_zum_Spiel\">Stimmen zum Spiel<\/span><a href=\"\/index.php?title=31._Runde,_Saison_2021\/22,_SK_Rapid_Wien_gegen_FC_Red_Bull_Salzburg&amp;action=edit&amp;section=2\" title=\"Abschnitt bearbeiten: Stimmen zum Spiel\">Bearbeiten<\/a><span class=\"mw-editsection-bracket\">]<\/span><\/span><\/h2>\n<ul>\n<li><b>Matthias Jaissle:<\/b> Das war ein Kampfsieg, der bis zur letzten Minute extrem hart umk\u00e4mpft war. Es war schwierig, \u00fcber 90 Minuten dagegenzuhalten. Meine Mannschaft hat es aber \u00fcber weite Strecken richtig gut gemacht, dementsprechend bin ich sehr, sehr gl\u00fccklich heute, auch wenn\u2019s bis zum Schlusspfiff eine offene Partie war.<\/li>\n<li><b>Nico Mantl:<\/b> Heute war extrem viel Kampf n\u00f6tig, vor dieser Kulisse war es nicht leicht zu spielen. Wir haben alles reingehauen, bis zur letzten Minute gek\u00e4mpft und somit auch verdient gewonnen! Am Ende ist es ein Mannschaftssport. Aber klar, ich bin froh, zu null zu spielen \u2013 das ist das Wichtigste f\u00fcr einen Torwart. Ich muss der Mannschaft aber auch ein Riesenkompliment aussprechen!<\/li>\n<\/ul>\n<\/div>\n","protected":false},"excerpt":{"rendered":"<p>SK Rapid Wien gegen FC Red Bull Salzburg, 0:1 Spieltag Bundesliga 31. Runde Datum 15. Mai 2022 Anpfiff 17 Uhr Aufstellung Tor Nico Mantl Verteidigung Rasmus Kristensen &#8211; Oumar Solet &#8211; Ignace Van der Brempt&#8211; Bernardo Mittelfeld Maurits Kjaergaard &#8211; Mohamed Camara &#8211; Nicolas Seiwald &#8211; Luka Sucic Sturm Karim Adeyemi &#8211; Junior Adamu Wechsel [&hellip;]<\/p>\n","protected":false},"author":1,"featured_media":0,"comment_status":"open","ping_status":"open","sticky":false,"template":"","format":"standard","meta":{"footnotes":""},"categories":[1597],"tags":[],"class_list":["post-2027","post","type-post","status-publish","format-standard","hentry","category-31-runde-saison-2021"],"_links":{"self":[{"href":"https:\/\/wiki.s12.at\/index.php\/wp-json\/wp\/v2\/posts\/2027","targetHints":{"allow":["GET"]}}],"collection":[{"href":"https:\/\/wiki.s12.at\/index.php\/wp-json\/wp\/v2\/posts"}],"about":[{"href":"https:\/\/wiki.s12.at\/index.php\/wp-json\/wp\/v2\/types\/post"}],"author":[{"embeddable":true,"href":"https:\/\/wiki.s12.at\/index.php\/wp-json\/wp\/v2\/users\/1"}],"replies":[{"embeddable":true,"href":"https:\/\/wiki.s12.at\/index.php\/wp-json\/wp\/v2\/comments?post=2027"}],"version-history":[{"count":0,"href":"https:\/\/wiki.s12.at\/index.php\/wp-json\/wp\/v2\/posts\/2027\/revisions"}],"wp:attachment":[{"href":"https:\/\/wiki.s12.at\/index.php\/wp-json\/wp\/v2\/media?parent=2027"}],"wp:term":[{"taxonomy":"category","embeddable":true,"href":"https:\/\/wiki.s12.at\/index.php\/wp-json\/wp\/v2\/categories?post=2027"},{"taxonomy":"post_tag","embeddable":true,"href":"https:\/\/wiki.s12.at\/index.php\/wp-json\/wp\/v2\/tags?post=2027"}],"curies":[{"name":"wp","href":"https:\/\/api.w.org\/{rel}","templated":true}]}}