{"id":2021,"date":"2026-05-06T14:12:28","date_gmt":"2026-05-06T12:12:28","guid":{"rendered":"https:\/\/wiki.s12.at\/index.php\/2026\/05\/06\/31-runde-saison-2015-16-sv-austria-salzburg-gegen-fc-liefering\/"},"modified":"2026-05-06T14:12:28","modified_gmt":"2026-05-06T12:12:28","slug":"31-runde-saison-2015-16-sv-austria-salzburg-gegen-fc-liefering","status":"publish","type":"post","link":"https:\/\/wiki.s12.at\/index.php\/2026\/05\/06\/31-runde-saison-2015-16-sv-austria-salzburg-gegen-fc-liefering\/","title":{"rendered":"16, SV Austria Salzburg gegen FC Liefering"},"content":{"rendered":"<div class=\"mw-parser-output\">\n<h2><span class=\"mw-headline\" id=\"Fakten\">Fakten<\/span><a href=\"\/index.php?title=31._Runde,_Saison_2015\/16,_SV_Austria_Salzburg_gegen_FC_Liefering&amp;action=edit&amp;section=1\" title=\"Abschnitt bearbeiten: Fakten\">Bearbeiten<\/a><span class=\"mw-editsection-bracket\">]<\/span><\/span><\/h2>\n<table class=\"toptextcells toccolours\">\n<tbody>\n<tr>\n<th colspan=\"2\" style=\"text-align: center; vertical-align: top; padding: 0.3em 0.8em; font-size: 125%; background-color: lightsteelblue;\">SV Austria Salzburg gegen FC Liefering, 0:0\n<\/th>\n<\/tr>\n<tr>\n<th style=\"text-align:left;\"><b>Spieltag<\/b>\n<\/th>\n<th style=\"text-align:left;\">SKY Go 1. Liga- 31. Spieltag\n<\/th>\n<\/tr>\n<tr>\n<th style=\"text-align:left;\"><b>Datum<\/b>\n<\/th>\n<th style=\"text-align:left;\">29. April 2016\n<\/th>\n<\/tr>\n<tr>\n<th style=\"text-align:left;\"><b>Anpfiff<\/b>\n<\/th>\n<th style=\"text-align:left;\">18.30 Uhr\n<\/th>\n<\/tr>\n<tr>\n<td colspan=\"2\" style=\"text-align:center;\" bgcolor=\"lightgray\"><b>Aufstellung<\/b>\n<\/td>\n<\/tr>\n<tr>\n<th style=\"text-align:left;\"><b>Tor<\/b>\n<\/th>\n<th><a href=\"\/Carlos_Miguel_Coronel\" title=\"Carlos Miguel Coronel\">Carlos Miguel Coronel<\/a>\n<\/th>\n<\/tr>\n<tr>\n<th style=\"text-align:left;\"><b>Verteidigung<\/b>\n<\/th>\n<th><a href=\"\/Emir_Karic\" title=\"Emir Karic\">Emir Karic<\/a> &#8211; <a href=\"\/Luan\" title=\"Luan\">Luan<\/a> &#8211; <a href=\"\/David_Gugganig\" title=\"David Gugganig\">David Gugganig<\/a> &#8211; <a href=\"\/Sandro_Ingolitsch\" title=\"Sandro Ingolitsch\">Sandro Ingolitsch<\/a>\n<\/th>\n<\/tr>\n<tr>\n<th style=\"text-align:left;\"><b>Mittelfeld<\/b>\n<\/th>\n<th><a href=\"\/Xaver_Schlager\" title=\"Xaver Schlager\">Xaver Schlager<\/a> &#8211; <a href=\"\/Joao_Pedro\" title=\"Joao Pedro\">Joao Pedro<\/a> &#8211; <a href=\"\/Diadie_Samassekou\" title=\"Diadie Samassekou\">Diadie Samassekou<\/a> &#8211; <a href=\"\/Masaya_Okugawa\" title=\"Masaya Okugawa\">Masaya Okugawa<\/a> &#8211; <a href=\"\/David_Atanga\" title=\"David Atanga\">David Atanga<\/a>\n<\/th>\n<\/tr>\n<tr>\n<th style=\"text-align:left;\"><b>Sturm<\/b>\n<\/th>\n<th><a href=\"\/Dimitri_Oberlin\" title=\"Dimitri Oberlin\">Dimitri Oberlin<\/a>\n<\/th>\n<\/tr>\n<tr>\n<td colspan=\"2\" style=\"text-align:center;\" bgcolor=\"lightgray\"><b>Wechsel<\/b>\n<\/td>\n<\/tr>\n<tr>\n<th style=\"text-align:left;\"><b>Wechsel<\/b>\n<\/th>\n<th style=\"text-align:left;\"><a href=\"\/Hannes_Wolf\" title=\"Hannes Wolf\">Hannes Wolf<\/a> f\u00fcr Pedro (46.), <a href=\"\/Oliver_Filip\" title=\"Oliver Filip\">Oliver Filip<\/a> f\u00fcr Okugawa (63.), <a href=\"\/Lorenz_Grabovac\" title=\"Lorenz Grabovac\">Lorenz Grabovac<\/a> f\u00fcr Atanga (74.)\n<\/th>\n<\/tr>\n<tr>\n<td colspan=\"2\" style=\"text-align:center;\" bgcolor=\"lightgray\"><b>Statistik<\/b>\n<\/td>\n<\/tr>\n<tr>\n<th style=\"text-align:left;\"><b>Endstand<\/b>\n<\/th>\n<th style=\"text-align:left;\">0:0\n<\/th>\n<\/tr>\n<tr>\n<th style=\"text-align:left;\"><b>Torsch\u00fctzen<\/b>\n<\/th>\n<th style=\"text-align:left;\">\n<\/th>\n<\/tr>\n<tr>\n<th style=\"text-align:left;\"><b>Gelbe Karten<\/b>\n<\/th>\n<th style=\"text-align:left;\">\u00d6ttl (37.), Kircher (89.), Bammer (92.); Luan (90.)\n<\/th>\n<\/tr>\n<tr>\n<th style=\"text-align:left;\"><b>Rote Karten<\/b>\n<\/th>\n<th style=\"text-align:left;\">\n<\/th>\n<\/tr>\n<tr>\n<th style=\"text-align:left;\"><b>Schiedsrichter<\/b>\n<\/th>\n<th style=\"text-align:left;\">Christopher J\u00e4ger\n<\/th>\n<\/tr>\n<tr>\n<th style=\"text-align:left;\"><b>Stadion<\/b>\n<\/th>\n<th style=\"text-align:left;\">ASK\u00d6-Sportanlage, Salzburg-Maxglan\n<\/th>\n<\/tr>\n<tr>\n<th style=\"text-align:left;\"><b>Zuschauer<\/b>\n<\/th>\n<th style=\"text-align:left;\">1 300\n<\/th>\n<\/tr>\n<\/tbody>\n<\/table>\n<h2><span class=\"mw-headline\" id=\"Bilder\">Bilder<\/span><a href=\"\/index.php?title=31._Runde,_Saison_2015\/16,_SV_Austria_Salzburg_gegen_FC_Liefering&amp;action=edit&amp;section=2\" title=\"Abschnitt bearbeiten: Bilder\">Bearbeiten<\/a><span class=\"mw-editsection-bracket\">]<\/span><\/span><\/h2>\n<ul>\n<li>(c) Mattias Prilic<\/li>\n<\/ul>\n<ul class=\"gallery mw-gallery-traditional\">\n<li class=\"gallerybox\" style=\"width: 155px\">\n<div style=\"width: 155px\">\n<div class=\"thumb\" style=\"width: 150px;\">\n<div style=\"margin:41.5px auto;\"><a href=\"\/Datei:57671947.jpg\" class=\"image\"><img alt=\"57671947.jpg\" src=\"\/images\/thumb\/4\/40\/57671947.jpg\/120px-57671947.jpg\" decoding=\"async\" width=\"120\" height=\"67\" srcset=\"\/images\/thumb\/4\/40\/57671947.jpg\/180px-57671947.jpg 1.5x, \/images\/thumb\/4\/40\/57671947.jpg\/240px-57671947.jpg 2x\" \/><\/a><\/div>\n<\/div>\n<div class=\"gallerytext\">\n\t\t\t<\/div>\n<\/p><\/div>\n<\/li>\n<li class=\"gallerybox\" style=\"width: 155px\">\n<div style=\"width: 155px\">\n<div class=\"thumb\" style=\"width: 150px;\">\n<div style=\"margin:15px auto;\"><a href=\"\/Datei:SVA_FCL_(4).jpg\" class=\"image\"><img alt=\"SVA FCL (4).jpg\" src=\"\/images\/thumb\/f\/fe\/SVA_FCL_%284%29.jpg\/53px-SVA_FCL_%284%29.jpg\" decoding=\"async\" width=\"53\" height=\"120\" srcset=\"\/images\/thumb\/f\/fe\/SVA_FCL_%284%29.jpg\/80px-SVA_FCL_%284%29.jpg 1.5x, \/images\/thumb\/f\/fe\/SVA_FCL_%284%29.jpg\/107px-SVA_FCL_%284%29.jpg 2x\" \/><\/a><\/div>\n<\/div>\n<div class=\"gallerytext\">\n\t\t\t<\/div>\n<\/p><\/div>\n<\/li>\n<li class=\"gallerybox\" style=\"width: 155px\">\n<div style=\"width: 155px\">\n<div class=\"thumb\" style=\"width: 150px;\">\n<div style=\"margin:15px auto;\"><a href=\"\/Datei:SVA_FCL_(5).jpg\" class=\"image\"><img alt=\"SVA FCL (5).jpg\" src=\"\/images\/thumb\/9\/9d\/SVA_FCL_%285%29.jpg\/67px-SVA_FCL_%285%29.jpg\" decoding=\"async\" width=\"67\" height=\"120\" srcset=\"\/images\/thumb\/9\/9d\/SVA_FCL_%285%29.jpg\/101px-SVA_FCL_%285%29.jpg 1.5x, \/images\/thumb\/9\/9d\/SVA_FCL_%285%29.jpg\/135px-SVA_FCL_%285%29.jpg 2x\" \/><\/a><\/div>\n<\/div>\n<div class=\"gallerytext\">\n\t\t\t<\/div>\n<\/p><\/div>\n<\/li>\n<li class=\"gallerybox\" style=\"width: 155px\">\n<div style=\"width: 155px\">\n<div class=\"thumb\" style=\"width: 150px;\">\n<div style=\"margin:15px auto;\"><a href=\"\/Datei:SVA_FCL_(6).jpg\" class=\"image\"><img loading=\"lazy\" alt=\"SVA FCL (6).jpg\" src=\"\/images\/thumb\/9\/98\/SVA_FCL_%286%29.jpg\/67px-SVA_FCL_%286%29.jpg\" decoding=\"async\" width=\"67\" height=\"120\" srcset=\"\/images\/thumb\/9\/98\/SVA_FCL_%286%29.jpg\/101px-SVA_FCL_%286%29.jpg 1.5x, \/images\/thumb\/9\/98\/SVA_FCL_%286%29.jpg\/135px-SVA_FCL_%286%29.jpg 2x\" \/><\/a><\/div>\n<\/div>\n<div class=\"gallerytext\">\n\t\t\t<\/div>\n<\/p><\/div>\n<\/li>\n<li class=\"gallerybox\" style=\"width: 155px\">\n<div style=\"width: 155px\">\n<div class=\"thumb\" style=\"width: 150px;\">\n<div style=\"margin:15px auto;\"><a href=\"\/Datei:SVA_FCL_(7).jpg\" class=\"image\"><img loading=\"lazy\" alt=\"SVA FCL (7).jpg\" src=\"\/images\/thumb\/7\/7b\/SVA_FCL_%287%29.jpg\/67px-SVA_FCL_%287%29.jpg\" decoding=\"async\" width=\"67\" height=\"120\" srcset=\"\/images\/thumb\/7\/7b\/SVA_FCL_%287%29.jpg\/101px-SVA_FCL_%287%29.jpg 1.5x, \/images\/thumb\/7\/7b\/SVA_FCL_%287%29.jpg\/135px-SVA_FCL_%287%29.jpg 2x\" \/><\/a><\/div>\n<\/div>\n<div class=\"gallerytext\">\n\t\t\t<\/div>\n<\/p><\/div>\n<\/li>\n<\/ul>\n<h2><span class=\"mw-headline\" id=\"Weblinks\">Weblinks<\/span><a href=\"\/index.php?title=31._Runde,_Saison_2015\/16,_SV_Austria_Salzburg_gegen_FC_Liefering&amp;action=edit&amp;section=3\" title=\"Abschnitt bearbeiten: Weblinks\">Bearbeiten<\/a><span class=\"mw-editsection-bracket\">]<\/span><\/span><\/h2>\n<p><a rel=\"nofollow\" class=\"external text\" href=\"http:\/\/www.redbullsalzburg.at\/de\/fc-liefering\/news\/saison_2015_16\/fc-liefering-mit-remis-gegen-austria-salzburg.html\">Spielbericht Vereinshompage<\/a>\n<\/p>\n<h2><span class=\"mw-headline\" id=\"Stimmen_zum_Spiel\">Stimmen zum Spiel<\/span><a href=\"\/index.php?title=31._Runde,_Saison_2015\/16,_SV_Austria_Salzburg_gegen_FC_Liefering&amp;action=edit&amp;section=4\" title=\"Abschnitt bearbeiten: Stimmen zum Spiel\">Bearbeiten<\/a><span class=\"mw-editsection-bracket\">]<\/span><\/span><\/h2>\n<p><b>Thomas Letsch:<\/b>  Es war heute ein typisches Derby, das auf dem schwer bespielbaren Platz nicht unbedingt von spielerischem Glanz gepr\u00e4gt war, sondern eher vom Kampf. In der ersten Halbzeit haben wir es nicht gut gemacht und oftmals lethargisch agiert. In Durchgang zwei haben wir das besser angenommen, waren spritziger und dominant \u2013 der Gegner wirkte m\u00fcder als wir. In Strafraumn\u00e4he trafen wir leider \u00f6fters die falschen Entscheidungen bzw. den letzten Ball schlecht gespielt. So gesehen spiegelt das 0:0 die Partie wider.\n<\/p>\n<p><b>Sandro Ingolitsch:<\/b> Es war heute ein sehr hart umk\u00e4mpftes Spiel. Leider konnten wir die Leistung der letzten Partien nicht abrufen und waren in der Offensive nicht effektiv genug. Man hat gemerkt, dass uns heute die Spritzigkeit gefehlt hat, auch wenn es im Laufe der 90 Minuten besser geworden ist. Jetzt gilt es, das 0:0 schnell zu verarbeiten und n\u00e4chste Woche wieder Vollgas zu geben.\n<\/p>\n<\/div>\n","protected":false},"excerpt":{"rendered":"<p>FaktenBearbeiten] SV Austria Salzburg gegen FC Liefering, 0:0 Spieltag SKY Go 1. Liga- 31. Spieltag Datum 29. April 2016 Anpfiff 18.30 Uhr Aufstellung Tor Carlos Miguel Coronel Verteidigung Emir Karic &#8211; Luan &#8211; David Gugganig &#8211; Sandro Ingolitsch Mittelfeld Xaver Schlager &#8211; Joao Pedro &#8211; Diadie Samassekou &#8211; Masaya Okugawa &#8211; David Atanga Sturm Dimitri [&hellip;]<\/p>\n","protected":false},"author":1,"featured_media":0,"comment_status":"open","ping_status":"open","sticky":false,"template":"","format":"standard","meta":{"footnotes":""},"categories":[1560],"tags":[],"class_list":["post-2021","post","type-post","status-publish","format-standard","hentry","category-31-runde-saison-2015"],"_links":{"self":[{"href":"https:\/\/wiki.s12.at\/index.php\/wp-json\/wp\/v2\/posts\/2021","targetHints":{"allow":["GET"]}}],"collection":[{"href":"https:\/\/wiki.s12.at\/index.php\/wp-json\/wp\/v2\/posts"}],"about":[{"href":"https:\/\/wiki.s12.at\/index.php\/wp-json\/wp\/v2\/types\/post"}],"author":[{"embeddable":true,"href":"https:\/\/wiki.s12.at\/index.php\/wp-json\/wp\/v2\/users\/1"}],"replies":[{"embeddable":true,"href":"https:\/\/wiki.s12.at\/index.php\/wp-json\/wp\/v2\/comments?post=2021"}],"version-history":[{"count":0,"href":"https:\/\/wiki.s12.at\/index.php\/wp-json\/wp\/v2\/posts\/2021\/revisions"}],"wp:attachment":[{"href":"https:\/\/wiki.s12.at\/index.php\/wp-json\/wp\/v2\/media?parent=2021"}],"wp:term":[{"taxonomy":"category","embeddable":true,"href":"https:\/\/wiki.s12.at\/index.php\/wp-json\/wp\/v2\/categories?post=2021"},{"taxonomy":"post_tag","embeddable":true,"href":"https:\/\/wiki.s12.at\/index.php\/wp-json\/wp\/v2\/tags?post=2021"}],"curies":[{"name":"wp","href":"https:\/\/api.w.org\/{rel}","templated":true}]}}