{"id":2020,"date":"2026-05-06T14:12:26","date_gmt":"2026-05-06T12:12:26","guid":{"rendered":"https:\/\/wiki.s12.at\/index.php\/2026\/05\/06\/31-runde-saison-2014-15-sv-groedig-gegen-fc-red-bull-salzburg\/"},"modified":"2026-05-06T14:12:26","modified_gmt":"2026-05-06T12:12:26","slug":"31-runde-saison-2014-15-sv-groedig-gegen-fc-red-bull-salzburg","status":"publish","type":"post","link":"https:\/\/wiki.s12.at\/index.php\/2026\/05\/06\/31-runde-saison-2014-15-sv-groedig-gegen-fc-red-bull-salzburg\/","title":{"rendered":"15, SV Gr\u00f6dig gegen FC Red Bull Salzburg"},"content":{"rendered":"<div class=\"mw-parser-output\">\n<h2><span class=\"mw-headline\" id=\"Fakten\">Fakten<\/span><a href=\"\/index.php?title=31._Runde,_Saison_2014\/15,_SV_Gr%C3%B6dig_gegen_FC_Red_Bull_Salzburg&amp;action=edit&amp;section=1\" title=\"Abschnitt bearbeiten: Fakten\">Bearbeiten<\/a><span class=\"mw-editsection-bracket\">]<\/span><\/span><\/h2>\n<table class=\"toptextcells toccolours\">\n<tbody>\n<tr>\n<th colspan=\"2\" style=\"text-align: center; vertical-align: top; padding: 0.3em 0.8em; font-size: 125%; background-color: lightsteelblue;\">SV Gr\u00f6dig gegen FC Red Bull Salzburg, 0:3\n<\/th>\n<\/tr>\n<tr>\n<th style=\"text-align:left;\"><b>Spieltag<\/b>\n<\/th>\n<th style=\"text-align:left;\">Bundesliga &#8211; 31. Spieltag\n<\/th>\n<\/tr>\n<tr>\n<th style=\"text-align:left;\"><b>Datum<\/b>\n<\/th>\n<th style=\"text-align:left;\">2. Mai 2015\n<\/th>\n<\/tr>\n<tr>\n<th style=\"text-align:left;\"><b>Anpfiff<\/b>\n<\/th>\n<th style=\"text-align:left;\">18.30 Uhr\n<\/th>\n<\/tr>\n<tr>\n<td colspan=\"2\" style=\"text-align:center;\" bgcolor=\"lightgray\"><b>Aufstellung<\/b>\n<\/td>\n<\/tr>\n<tr>\n<th style=\"text-align:left;\"><b>Tor<\/b>\n<\/th>\n<th><a href=\"\/Peter_Gulacsi\" class=\"mw-redirect\" title=\"Peter Gulacsi\">Peter Gulacsi<\/a>\n<\/th>\n<\/tr>\n<tr>\n<th style=\"text-align:left;\"><b>Verteidigung<\/b>\n<\/th>\n<th><a href=\"\/Peter_Ankersen\" title=\"Peter Ankersen\">Peter Ankersen<\/a> &#8211; <a href=\"\/Martin_Hinteregger\" title=\"Martin Hinteregger\">Martin Hinteregger<\/a> &#8211; <a href=\"\/Stefan_Ilsanker\" title=\"Stefan Ilsanker\">Stefan Ilsanker<\/a> &#8211; <a href=\"\/Benno_Schmitz\" title=\"Benno Schmitz\">Benno Schmitz<\/a>\n<\/th>\n<\/tr>\n<tr>\n<th style=\"text-align:left;\"><b>Mittelfeld<\/b>\n<\/th>\n<th><a href=\"\/Konrad_Laimer\" title=\"Konrad Laimer\">Konrad Laimer<\/a> &#8211; <a href=\"\/Valentino_Lazaro\" title=\"Valentino Lazaro\">Valentino Lazaro<\/a>  &#8211; <a href=\"\/Valon_Berisha\" title=\"Valon Berisha\">Valon Berisha<\/a> &#8211; <a href=\"\/Marcel_Sabitzer\" title=\"Marcel Sabitzer\">Marcel Sabitzer<\/a>\n<\/th>\n<\/tr>\n<tr>\n<th style=\"text-align:left;\"><b>Sturm<\/b>\n<\/th>\n<th><a href=\"\/Marcel_Sabitzer\" title=\"Marcel Sabitzer\">Marcel Sabitzer<\/a> &#8211; <a href=\"\/Jonatan_Soriano\" title=\"Jonatan Soriano\">Jonatan Soriano<\/a>\n<\/th>\n<\/tr>\n<tr>\n<td colspan=\"2\" style=\"text-align:center;\" bgcolor=\"lightgray\"><b>Wechsel<\/b>\n<\/td>\n<\/tr>\n<tr>\n<th style=\"text-align:left;\"><b>Wechsel<\/b>\n<\/th>\n<th style=\"text-align:left;\"><a href=\"\/Massimo_Bruno\" title=\"Massimo Bruno\">Massimo Bruno<\/a> f\u00fcr Lazaro (71.), <a href=\"\/Takumi_Minamino\" title=\"Takumi Minamino\">Takumi Minamino<\/a> f\u00fcr Berisha (80.), <a href=\"\/Marco_Djuricin\" title=\"Marco Djuricin\">Marco Djuricin<\/a> f\u00fcr Sabitzer (84.)\n<\/th>\n<\/tr>\n<tr>\n<td colspan=\"2\" style=\"text-align:center;\" bgcolor=\"lightgray\"><b>Statistik<\/b>\n<\/td>\n<\/tr>\n<tr>\n<th style=\"text-align:left;\"><b>Endstand<\/b>\n<\/th>\n<th style=\"text-align:left;\">0:3 (0:1)\n<\/th>\n<\/tr>\n<tr>\n<th style=\"text-align:left;\"><b>Torsch\u00fctzen<\/b>\n<\/th>\n<th style=\"text-align:left;\">Soriano (24., 59. E.), Minamino (91.)\n<\/th>\n<\/tr>\n<tr>\n<th style=\"text-align:left;\"><b>Gelbe Karten<\/b>\n<\/th>\n<th style=\"text-align:left;\">Tomi (58.), Potzmann (60.), Stankovic (60.); Soriano (49.), Ramalho (87.)\n<\/th>\n<\/tr>\n<tr>\n<th style=\"text-align:left;\"><b>Rote Karten<\/b>\n<\/th>\n<th style=\"text-align:left;\">\n<\/th>\n<\/tr>\n<tr>\n<th style=\"text-align:left;\"><b>Schiedsrichter<\/b>\n<\/th>\n<th style=\"text-align:left;\">Markus Hameter\n<\/th>\n<\/tr>\n<tr>\n<th style=\"text-align:left;\"><b>Stadion<\/b>\n<\/th>\n<th style=\"text-align:left;\">Untersberg-Arena, Gr\u00f6dig\n<\/th>\n<\/tr>\n<tr>\n<th style=\"text-align:left;\"><b>Zuschauer<\/b>\n<\/th>\n<th style=\"text-align:left;\">2 731\n<\/th>\n<\/tr>\n<\/tbody>\n<\/table>\n<p><a href=\"\/Jonatan_Soriano\" title=\"Jonatan Soriano\">Jonatan Soriano<\/a> bestritt sein 100. Bundesligaspiel f\u00fcr Salzburg. Dabei schoss er 89 Tore.\n<\/p>\n<h2><span class=\"mw-headline\" id=\"Weblinks\">Weblinks<\/span><a href=\"\/index.php?title=31._Runde,_Saison_2014\/15,_SV_Gr%C3%B6dig_gegen_FC_Red_Bull_Salzburg&amp;action=edit&amp;section=2\" title=\"Abschnitt bearbeiten: Weblinks\">Bearbeiten<\/a><span class=\"mw-editsection-bracket\">]<\/span><\/span><\/h2>\n<ul>\n<li><a rel=\"nofollow\" class=\"external text\" href=\"http:\/\/www.redbulls.com\/de\/fc-red-bull-salzburg\/news\/saison_2014_15\/soriano-doppelpack-zum-jubilaeum.html\">Spielbericht Vereinshomepage<\/a><\/li>\n<li><a rel=\"nofollow\" class=\"external text\" href=\"http:\/\/www.salzburg.com\/nachrichten\/oesterreich\/sport\/fussball\/sn\/artikel\/red-bull-gewinnt-gegen-groedig-30-148347\/\">Spielbericht Salzburger Nachrichten<\/a><\/li>\n<\/ul>\n<p><center>&lt;youtube&gt;_KUVisDRxJg&lt;\/youtube&gt;<\/center><\/p>\n<h2><span class=\"mw-headline\" id=\"Bilder\">Bilder<\/span><a href=\"\/index.php?title=31._Runde,_Saison_2014\/15,_SV_Gr%C3%B6dig_gegen_FC_Red_Bull_Salzburg&amp;action=edit&amp;section=3\" title=\"Abschnitt bearbeiten: Bilder\">Bearbeiten<\/a><span class=\"mw-editsection-bracket\">]<\/span><\/span><\/h2>\n<p><img alt=\"\" src=\"\/images\/thumb\/4\/4a\/Commons-logo.svg\/langde-20px-Commons-logo.svg.png%3Futm_source%3Dcommons.wikimedia.org%26utm_campaign%3Dimageinfo%26utm_content%3Dthumbnail\" decoding=\"async\" title=\"Commons\" width=\"12\" height=\"16\" srcset=\"\/images\/thumb\/4\/4a\/Commons-logo.svg\/langde-40px-Commons-logo.svg.png%3Futm_source%3Dcommons.wikimedia.org%26utm_campaign%3Dimageinfo%26utm_content%3Dthumbnail 2x\" \/>&#160;<b><a href=\"http:\/\/commons.wikimedia.org\/wiki\/Category:SV_Gr%C3%B6dig_gegen_FC_Red_Bull_Salzburg_(2._Mai_2015)\" class=\"extiw\" title=\"commons:Category:SV Gr\u00f6dig gegen FC Red Bull Salzburg (2. Mai 2015)\">31. Runde, Saison 2014\/15, SV Gr\u00f6dig gegen FC Red Bull Salzburg<\/a><\/b>&#160;\u2013 Sammlung von Bildern, Videos und Audiodateien auf <a href=\"\/Wikimedia_Commons\" title=\"Wikimedia Commons\">Wikimedia Commons<\/a>\n<\/p>\n<h2><span class=\"mw-headline\" id=\"Stimmen_zum_Spiel\">Stimmen zum Spiel<\/span><a href=\"\/index.php?title=31._Runde,_Saison_2014\/15,_SV_Gr%C3%B6dig_gegen_FC_Red_Bull_Salzburg&amp;action=edit&amp;section=4\" title=\"Abschnitt bearbeiten: Stimmen zum Spiel\">Bearbeiten<\/a><span class=\"mw-editsection-bracket\">]<\/span><\/span><\/h2>\n<p><b>Adi H\u00fctter:<\/b> \u201eWir haben heute in 90 Minuten nur sehr wenig zugelassen. Ich bin sehr gl\u00fccklich \u00fcber diesen Sieg und die Tatsache, dass wir wieder kein Gegentor erhalten haben. Die Mannschaft ist sehr konzentriert aufgetreten. Wir haben heute wieder einen weiteren gro\u00dfen Schritt Richtung Meistertitel getan.\u201c\n<\/p>\n<p><b>Jonatan Soriano:<\/b> \u201eKlar wollen wir den Meistertitel. Aber noch haben wir einige Spiele zu absolvieren. Erfreulich ist, dass wir wieder ohne Gegentreffer geblieben sind. Zwei Tore zum Jubil\u00e4um sind nat\u00fcrlich sehr sch\u00f6n. Aber ich m\u00f6chte noch viel mehr als 100 Spiele f\u00fcr Red Bull Salzburg bestreiten.\u201c\n<\/p>\n<\/div>\n","protected":false},"excerpt":{"rendered":"<p>FaktenBearbeiten] SV Gr\u00f6dig gegen FC Red Bull Salzburg, 0:3 Spieltag Bundesliga &#8211; 31. Spieltag Datum 2. Mai 2015 Anpfiff 18.30 Uhr Aufstellung Tor Peter Gulacsi Verteidigung Peter Ankersen &#8211; Martin Hinteregger &#8211; Stefan Ilsanker &#8211; Benno Schmitz Mittelfeld Konrad Laimer &#8211; Valentino Lazaro &#8211; Valon Berisha &#8211; Marcel Sabitzer Sturm Marcel Sabitzer &#8211; Jonatan Soriano [&hellip;]<\/p>\n","protected":false},"author":1,"featured_media":0,"comment_status":"open","ping_status":"open","sticky":false,"template":"","format":"standard","meta":{"footnotes":""},"categories":[1592],"tags":[],"class_list":["post-2020","post","type-post","status-publish","format-standard","hentry","category-31-runde-saison-2014"],"_links":{"self":[{"href":"https:\/\/wiki.s12.at\/index.php\/wp-json\/wp\/v2\/posts\/2020","targetHints":{"allow":["GET"]}}],"collection":[{"href":"https:\/\/wiki.s12.at\/index.php\/wp-json\/wp\/v2\/posts"}],"about":[{"href":"https:\/\/wiki.s12.at\/index.php\/wp-json\/wp\/v2\/types\/post"}],"author":[{"embeddable":true,"href":"https:\/\/wiki.s12.at\/index.php\/wp-json\/wp\/v2\/users\/1"}],"replies":[{"embeddable":true,"href":"https:\/\/wiki.s12.at\/index.php\/wp-json\/wp\/v2\/comments?post=2020"}],"version-history":[{"count":0,"href":"https:\/\/wiki.s12.at\/index.php\/wp-json\/wp\/v2\/posts\/2020\/revisions"}],"wp:attachment":[{"href":"https:\/\/wiki.s12.at\/index.php\/wp-json\/wp\/v2\/media?parent=2020"}],"wp:term":[{"taxonomy":"category","embeddable":true,"href":"https:\/\/wiki.s12.at\/index.php\/wp-json\/wp\/v2\/categories?post=2020"},{"taxonomy":"post_tag","embeddable":true,"href":"https:\/\/wiki.s12.at\/index.php\/wp-json\/wp\/v2\/tags?post=2020"}],"curies":[{"name":"wp","href":"https:\/\/api.w.org\/{rel}","templated":true}]}}