{"id":2016,"date":"2026-05-06T14:12:24","date_gmt":"2026-05-06T12:12:24","guid":{"rendered":"https:\/\/wiki.s12.at\/index.php\/2026\/05\/06\/31-runde-saison-2012-13-scr-vs-rbs\/"},"modified":"2026-05-06T14:12:24","modified_gmt":"2026-05-06T12:12:24","slug":"31-runde-saison-2012-13-scr-vs-rbs","status":"publish","type":"post","link":"https:\/\/wiki.s12.at\/index.php\/2026\/05\/06\/31-runde-saison-2012-13-scr-vs-rbs\/","title":{"rendered":"13, SCR vs RBS"},"content":{"rendered":"<div class=\"mw-parser-output\">\n<h3><span class=\"mw-headline\" id=\"Fakten\">Fakten<\/span><a href=\"\/index.php?title=31._Runde,_Saison_2012\/13,_SCR_vs_RBS&amp;action=edit&amp;section=1\" title=\"Abschnitt bearbeiten: Fakten\">Bearbeiten<\/a><span class=\"mw-editsection-bracket\">]<\/span><\/span><\/h3>\n<p><b>Bundesliga &#8211; 31. Spieltag: 27. April 2013, 18.30 Uhr <\/b><br \/>\n\n<\/p>\n<table class=\"wikitable\">\n<caption><b><big>SK Rapid Wien gegen FC Red Bull Salzburg, 1:3 <\/big><\/b><br \/>\n<\/caption>\n<tbody>\n<tr>\n<td>Aufstellung:<\/td>\n<td><a href=\"\/Eddie_Gustafsson\" title=\"Eddie Gustafsson\">Eddie Gustafsson<\/a>\n<\/td>\n<\/tr>\n<tr>\n<td><\/td>\n<td><a href=\"\/Christian_Schwegler\" title=\"Christian Schwegler\">Christian Schwegler<\/a> <a href=\"\/Ibrahim_Sekagya\" title=\"Ibrahim Sekagya\">Ibrahim Sekagya<\/a> <a href=\"\/Rodnei\" title=\"Rodnei\">Rodnei<\/a> <a href=\"\/Dusan_Svento\" class=\"mw-redirect\" title=\"Dusan Svento\">Dusan Svento<\/a>\n<\/td>\n<\/tr>\n<tr>\n<td><\/td>\n<td><a href=\"\/Stefan_Ilsanker\" title=\"Stefan Ilsanker\">Stefan Ilsanker<\/a> <a href=\"\/Stefan_Hierl%C3%A4nder\" title=\"Stefan Hierl\u00e4nder\">Stefan Hierl\u00e4nder<\/a> <a href=\"\/Valon_Berisha\" title=\"Valon Berisha\">Valon Berisha<\/a> <a href=\"\/Kevin_Kampl\" title=\"Kevin Kampl\">Kevin Kampl<\/a> <a href=\"\/Sadio_Man%C3%A9\" title=\"Sadio Man\u00e9\">Sadio Man\u00e9<\/a>\n<\/td>\n<\/tr>\n<tr>\n<td><\/td>\n<td><a href=\"\/Alan\" title=\"Alan\">Alan<\/a>\n<\/td>\n<\/tr>\n<tr>\n<td>Wechsel:<\/td>\n<td><a href=\"\/Isaac_Vorsah\" title=\"Isaac Vorsah\">Isaac Vorsah<\/a> f\u00fcr Ilsanker (58.), <a href=\"\/Florian_Klein\" title=\"Florian Klein\">Florian Klein<\/a> f\u00fcr Schwegler (62.), <a href=\"\/Georg_Teigl\" title=\"Georg Teigl\">Georg Teigl<\/a> f\u00fcr Alan (82.)\n<\/td>\n<\/tr>\n<tr>\n<td>Endstand:<\/td>\n<td>1:3 (0:0)\n<\/td>\n<\/tr>\n<tr>\n<td>Torsch\u00fctzen:<\/td>\n<td>Alar (63.); Alan (65., 70.,E.), Svento (90.)\n<\/td>\n<\/tr>\n<tr>\n<td>Gelbe Karten:<\/td>\n<td>Katzer (65.), Pichler (77.), Boskovic (79.); Alan (70.), Vorsah (74.), Rodnei (77.), Man\u00e9 (88.)\n<\/td>\n<\/tr>\n<tr>\n<td>Gelb-rote Karten:<\/td>\n<td>\n<\/td>\n<\/tr>\n<tr>\n<td>Rote Karten:<\/td>\n<td>\n<\/td>\n<\/tr>\n<tr>\n<td>Schiedsrichter:<\/td>\n<td>Oliver Drachta\n<\/td>\n<\/tr>\n<tr>\n<td>Stadion:<\/td>\n<td>Hanappi-Stadion, Wien\n<\/td>\n<\/tr>\n<tr>\n<td>Zuschauer:<\/td>\n<td>15 000\n<\/td>\n<\/tr>\n<\/tbody>\n<\/table>\n<h2><span class=\"mw-headline\" id=\"Stimmen_zum_Spiel\">Stimmen zum Spiel<\/span><a href=\"\/index.php?title=31._Runde,_Saison_2012\/13,_SCR_vs_RBS&amp;action=edit&amp;section=2\" title=\"Abschnitt bearbeiten: Stimmen zum Spiel\">Bearbeiten<\/a><span class=\"mw-editsection-bracket\">]<\/span><\/span><\/h2>\n<p><b>Roger Schmidt:<\/b> \u201eEs war heute eine schwierige Aufgabe. Rapid hat uns alles abverlangt. Aber wie wir nach dem R\u00fcckstand zur\u00fcckgekommen sind und das Spiel noch gedreht haben, war schon sehr gut. Kompliment an die Mannschaft. Wir haben uns sehr gut entwickelt, glauben an uns, k\u00f6nnen auf jede Spielgeschichte reagieren. Der heutige Sieg ist sehr wertvoll. Noch haben wir es nicht selbst in der Hand. Aber sollten wir noch einmal in diese Situation kommen, werden wir es schaffen.\u201c\n<\/p>\n<p><b>Alan:<\/b> \u201eIn den letzten Spielen kann jetzt noch alles passieren. Wir machen unsere Arbeit, schauen nicht auf die Austria. Die ist aber nun morgen unter Druck. Nat\u00fcrlich glaube ich noch an den Meistertitel.\u201c\n<\/p>\n<p><b>Eddie Gustafsson:<\/b> \u201eEs war schwierig heute. Denn Rapid hat aggressiv gespielt. F\u00fcr uns war das 1:1 sehr wichtig. Dann ist es gut gelaufen. Mir macht es nat\u00fcrlich Spa\u00df, wieder im Tor zu stehen. Das ist Torwart-Risiko. Wenn du einmal drau\u00dfen bist, ist es schwierig, wieder hinein zu kommen. Aber ich war geduldig und immer bereit zu spielen.\u201c\n<\/p>\n<h2><span class=\"mw-headline\" id=\"Weblinks\">Weblinks<\/span><a href=\"\/index.php?title=31._Runde,_Saison_2012\/13,_SCR_vs_RBS&amp;action=edit&amp;section=3\" title=\"Abschnitt bearbeiten: Weblinks\">Bearbeiten<\/a><span class=\"mw-editsection-bracket\">]<\/span><\/span><\/h2>\n<ul>\n<li><a rel=\"nofollow\" class=\"external text\" href=\"http:\/\/www.youtube.com\/watch?v=2Q7KNBzIy5Y&amp;feature=youtu.be\">Interview mit Eddie Gustafsson<\/a><\/li>\n<li><a rel=\"nofollow\" class=\"external text\" href=\"http:\/\/www.salzburg12.at\/2013\/04\/bullen-zertrampeln-huetteldorf\/\">Spielbericht salzburg12.at<\/a><\/li>\n<li><a rel=\"nofollow\" class=\"external text\" href=\"http:\/\/www.salzburg.com\/nachrichten\/welt\/sport\/fussball\/sn\/artikel\/nach-31-sieg-salzburg-erhoeht-druck-auf-austria-56770\/\">Spielbericht Salzburg.com<\/a><\/li>\n<li><a rel=\"nofollow\" class=\"external text\" href=\"http:\/\/redbulls.com\/soccer\/salzburg\/de\/red-bull-salzburg-news-detail_9017.html\">Spielbericht auf der Vereinshomepage<\/a><\/li>\n<\/ul>\n<p><center>&lt;youtube&gt;QZn7wjEcH2Y&lt;\/youtube&gt;<\/center><\/div>\n","protected":false},"excerpt":{"rendered":"<p>FaktenBearbeiten] Bundesliga &#8211; 31. Spieltag: 27. April 2013, 18.30 Uhr SK Rapid Wien gegen FC Red Bull Salzburg, 1:3 Aufstellung: Eddie Gustafsson Christian Schwegler Ibrahim Sekagya Rodnei Dusan Svento Stefan Ilsanker Stefan Hierl\u00e4nder Valon Berisha Kevin Kampl Sadio Man\u00e9 Alan Wechsel: Isaac Vorsah f\u00fcr Ilsanker (58.), Florian Klein f\u00fcr Schwegler (62.), Georg Teigl f\u00fcr Alan [&hellip;]<\/p>\n","protected":false},"author":1,"featured_media":0,"comment_status":"open","ping_status":"open","sticky":false,"template":"","format":"standard","meta":{"footnotes":""},"categories":[1590],"tags":[],"class_list":["post-2016","post","type-post","status-publish","format-standard","hentry","category-31-runde-saison-2012"],"_links":{"self":[{"href":"https:\/\/wiki.s12.at\/index.php\/wp-json\/wp\/v2\/posts\/2016","targetHints":{"allow":["GET"]}}],"collection":[{"href":"https:\/\/wiki.s12.at\/index.php\/wp-json\/wp\/v2\/posts"}],"about":[{"href":"https:\/\/wiki.s12.at\/index.php\/wp-json\/wp\/v2\/types\/post"}],"author":[{"embeddable":true,"href":"https:\/\/wiki.s12.at\/index.php\/wp-json\/wp\/v2\/users\/1"}],"replies":[{"embeddable":true,"href":"https:\/\/wiki.s12.at\/index.php\/wp-json\/wp\/v2\/comments?post=2016"}],"version-history":[{"count":0,"href":"https:\/\/wiki.s12.at\/index.php\/wp-json\/wp\/v2\/posts\/2016\/revisions"}],"wp:attachment":[{"href":"https:\/\/wiki.s12.at\/index.php\/wp-json\/wp\/v2\/media?parent=2016"}],"wp:term":[{"taxonomy":"category","embeddable":true,"href":"https:\/\/wiki.s12.at\/index.php\/wp-json\/wp\/v2\/categories?post=2016"},{"taxonomy":"post_tag","embeddable":true,"href":"https:\/\/wiki.s12.at\/index.php\/wp-json\/wp\/v2\/tags?post=2016"}],"curies":[{"name":"wp","href":"https:\/\/api.w.org\/{rel}","templated":true}]}}