{"id":2007,"date":"2026-05-06T14:12:08","date_gmt":"2026-05-06T12:12:08","guid":{"rendered":"https:\/\/wiki.s12.at\/index.php\/2026\/05\/06\/31-runde-saison-2003-04-austria-salzburg-sturm-graz\/"},"modified":"2026-05-06T14:12:08","modified_gmt":"2026-05-06T12:12:08","slug":"31-runde-saison-2003-04-austria-salzburg-sturm-graz","status":"publish","type":"post","link":"https:\/\/wiki.s12.at\/index.php\/2026\/05\/06\/31-runde-saison-2003-04-austria-salzburg-sturm-graz\/","title":{"rendered":"04, Austria Salzburg &#8211; Sturm Graz"},"content":{"rendered":"<div class=\"mw-parser-output\">\n<h3><span class=\"mw-headline\" id=\"Fakten\">Fakten<\/span><a href=\"\/index.php?title=31._Runde,_Saison_2003\/04,_Austria_Salzburg_-_Sturm_Graz&amp;action=edit&amp;section=1\" title=\"Abschnitt bearbeiten: Fakten\">Bearbeiten<\/a><span class=\"mw-editsection-bracket\">]<\/span><\/span><\/h3>\n<p><b>Bundesliga &#8211; 31. Spieltag: 17. April 2004, 15.30 Uhr<\/b>\n<\/p>\n<table class=\"wikitable\">\n<caption><b> <big>SV Austria Salzburg gegen SK Sturm Graz, 0:0<\/big><\/b><br \/>\n<\/caption>\n<tbody>\n<tr>\n<td>Aufstellung:<\/td>\n<td><a href=\"\/Heinz_Arzberger\" title=\"Heinz Arzberger\">Heinz Arzberger<\/a> <a href=\"\/Christoph_Jank\" title=\"Christoph Jank\">Christoph Jank<\/a> <a href=\"\/Paul_Scharner\" title=\"Paul Scharner\">Paul Scharner<\/a> <a href=\"\/Heiko_Laessig\" title=\"Heiko Laessig\">Heiko Laessig<\/a> <a href=\"\/Andreas_Ibertsberger\" title=\"Andreas Ibertsberger\">Andreas Ibertsberger<\/a> <a href=\"\/Thomas_Winklhofer\" title=\"Thomas Winklhofer\">Thomas Winklhofer<\/a> <a href=\"\/Thomas_H%C3%A4%C3%9Fler\" title=\"Thomas H\u00e4\u00dfler\">Thomas H\u00e4\u00dfler<\/a>) (60. <a href=\"\/J%C3%BCrgen_Pichorner\" title=\"J\u00fcrgen Pichorner\">J\u00fcrgen Pichorner<\/a>) <a href=\"\/Maynor_Suazo\" title=\"Maynor Suazo\">Maynor Suazo<\/a> <a href=\"\/Ewald_Brenner\" title=\"Ewald Brenner\">Ewald Brenner<\/a> (62. <a href=\"\/Alexander_Schriebl\" title=\"Alexander Schriebl\">Alexander Schriebl<\/a>) <a href=\"\/Markus_Scharrer\" title=\"Markus Scharrer\">Markus Scharrer<\/a> (80. <a href=\"\/Juliano_Spadacio\" title=\"Juliano Spadacio\">Juliano Spadacio<\/a>) <a href=\"\/Mario_Salgado\" title=\"Mario Salgado\">Mario Salgado<\/a>\n<\/td>\n<\/tr>\n<tr>\n<td>Endstand:<\/td>\n<td>0:0\n<\/td>\n<\/tr>\n<tr>\n<td>Torsch\u00fctzen:<\/td>\n<td>\n<\/td>\n<\/tr>\n<tr>\n<td>Gelbe Karten:<\/td>\n<td>Laessig (56.), Winklhofer (78.), Salgado (92.); Neukirchner (53.), Mandl (66.), Dag (72.)\n<\/td>\n<\/tr>\n<tr>\n<td>Gelb-rote Karten:<\/td>\n<td>\n<\/td>\n<\/tr>\n<tr>\n<td>Rote Karten:<\/td>\n<td>\n<\/td>\n<\/tr>\n<tr>\n<td>Schiedsrichter:<\/td>\n<td>Gerald Lehner\n<\/td>\n<\/tr>\n<tr>\n<td>Stadion:<\/td>\n<td>Stadion Wals-Siezenheim, Salzburg\n<\/td>\n<\/tr>\n<tr>\n<td>Zuschauer:<\/td>\n<td>8 530\n<\/td>\n<\/tr>\n<\/tbody>\n<\/table>\n<\/div>\n","protected":false},"excerpt":{"rendered":"<p>FaktenBearbeiten] Bundesliga &#8211; 31. Spieltag: 17. April 2004, 15.30 Uhr SV Austria Salzburg gegen SK Sturm Graz, 0:0 Aufstellung: Heinz Arzberger Christoph Jank Paul Scharner Heiko Laessig Andreas Ibertsberger Thomas Winklhofer Thomas H\u00e4\u00dfler) (60. J\u00fcrgen Pichorner) Maynor Suazo Ewald Brenner (62. Alexander Schriebl) Markus Scharrer (80. Juliano Spadacio) Mario Salgado Endstand: 0:0 Torsch\u00fctzen: Gelbe Karten: [&hellip;]<\/p>\n","protected":false},"author":1,"featured_media":0,"comment_status":"open","ping_status":"open","sticky":false,"template":"","format":"standard","meta":{"footnotes":""},"categories":[1581],"tags":[],"class_list":["post-2007","post","type-post","status-publish","format-standard","hentry","category-31-runde-saison-2003"],"_links":{"self":[{"href":"https:\/\/wiki.s12.at\/index.php\/wp-json\/wp\/v2\/posts\/2007","targetHints":{"allow":["GET"]}}],"collection":[{"href":"https:\/\/wiki.s12.at\/index.php\/wp-json\/wp\/v2\/posts"}],"about":[{"href":"https:\/\/wiki.s12.at\/index.php\/wp-json\/wp\/v2\/types\/post"}],"author":[{"embeddable":true,"href":"https:\/\/wiki.s12.at\/index.php\/wp-json\/wp\/v2\/users\/1"}],"replies":[{"embeddable":true,"href":"https:\/\/wiki.s12.at\/index.php\/wp-json\/wp\/v2\/comments?post=2007"}],"version-history":[{"count":0,"href":"https:\/\/wiki.s12.at\/index.php\/wp-json\/wp\/v2\/posts\/2007\/revisions"}],"wp:attachment":[{"href":"https:\/\/wiki.s12.at\/index.php\/wp-json\/wp\/v2\/media?parent=2007"}],"wp:term":[{"taxonomy":"category","embeddable":true,"href":"https:\/\/wiki.s12.at\/index.php\/wp-json\/wp\/v2\/categories?post=2007"},{"taxonomy":"post_tag","embeddable":true,"href":"https:\/\/wiki.s12.at\/index.php\/wp-json\/wp\/v2\/tags?post=2007"}],"curies":[{"name":"wp","href":"https:\/\/api.w.org\/{rel}","templated":true}]}}