{"id":1986,"date":"2026-05-06T14:11:22","date_gmt":"2026-05-06T12:11:22","guid":{"rendered":"https:\/\/wiki.s12.at\/index.php\/2026\/05\/06\/31-runde-saison-2024-25-fc-blau-weiss-linz-gegen-fc-red-bull-salzburg\/"},"modified":"2026-05-06T14:11:22","modified_gmt":"2026-05-06T12:11:22","slug":"31-runde-saison-2024-25-fc-blau-weiss-linz-gegen-fc-red-bull-salzburg","status":"publish","type":"post","link":"https:\/\/wiki.s12.at\/index.php\/2026\/05\/06\/31-runde-saison-2024-25-fc-blau-weiss-linz-gegen-fc-red-bull-salzburg\/","title":{"rendered":"25, FC Blau-Wei\u00df Linz gegen FC Red Bull Salzburg"},"content":{"rendered":"<div class=\"mw-parser-output\">\n<table class=\"toptextcells toccolours\">\n<tbody>\n<tr>\n<th colspan=\"2\" style=\"text-align: center; vertical-align: top; padding: 0.3em 0.8em; font-size: 125%; background-color: lightsteelblue;\">FC Blau-Wei\u00df Linz  gegen FC Red Bull Salzburg, 1:2\n<\/th>\n<\/tr>\n<tr>\n<th style=\"text-align:left;\"><b>Spieltag<\/b>\n<\/th>\n<th style=\"text-align:left;\">Bundesliga-31.Runde\n<\/th>\n<\/tr>\n<tr>\n<th style=\"text-align:left;\"><b>Datum<\/b>\n<\/th>\n<th style=\"text-align:left;\">18. Mai 2025\n<\/th>\n<\/tr>\n<tr>\n<th style=\"text-align:left;\"><b>Anpfiff<\/b>\n<\/th>\n<th style=\"text-align:left;\">17 Uhr\n<\/th>\n<\/tr>\n<tr>\n<td colspan=\"2\" style=\"text-align:center;\" bgcolor=\"lightgray\"><b>Aufstellung<\/b>\n<\/td>\n<\/tr>\n<tr>\n<th style=\"text-align:left;\"><b>Tor<\/b>\n<\/th>\n<th><a href=\"\/Alexander_Schlager\" title=\"Alexander Schlager\">Alexander Schlager<\/a>\n<\/th>\n<\/tr>\n<tr>\n<th style=\"text-align:left;\"><b>Verteidigung<\/b>\n<\/th>\n<th><a href=\"\/Leandro_Morgalla\" title=\"Leandro Morgalla\">Leandro Morgalla<\/a>  &#8211; <a href=\"\/Joane_Gadou\" title=\"Joane Gadou\">Joane Gadou<\/a>  &#8211; <a href=\"\/Samson_Baidoo\" title=\"Samson Baidoo\">Samson Baidoo<\/a> &#8211; <a href=\"\/Aleksa_Terzic\" title=\"Aleksa Terzic\">Aleksa Terzic<\/a>\n<\/th>\n<\/tr>\n<tr>\n<th style=\"text-align:left;\"><b>Mittelfeld<\/b>\n<\/th>\n<th><a href=\"\/Takumu_Kawamura\" title=\"Takumu Kawamura\">Takumu Kawamura<\/a>&#8211; <a href=\"\/Mads_Bidstrup\" title=\"Mads Bidstrup\">Mads Bidstrup<\/a> &#8211;  <a href=\"\/Oscar_Gloukh\" title=\"Oscar Gloukh\">Oscar Gloukh<\/a> &#8211;  <a href=\"\/Dorgeles_Nene\" class=\"mw-redirect\" title=\"Dorgeles Nene\">Dorgeles Nene<\/a>\n<\/th>\n<\/tr>\n<tr>\n<th style=\"text-align:left;\"><b>Sturm<\/b>\n<\/th>\n<th><a href=\"\/Yorbe_Vertessen\" title=\"Yorbe Vertessen\">Yorbe Vertessen<\/a>  &#8211;  <a href=\"\/Karim_Onisiwo\" title=\"Karim Onisiwo\">Karim Onisiwo<\/a>\n<\/th>\n<\/tr>\n<tr>\n<td colspan=\"2\" style=\"text-align:center;\" bgcolor=\"lightgray\"><b>Wechsel<\/b>\n<\/td>\n<\/tr>\n<tr>\n<th style=\"text-align:left;\"><b>Wechsel<\/b>\n<\/th>\n<th style=\"text-align:left;\"><a href=\"\/Petar_Ratkov\" title=\"Petar Ratkov\">Petar Ratkov<\/a> f\u00fcr Morgalla (46.), <a href=\"\/Edmund_Baidoo\" title=\"Edmund Baidoo\">Edmund  Baidoo<\/a> f\u00fcr Kawamura (68.), <a href=\"\/Tim_Trummer\" title=\"Tim Trummer\">Tim Trummer<\/a> f\u00fcr Terzic (68.), <br \/><a href=\"\/Adam_Daghim\" title=\"Adam Daghim\">Adam Daghim<\/a> f\u00fcr Onisiwo (68.)\n<\/th>\n<\/tr>\n<tr>\n<td colspan=\"2\" style=\"text-align:center;\" bgcolor=\"lightgray\"><b>Statistik<\/b>\n<\/td>\n<\/tr>\n<tr>\n<th style=\"text-align:left;\"><b>Endstand<\/b>\n<\/th>\n<th style=\"text-align:left;\">1:2 (1:0)\n<\/th>\n<\/tr>\n<tr>\n<th style=\"text-align:left;\"><b>Torsch\u00fctzen<\/b>\n<\/th>\n<th style=\"text-align:left;\">Seidl (9.); Ratkov (79.), E. Baidoo (94.)\n<\/th>\n<\/tr>\n<tr>\n<th style=\"text-align:left;\"><b>Gelbe Karten<\/b>\n<\/th>\n<th style=\"text-align:left;\">Dobras (20.)\n<\/th>\n<\/tr>\n<tr>\n<th style=\"text-align:left;\"><b>Rote Karten<\/b>\n<\/th>\n<th style=\"text-align:left;\">\n<\/th>\n<\/tr>\n<tr>\n<th style=\"text-align:left;\"><b>Schiedsrichter<\/b>\n<\/th>\n<th style=\"text-align:left;\">Markus Hameter\n<\/th>\n<\/tr>\n<tr>\n<th style=\"text-align:left;\"><b>Stadion<\/b>\n<\/th>\n<th style=\"text-align:left;\">Hofmann Personal Stadion, Linz\n<\/th>\n<\/tr>\n<tr>\n<th style=\"text-align:left;\"><b>Zuschauer<\/b>\n<\/th>\n<th style=\"text-align:left;\">5.595\n<\/th>\n<\/tr>\n<\/tbody>\n<\/table>\n<h2><span class=\"mw-headline\" id=\"Spielbericht\">Spielbericht<\/span><a href=\"\/index.php?title=31.Runde,_Saison_2024\/25,_FC_Blau-Wei%C3%9F_Linz_gegen_FC_Red_Bull_Salzburg&amp;action=edit&amp;section=1\" title=\"Abschnitt bearbeiten: Spielbericht\">Bearbeiten<\/a><span class=\"mw-editsection-bracket\">]<\/span><\/span><\/h2>\n<p><a rel=\"nofollow\" class=\"external text\" href=\"https:\/\/www.redbullsalzburg.at\/de\/2024-2025\/spielplan\/bundesliga-runde-31-fc-blau-weiss-linz-vs-fc-red-bull-salzburg#spielbericht\">Spielbericht Vereinshomepage<\/a>\n<\/p>\n<h2><span class=\"mw-headline\" id=\"Stimmen_zum_Spiel\">Stimmen zum Spiel<\/span><a href=\"\/index.php?title=31.Runde,_Saison_2024\/25,_FC_Blau-Wei%C3%9F_Linz_gegen_FC_Red_Bull_Salzburg&amp;action=edit&amp;section=2\" title=\"Abschnitt bearbeiten: Stimmen zum Spiel\">Bearbeiten<\/a><span class=\"mw-editsection-bracket\">]<\/span><\/span><\/h2>\n<p><b>Thomas Letsch:<\/b> Das Mindset in der Schlussphase war gut, das \u00fcberdeckt aber nicht die Art und Weise, wie wir insgesamt die Partie gestaltet haben. Du musst das Spiel annehmen hier, das haben wir \u00fcber weite Strecken nicht gemacht, deshalb f\u00e4llt die Analyse so aus, dass wir mit dem Auftritt nicht zufrieden sein k\u00f6nnen und er unsere Saison widerspiegelt. Das Positive ist, dass wir zum Schluss zur\u00fcckgekommen sind und letztlich auch nicht ganz unverdient das Spiel noch gewonnen haben. Jetzt geht es darum, die Saison anst\u00e4ndig vor unseren eigenen Fans gegen Rapid mit einem Sieg zu beenden.\n<\/p>\n<p><b>Alexander Schlager:<\/b> Ich bin sehr gl\u00fccklich, dass wir das Spiel in den letzten Minuten noch f\u00fcr uns entschieden haben, auch wenn wir es spannend gemacht haben. Wir haben sicher h\u00f6here Anspr\u00fcche als das, was wir heute gezeigt haben. Es war allerdings nicht so einfach, nach letzter Woche sofort wieder in die Spur zu finden. Dementsprechend tut uns und den Fans, die heute so zahlreich mitgekommen sind, der Sieg richtig gut!\n<\/p>\n<\/div>\n","protected":false},"excerpt":{"rendered":"<p>FC Blau-Wei\u00df Linz gegen FC Red Bull Salzburg, 1:2 Spieltag Bundesliga-31.Runde Datum 18. Mai 2025 Anpfiff 17 Uhr Aufstellung Tor Alexander Schlager Verteidigung Leandro Morgalla &#8211; Joane Gadou &#8211; Samson Baidoo &#8211; Aleksa Terzic Mittelfeld Takumu Kawamura&#8211; Mads Bidstrup &#8211; Oscar Gloukh &#8211; Dorgeles Nene Sturm Yorbe Vertessen &#8211; Karim Onisiwo Wechsel Wechsel Petar Ratkov [&hellip;]<\/p>\n","protected":false},"author":1,"featured_media":0,"comment_status":"open","ping_status":"open","sticky":false,"template":"","format":"standard","meta":{"footnotes":""},"categories":[1562],"tags":[],"class_list":["post-1986","post","type-post","status-publish","format-standard","hentry","category-31-runde-saison-2024"],"_links":{"self":[{"href":"https:\/\/wiki.s12.at\/index.php\/wp-json\/wp\/v2\/posts\/1986","targetHints":{"allow":["GET"]}}],"collection":[{"href":"https:\/\/wiki.s12.at\/index.php\/wp-json\/wp\/v2\/posts"}],"about":[{"href":"https:\/\/wiki.s12.at\/index.php\/wp-json\/wp\/v2\/types\/post"}],"author":[{"embeddable":true,"href":"https:\/\/wiki.s12.at\/index.php\/wp-json\/wp\/v2\/users\/1"}],"replies":[{"embeddable":true,"href":"https:\/\/wiki.s12.at\/index.php\/wp-json\/wp\/v2\/comments?post=1986"}],"version-history":[{"count":0,"href":"https:\/\/wiki.s12.at\/index.php\/wp-json\/wp\/v2\/posts\/1986\/revisions"}],"wp:attachment":[{"href":"https:\/\/wiki.s12.at\/index.php\/wp-json\/wp\/v2\/media?parent=1986"}],"wp:term":[{"taxonomy":"category","embeddable":true,"href":"https:\/\/wiki.s12.at\/index.php\/wp-json\/wp\/v2\/categories?post=1986"},{"taxonomy":"post_tag","embeddable":true,"href":"https:\/\/wiki.s12.at\/index.php\/wp-json\/wp\/v2\/tags?post=1986"}],"curies":[{"name":"wp","href":"https:\/\/api.w.org\/{rel}","templated":true}]}}