{"id":1983,"date":"2026-05-06T14:11:12","date_gmt":"2026-05-06T12:11:12","guid":{"rendered":"https:\/\/wiki.s12.at\/index.php\/2026\/05\/06\/31-runde-saison-2015-16-fc-red-bull-salzburg-gegen-sv-ried\/"},"modified":"2026-05-06T14:11:12","modified_gmt":"2026-05-06T12:11:12","slug":"31-runde-saison-2015-16-fc-red-bull-salzburg-gegen-sv-ried","status":"publish","type":"post","link":"https:\/\/wiki.s12.at\/index.php\/2026\/05\/06\/31-runde-saison-2015-16-fc-red-bull-salzburg-gegen-sv-ried\/","title":{"rendered":"16 FC Red Bull Salzburg gegen SV Ried"},"content":{"rendered":"<div class=\"mw-parser-output\">\n<h2><span class=\"mw-headline\" id=\"Fakten\">Fakten<\/span><a href=\"\/index.php?title=31.Runde,_Saison_2015\/16_FC_Red_Bull_Salzburg_gegen_SV_Ried&amp;action=edit&amp;section=1\" title=\"Abschnitt bearbeiten: Fakten\">Bearbeiten<\/a><span class=\"mw-editsection-bracket\">]<\/span><\/span><\/h2>\n<table class=\"toptextcells toccolours\">\n<tbody>\n<tr>\n<th colspan=\"2\" style=\"text-align: center; vertical-align: top; padding: 0.3em 0.8em; font-size: 125%; background-color: lightsteelblue;\">FC Red Bull Salzburg gegen SV Ried, 2:1\n<\/th>\n<\/tr>\n<tr>\n<th style=\"text-align:left;\"><b>Spieltag<\/b>\n<\/th>\n<th style=\"text-align:left;\">Bundesliga &#8211; 31. Spieltag\n<\/th>\n<\/tr>\n<tr>\n<th style=\"text-align:left;\"><b>Datum<\/b>\n<\/th>\n<th style=\"text-align:left;\">16. April 2016\n<\/th>\n<\/tr>\n<tr>\n<th style=\"text-align:left;\"><b>Anpfiff<\/b>\n<\/th>\n<th style=\"text-align:left;\">16 Uhr\n<\/th>\n<\/tr>\n<tr>\n<td colspan=\"2\" style=\"text-align:center;\" bgcolor=\"lightgray\"><b>Aufstellung<\/b>\n<\/td>\n<\/tr>\n<tr>\n<th style=\"text-align:left;\"><b>Tor<\/b>\n<\/th>\n<th><a href=\"\/Alexander_Walke\" title=\"Alexander Walke\">Alexander Walke<\/a>\n<\/th>\n<\/tr>\n<tr>\n<th style=\"text-align:left;\"><b>Verteidigung<\/b>\n<\/th>\n<th><a href=\"\/Stefan_Lainer\" title=\"Stefan Lainer\">Stefan Lainer<\/a> &#8211; <a href=\"\/Paulo_Miranda\" title=\"Paulo Miranda\">Paulo Miranda<\/a> &#8211; <a href=\"\/Duje_Caleta-Car\" title=\"Duje Caleta-Car\">Duje Caleta-Car<\/a> &#8211; <a href=\"\/Andreas_Ulmer\" title=\"Andreas Ulmer\">Andreas Ulmer<\/a>\n<\/th>\n<\/tr>\n<tr>\n<th style=\"text-align:left;\"><b>Mittelfeld<\/b>\n<\/th>\n<th><a href=\"\/Yasin_Pehlivan\" title=\"Yasin Pehlivan\">Yasin Pehlivan<\/a> &#8211; <a href=\"\/Takumi_Minamino\" title=\"Takumi Minamino\">Takumi Minamino<\/a> &#8211; <a href=\"\/Valon_Berisha\" title=\"Valon Berisha\">Valon Berisha<\/a> &#8211; <a href=\"\/Naby_Keita\" title=\"Naby Keita\">Naby Keita<\/a>\n<\/th>\n<\/tr>\n<tr>\n<th style=\"text-align:left;\"><b>Sturm<\/b>\n<\/th>\n<th><a href=\"\/Jonatan_Soriano\" title=\"Jonatan Soriano\">Jonatan Soriano<\/a> &#8211; <a href=\"\/Omer_Damari\" title=\"Omer Damari\">Omer Damari<\/a>\n<\/th>\n<\/tr>\n<tr>\n<td colspan=\"2\" style=\"text-align:center;\" bgcolor=\"lightgray\"><b>Wechsel<\/b>\n<\/td>\n<\/tr>\n<tr>\n<th style=\"text-align:left;\"><b>Wechsel<\/b>\n<\/th>\n<th style=\"text-align:left;\"><a href=\"\/Bernardo\" title=\"Bernardo\">Bernardo<\/a> f\u00fcr Pehlivan (50.), <a href=\"\/Hee-Chan_Hwang\" title=\"Hee-Chan Hwang\">Hee-Chan Hwang<\/a> f\u00fcr Damari (65.)\n<\/th>\n<\/tr>\n<tr>\n<td colspan=\"2\" style=\"text-align:center;\" bgcolor=\"lightgray\"><b>Statistik<\/b>\n<\/td>\n<\/tr>\n<tr>\n<th style=\"text-align:left;\"><b>Endstand<\/b>\n<\/th>\n<th style=\"text-align:left;\">1:0 (0:0)\n<\/th>\n<\/tr>\n<tr>\n<th style=\"text-align:left;\"><b>Torsch\u00fctzen<\/b>\n<\/th>\n<th style=\"text-align:left;\">Keita (35.), Soriano (90.); Elsneg (54.)\n<\/th>\n<\/tr>\n<tr>\n<th style=\"text-align:left;\"><b>Gelbe Karten<\/b>\n<\/th>\n<th style=\"text-align:left;\">Pehlivan (38.) Keita (90.); Janeczek (53.), Ziegl (90.), M\u00f6schl (94.)\n<\/th>\n<\/tr>\n<tr>\n<th style=\"text-align:left;\"><b>Rote Karten<\/b>\n<\/th>\n<th style=\"text-align:left;\">\n<\/th>\n<\/tr>\n<tr>\n<th style=\"text-align:left;\"><b>Schiedsrichter<\/b>\n<\/th>\n<th style=\"text-align:left;\">Julian Weinberger\n<\/th>\n<\/tr>\n<tr>\n<th style=\"text-align:left;\"><b>Stadion<\/b>\n<\/th>\n<th style=\"text-align:left;\">Red Bull Arena, Salzburg\n<\/th>\n<\/tr>\n<tr>\n<th style=\"text-align:left;\"><b>Zuschauer<\/b>\n<\/th>\n<th style=\"text-align:left;\">9 427\n<\/th>\n<\/tr>\n<\/tbody>\n<\/table>\n<h2><span class=\"mw-headline\" id=\"Weblinks\">Weblinks<\/span><a href=\"\/index.php?title=31.Runde,_Saison_2015\/16_FC_Red_Bull_Salzburg_gegen_SV_Ried&amp;action=edit&amp;section=2\" title=\"Abschnitt bearbeiten: Weblinks\">Bearbeiten<\/a><span class=\"mw-editsection-bracket\">]<\/span><\/span><\/h2>\n<p><a rel=\"nofollow\" class=\"external text\" href=\"http:\/\/www.redbullsalzburg.at\/de\/fc-red-bull-salzburg\/news\/saison_2015_16\/rote-bullen-mit-last-minute-sieg-gegen-ried.html\">Spielbericht Vereinshomepage<\/a>\n<\/p>\n<p>&lt;youtube&gt;bvKAMqTEEwE&lt;\/youtube&gt;\n<\/p>\n<h2><span class=\"mw-headline\" id=\"Fotos\">Fotos<\/span><a href=\"\/index.php?title=31.Runde,_Saison_2015\/16_FC_Red_Bull_Salzburg_gegen_SV_Ried&amp;action=edit&amp;section=3\" title=\"Abschnitt bearbeiten: Fotos\">Bearbeiten<\/a><span class=\"mw-editsection-bracket\">]<\/span><\/span><\/h2>\n<ul class=\"gallery mw-gallery-traditional\">\n<li class=\"gallerybox\" style=\"width: 155px\">\n<div style=\"width: 155px\">\n<div class=\"thumb\" style=\"width: 150px;\">\n<div style=\"margin:30px auto;\"><a href=\"\/Datei:FC_Red_Bull_Salzburg_gegen_SV_Ried_(April_2016)_15.JPG\" class=\"image\"><img alt=\"FC Red Bull Salzburg gegen SV Ried (April 2016) 15.JPG\" src=\"\/images\/thumb\/1\/15\/FC_Red_Bull_Salzburg_gegen_SV_Ried_%28April_2016%29_15.JPG\/120px-FC_Red_Bull_Salzburg_gegen_SV_Ried_%28April_2016%29_15.JPG%3Futm_source%3Dcommons.wikimedia.org%26utm_campaign%3Dimageinfo%26utm_content%3Dthumbnail\" decoding=\"async\" width=\"120\" height=\"90\" srcset=\"\/images\/thumb\/1\/15\/FC_Red_Bull_Salzburg_gegen_SV_Ried_%28April_2016%29_15.JPG\/250px-FC_Red_Bull_Salzburg_gegen_SV_Ried_%28April_2016%29_15.JPG%3Futm_source%3Dcommons.wikimedia.org%26utm_campaign%3Dimageinfo%26utm_content%3Dthumbnail 1.5x\" \/><\/a><\/div>\n<\/div>\n<div class=\"gallerytext\">\n\t\t\t<\/div>\n<\/p><\/div>\n<\/li>\n<li class=\"gallerybox\" style=\"width: 155px\">\n<div style=\"width: 155px\">\n<div class=\"thumb\" style=\"width: 150px;\">\n<div style=\"margin:15px auto;\"><a href=\"\/Datei:FC_Red_Bull_Salzburg_gegen_SV_Ried_(April_2016)_10.JPG\" class=\"image\"><img alt=\"FC Red Bull Salzburg gegen SV Ried (April 2016) 10.JPG\" src=\"\/images\/thumb\/2\/26\/FC_Red_Bull_Salzburg_gegen_SV_Ried_%28April_2016%29_10.JPG\/120px-FC_Red_Bull_Salzburg_gegen_SV_Ried_%28April_2016%29_10.JPG%3Futm_source%3Dcommons.wikimedia.org%26utm_campaign%3Dimageinfo%26utm_content%3Dthumbnail\" decoding=\"async\" width=\"106\" height=\"120\" srcset=\"\/images\/thumb\/2\/26\/FC_Red_Bull_Salzburg_gegen_SV_Ried_%28April_2016%29_10.JPG\/250px-FC_Red_Bull_Salzburg_gegen_SV_Ried_%28April_2016%29_10.JPG%3Futm_source%3Dcommons.wikimedia.org%26utm_campaign%3Dimageinfo%26utm_content%3Dthumbnail 1.5x\" \/><\/a><\/div>\n<\/div>\n<div class=\"gallerytext\">\n\t\t\t<\/div>\n<\/p><\/div>\n<\/li>\n<li class=\"gallerybox\" style=\"width: 155px\">\n<div style=\"width: 155px\">\n<div class=\"thumb\" style=\"width: 150px;\">\n<div style=\"margin:15px auto;\"><a href=\"\/Datei:FC_Red_Bull_Salzburg_gegen_SV_Ried_(April_2016)_18.JPG\" class=\"image\"><img alt=\"FC Red Bull Salzburg gegen SV Ried (April 2016) 18.JPG\" src=\"\/images\/thumb\/4\/4d\/FC_Red_Bull_Salzburg_gegen_SV_Ried_%28April_2016%29_18.JPG\/120px-FC_Red_Bull_Salzburg_gegen_SV_Ried_%28April_2016%29_18.JPG%3Futm_source%3Dcommons.wikimedia.org%26utm_campaign%3Dimageinfo%26utm_content%3Dthumbnail\" decoding=\"async\" width=\"69\" height=\"120\" srcset=\"\/images\/thumb\/4\/4d\/FC_Red_Bull_Salzburg_gegen_SV_Ried_%28April_2016%29_18.JPG\/250px-FC_Red_Bull_Salzburg_gegen_SV_Ried_%28April_2016%29_18.JPG%3Futm_source%3Dcommons.wikimedia.org%26utm_campaign%3Dimageinfo%26utm_content%3Dthumbnail 2x\" \/><\/a><\/div>\n<\/div>\n<div class=\"gallerytext\">\n\t\t\t<\/div>\n<\/p><\/div>\n<\/li>\n<li class=\"gallerybox\" style=\"width: 155px\">\n<div style=\"width: 155px\">\n<div class=\"thumb\" style=\"width: 150px;\">\n<div style=\"margin:16px auto;\"><a href=\"\/Datei:FC_Red_Bull_Salzburg_gegen_SV_Ried_(April_2016)_49.JPG\" class=\"image\"><img loading=\"lazy\" alt=\"FC Red Bull Salzburg gegen SV Ried (April 2016) 49.JPG\" src=\"\/images\/thumb\/6\/6b\/FC_Red_Bull_Salzburg_gegen_SV_Ried_%28April_2016%29_49.JPG\/120px-FC_Red_Bull_Salzburg_gegen_SV_Ried_%28April_2016%29_49.JPG%3Futm_source%3Dcommons.wikimedia.org%26utm_campaign%3Dimageinfo%26utm_content%3Dthumbnail\" decoding=\"async\" width=\"120\" height=\"118\" srcset=\"\/images\/thumb\/6\/6b\/FC_Red_Bull_Salzburg_gegen_SV_Ried_%28April_2016%29_49.JPG\/250px-FC_Red_Bull_Salzburg_gegen_SV_Ried_%28April_2016%29_49.JPG%3Futm_source%3Dcommons.wikimedia.org%26utm_campaign%3Dimageinfo%26utm_content%3Dthumbnail 1.5x\" \/><\/a><\/div>\n<\/div>\n<div class=\"gallerytext\">\n\t\t\t<\/div>\n<\/p><\/div>\n<\/li>\n<li class=\"gallerybox\" style=\"width: 155px\">\n<div style=\"width: 155px\">\n<div class=\"thumb\" style=\"width: 150px;\">\n<div style=\"margin:35px auto;\"><a href=\"\/Datei:FC_Red_Bull_Salzburg_gegen_SV_Ried_(April_2016)_32.JPG\" class=\"image\"><img loading=\"lazy\" alt=\"FC Red Bull Salzburg gegen SV Ried (April 2016) 32.JPG\" src=\"\/images\/thumb\/d\/df\/FC_Red_Bull_Salzburg_gegen_SV_Ried_%28April_2016%29_32.JPG\/120px-FC_Red_Bull_Salzburg_gegen_SV_Ried_%28April_2016%29_32.JPG%3Futm_source%3Dcommons.wikimedia.org%26utm_campaign%3Dimageinfo%26utm_content%3Dthumbnail\" decoding=\"async\" width=\"120\" height=\"80\" srcset=\"\/images\/thumb\/d\/df\/FC_Red_Bull_Salzburg_gegen_SV_Ried_%28April_2016%29_32.JPG\/250px-FC_Red_Bull_Salzburg_gegen_SV_Ried_%28April_2016%29_32.JPG%3Futm_source%3Dcommons.wikimedia.org%26utm_campaign%3Dimageinfo%26utm_content%3Dthumbnail 1.5x\" \/><\/a><\/div>\n<\/div>\n<div class=\"gallerytext\">\n\t\t\t<\/div>\n<\/p><\/div>\n<\/li>\n<\/ul>\n<p><img loading=\"lazy\" alt=\"\" src=\"\/images\/thumb\/4\/4a\/Commons-logo.svg\/langde-20px-Commons-logo.svg.png%3Futm_source%3Dcommons.wikimedia.org%26utm_campaign%3Dimageinfo%26utm_content%3Dthumbnail\" decoding=\"async\" title=\"Commons\" width=\"12\" height=\"16\" srcset=\"\/images\/thumb\/4\/4a\/Commons-logo.svg\/langde-40px-Commons-logo.svg.png%3Futm_source%3Dcommons.wikimedia.org%26utm_campaign%3Dimageinfo%26utm_content%3Dthumbnail 2x\" \/>&#160;<b><a href=\"http:\/\/commons.wikimedia.org\/wiki\/Category:FC_Red_Bull_Salzburg_gegen_SV_Ried_(16._April_2016)\" class=\"extiw\" title=\"commons:Category:FC Red Bull Salzburg gegen SV Ried (16. April 2016)\">31.Runde, Saison 2015\/16 FC Red Bull Salzburg gegen SV Ried<\/a><\/b>&#160;\u2013 Sammlung von Bildern, Videos und Audiodateien auf <a href=\"\/Wikimedia_Commons\" title=\"Wikimedia Commons\">Wikimedia Commons<\/a>\n<\/p>\n<h2><span class=\"mw-headline\" id=\"Stimmen_zum_Spiel\">Stimmen zum Spiel<\/span><a href=\"\/index.php?title=31.Runde,_Saison_2015\/16_FC_Red_Bull_Salzburg_gegen_SV_Ried&amp;action=edit&amp;section=4\" title=\"Abschnitt bearbeiten: Stimmen zum Spiel\">Bearbeiten<\/a><span class=\"mw-editsection-bracket\">]<\/span><\/span><\/h2>\n<p><b>Oscar Garcia:<\/b>Es war heute ein sehr kompliziertes Spiel f\u00fcr uns. Ried ist extrem gut gestanden und aggressiv in die Zweik\u00e4mpfe gegangen. Es war nicht leicht, heute Chancen zu kreieren, aber \u00fcber die Chancenverwertung l\u00e4sst sich diskutieren.\n<\/p>\n<p><b>Andreas Ulmer:<\/b> Das war heute ein intensives Spiel. Ried hat sehr gut gespielt und ebenso gut verteidigt. Sie waren enorm laufstark und aggressiv gegen Ball. Dann haben wir auch noch dieses unglaubliche Gegentor bekommen, deshalb ist es umso sch\u00f6ner, dass wir in so einem Spiel noch als Sieger vom Platz gehen konnten.\n<\/p>\n<p><b>Valon Berisha:<\/b> Heute war eine super Stimmung im Stadion, und ich denke, man hat gesehen, dass wir echt gek\u00e4mpft haben. Dann macht Jonny auch noch diesen super Freisto\u00df ins Tor, und das zeigt dann wieder, wie wichtig er f\u00fcr uns ist. Wir hatten heute viele Torchancen und h\u00e4tten eigentlich auch deutlicher gewinnen k\u00f6nnen. Ried hatte eigentlich nicht so viele Chancen im Spiel. H\u00e4tten wir heute nur 1:1 gespielt, w\u00e4re es schade gewesen, denn wir waren heute sicher die bessere Mannschaft.\n<\/p>\n<\/div>\n","protected":false},"excerpt":{"rendered":"<p>FaktenBearbeiten] FC Red Bull Salzburg gegen SV Ried, 2:1 Spieltag Bundesliga &#8211; 31. Spieltag Datum 16. April 2016 Anpfiff 16 Uhr Aufstellung Tor Alexander Walke Verteidigung Stefan Lainer &#8211; Paulo Miranda &#8211; Duje Caleta-Car &#8211; Andreas Ulmer Mittelfeld Yasin Pehlivan &#8211; Takumi Minamino &#8211; Valon Berisha &#8211; Naby Keita Sturm Jonatan Soriano &#8211; Omer Damari [&hellip;]<\/p>\n","protected":false},"author":1,"featured_media":0,"comment_status":"open","ping_status":"open","sticky":false,"template":"","format":"standard","meta":{"footnotes":""},"categories":[1560],"tags":[],"class_list":["post-1983","post","type-post","status-publish","format-standard","hentry","category-31-runde-saison-2015"],"_links":{"self":[{"href":"https:\/\/wiki.s12.at\/index.php\/wp-json\/wp\/v2\/posts\/1983","targetHints":{"allow":["GET"]}}],"collection":[{"href":"https:\/\/wiki.s12.at\/index.php\/wp-json\/wp\/v2\/posts"}],"about":[{"href":"https:\/\/wiki.s12.at\/index.php\/wp-json\/wp\/v2\/types\/post"}],"author":[{"embeddable":true,"href":"https:\/\/wiki.s12.at\/index.php\/wp-json\/wp\/v2\/users\/1"}],"replies":[{"embeddable":true,"href":"https:\/\/wiki.s12.at\/index.php\/wp-json\/wp\/v2\/comments?post=1983"}],"version-history":[{"count":0,"href":"https:\/\/wiki.s12.at\/index.php\/wp-json\/wp\/v2\/posts\/1983\/revisions"}],"wp:attachment":[{"href":"https:\/\/wiki.s12.at\/index.php\/wp-json\/wp\/v2\/media?parent=1983"}],"wp:term":[{"taxonomy":"category","embeddable":true,"href":"https:\/\/wiki.s12.at\/index.php\/wp-json\/wp\/v2\/categories?post=1983"},{"taxonomy":"post_tag","embeddable":true,"href":"https:\/\/wiki.s12.at\/index.php\/wp-json\/wp\/v2\/tags?post=1983"}],"curies":[{"name":"wp","href":"https:\/\/api.w.org\/{rel}","templated":true}]}}