{"id":1978,"date":"2026-05-06T14:10:52","date_gmt":"2026-05-06T12:10:52","guid":{"rendered":"https:\/\/wiki.s12.at\/index.php\/2026\/05\/06\/30-runde-saison-20223-24-fc-liefering-gegen-sv-lafnitz\/"},"modified":"2026-05-06T14:10:52","modified_gmt":"2026-05-06T12:10:52","slug":"30-runde-saison-20223-24-fc-liefering-gegen-sv-lafnitz","status":"publish","type":"post","link":"https:\/\/wiki.s12.at\/index.php\/2026\/05\/06\/30-runde-saison-20223-24-fc-liefering-gegen-sv-lafnitz\/","title":{"rendered":"24, FC Liefering gegen SV Lafnitz"},"content":{"rendered":"<div class=\"mw-parser-output\">\n<table class=\"toptextcells toccolours\">\n<tbody>\n<tr>\n<th colspan=\"2\" style=\"text-align: center; vertical-align: top; padding: 0.3em 0.8em; font-size: 125%; background-color: lightsteelblue;\">FC Liefering  gegen SV Lafnitz, 4:3\n<\/th>\n<\/tr>\n<tr>\n<th style=\"text-align:left;\"><b>Spieltag<\/b>\n<\/th>\n<th style=\"text-align:left;\">27. Liga &#8211; 30. Runde\n<\/th>\n<\/tr>\n<tr>\n<th style=\"text-align:left;\"><b>Datum<\/b>\n<\/th>\n<th style=\"text-align:left;\">25.  Mai 2024\n<\/th>\n<\/tr>\n<tr>\n<th style=\"text-align:left;\"><b>Anpfiff<\/b>\n<\/th>\n<th style=\"text-align:left;\">17:30 Uhr\n<\/th>\n<\/tr>\n<tr>\n<td colspan=\"2\" style=\"text-align:center;\" bgcolor=\"lightgray\"><b>Aufstellung<\/b>\n<\/td>\n<\/tr>\n<tr>\n<th style=\"text-align:left;\"><b>Tor<\/b>\n<\/th>\n<th><a href=\"\/Salko_Hamzic\" title=\"Salko Hamzic\">Salko Hamzic<\/a>\n<\/th>\n<\/tr>\n<tr>\n<th style=\"text-align:left;\"><b>Verteidigung<\/b>\n<\/th>\n<th><a href=\"\/Rocco_Zikovic\" title=\"Rocco Zikovic\">Rocco Zikovic<\/a> &#8211;<a href=\"\/Jannik_Schuster\" title=\"Jannik Schuster\">Jannik Schuster<\/a> &#8211; <a href=\"\/Lukas_Wallner\" title=\"Lukas Wallner\">Lukas Wallner<\/a>  &#8211;  <a href=\"\/Matteo_Schablas\" title=\"Matteo Schablas\">Matteo Schablas<\/a>\n<\/th>\n<\/tr>\n<tr>\n<th style=\"text-align:left;\"><b>Mittelfeld<\/b>\n<\/th>\n<th><a href=\"\/Tim_Trummer\" title=\"Tim Trummer\">Tim Trummer<\/a>&#8211; <a href=\"\/Justin_Omoregie\" title=\"Justin Omoregie\">Justin Omoregie<\/a> &#8211; <a href=\"\/Zeteny_Jano\" title=\"Zeteny Jano\">Zeteny Jano<\/a>  &#8211; <a href=\"\/Tim_Paumgartner\" title=\"Tim Paumgartner\">Tim Paumgartner<\/a>\n<\/th>\n<\/tr>\n<tr>\n<th style=\"text-align:left;\"><b>Sturm<\/b>\n<\/th>\n<th><a href=\"\/Adam_Daghim\" title=\"Adam Daghim\">Adam Daghim<\/a>  &#8211; <a href=\"\/Gaoussou_Diakite\" title=\"Gaoussou Diakite\">Gaoussou Diakite<\/a>\n<\/th>\n<\/tr>\n<tr>\n<td colspan=\"2\" style=\"text-align:center;\" bgcolor=\"lightgray\"><b>Wechsel<\/b>\n<\/td>\n<\/tr>\n<tr>\n<th style=\"text-align:left;\"><b>Wechsel<\/b>\n<\/th>\n<th style=\"text-align:left;\"><a href=\"\/Tolgahan_Sahin\" title=\"Tolgahan Sahin\">Tolgahan Sahin<\/a> f\u00fcr Schuster (60.), <a href=\"\/Marcel_Moswitzer\" title=\"Marcel Moswitzer\">Marcel Moswitzer<\/a> f\u00fcr Wallner (60.), <a href=\"\/Soumaila_Diabate\" title=\"Soumaila Diabate\">Soumaila Diabate<\/a> <br \/>f\u00fcr Paumgartner ( 69.),  <a href=\"\/Phillip_Verhounig\" title=\"Phillip Verhounig\">Phillip Verhounig<\/a> f\u00fcr Jano (69.), <a href=\"\/Benjamin_Atiabou\" title=\"Benjamin Atiabou\">Benjamin Atiabou<\/a> f\u00fcr Zikovic (79.)\n<\/th>\n<\/tr>\n<tr>\n<td colspan=\"2\" style=\"text-align:center;\" bgcolor=\"lightgray\"><b>Statistik<\/b>\n<\/td>\n<\/tr>\n<tr>\n<th style=\"text-align:left;\"><b>Endstand<\/b>\n<\/th>\n<th style=\"text-align:left;\">4:3 (3:0)\n<\/th>\n<\/tr>\n<tr>\n<th style=\"text-align:left;\"><b>Torsch\u00fctzen<\/b>\n<\/th>\n<th style=\"text-align:left;\">Jano (22., 54.), Zikovic (31.), Daghim (33.); Preisinger (67.), Knollm\u00fcller (72.), Schriebl (89.)\n<\/th>\n<\/tr>\n<tr>\n<th style=\"text-align:left;\"><b>Gelbe Karten<\/b>\n<\/th>\n<th style=\"text-align:left;\">Moswitzer (66.), Diabate (94.); Prasch (83.), Siegl (86.), Radics (87.), Butkovic (90.)\n<\/th>\n<\/tr>\n<tr>\n<th style=\"text-align:left;\"><b>Rote Karten<\/b>\n<\/th>\n<th style=\"text-align:left;\">\n<\/th>\n<\/tr>\n<tr>\n<th style=\"text-align:left;\"><b>Schiedsrichter<\/b>\n<\/th>\n<th style=\"text-align:left;\">Stjepan Bosnjak\n<\/th>\n<\/tr>\n<tr>\n<th style=\"text-align:left;\"><b>Stadion<\/b>\n<\/th>\n<th style=\"text-align:left;\">EM Stadion Wals-Siezenheim, Salzburg\n<\/th>\n<\/tr>\n<tr>\n<th style=\"text-align:left;\"><b>Zuschauer<\/b>\n<\/th>\n<th style=\"text-align:left;\">387\n<\/th>\n<\/tr>\n<\/tbody>\n<\/table>\n<h2><span class=\"mw-headline\" id=\"Spielbericht\">Spielbericht<\/span><a href=\"\/index.php?title=30._Runde,_Saison_20223\/24,_FC_Liefering_gegen_SV_Lafnitz&amp;action=edit&amp;section=1\" title=\"Abschnitt bearbeiten: Spielbericht\">Bearbeiten<\/a><span class=\"mw-editsection-bracket\">]<\/span><\/span><\/h2>\n<p><a rel=\"nofollow\" class=\"external text\" href=\"https:\/\/www.fc-liefering.at\/de\/fc-liefering\/news\/saison_2023_24\/ligaspiel-lafnitz-runde-30.html\">Spielbericht Verreinshomepage<\/a>\n<\/p>\n<h2><span class=\"mw-headline\" id=\"Stimmen_zum_Spiel\">Stimmen zum Spiel<\/span><a href=\"\/index.php?title=30._Runde,_Saison_20223\/24,_FC_Liefering_gegen_SV_Lafnitz&amp;action=edit&amp;section=2\" title=\"Abschnitt bearbeiten: Stimmen zum Spiel\">Bearbeiten<\/a><span class=\"mw-editsection-bracket\">]<\/span><\/span><\/h2>\n<p><b>Daniel Beichler:<\/b> Wir haben eine richtig gute erste Halbzeit gespielt, speziell die ersten 35 Minuten waren top. Wir gehen dann \u2013 auch in der H\u00f6he absolut verdient \u2013 mit einer 3:0-F\u00fchrung in die Pause. Die ersten 15 Minuten der zweiten Halbzeit waren absolut in Ordnung, allerdings haben wir nach dem 4:0 alles, was uns ausgezeichnet und zu dieser F\u00fchrung gebracht hat, \u00fcber Bord geworfen. Das war definitiv zu wenig, wir bekommen drei total unn\u00f6tige Gegentore. Hintenraus war es dann ein enorm \u00fcberfl\u00fcssiges Zittern. Trotzdem Kompliment an die ganze Mannschaft, ans Trainerteam, und vor allem an Onur Cinel, der diese Fr\u00fchjahrsmeisterschaft mit einem richtig guten Auftakt eingeleitet hat. Dieser Titel ist f\u00fcr den FC Liefering nicht selbstverst\u00e4ndlich!\n<\/p>\n<\/div>\n","protected":false},"excerpt":{"rendered":"<p>FC Liefering gegen SV Lafnitz, 4:3 Spieltag 27. Liga &#8211; 30. Runde Datum 25. Mai 2024 Anpfiff 17:30 Uhr Aufstellung Tor Salko Hamzic Verteidigung Rocco Zikovic &#8211;Jannik Schuster &#8211; Lukas Wallner &#8211; Matteo Schablas Mittelfeld Tim Trummer&#8211; Justin Omoregie &#8211; Zeteny Jano &#8211; Tim Paumgartner Sturm Adam Daghim &#8211; Gaoussou Diakite Wechsel Wechsel Tolgahan Sahin [&hellip;]<\/p>\n","protected":false},"author":1,"featured_media":0,"comment_status":"open","ping_status":"open","sticky":false,"template":"","format":"standard","meta":{"footnotes":""},"categories":[1556],"tags":[],"class_list":["post-1978","post","type-post","status-publish","format-standard","hentry","category-30-runde-saison-20223"],"_links":{"self":[{"href":"https:\/\/wiki.s12.at\/index.php\/wp-json\/wp\/v2\/posts\/1978","targetHints":{"allow":["GET"]}}],"collection":[{"href":"https:\/\/wiki.s12.at\/index.php\/wp-json\/wp\/v2\/posts"}],"about":[{"href":"https:\/\/wiki.s12.at\/index.php\/wp-json\/wp\/v2\/types\/post"}],"author":[{"embeddable":true,"href":"https:\/\/wiki.s12.at\/index.php\/wp-json\/wp\/v2\/users\/1"}],"replies":[{"embeddable":true,"href":"https:\/\/wiki.s12.at\/index.php\/wp-json\/wp\/v2\/comments?post=1978"}],"version-history":[{"count":0,"href":"https:\/\/wiki.s12.at\/index.php\/wp-json\/wp\/v2\/posts\/1978\/revisions"}],"wp:attachment":[{"href":"https:\/\/wiki.s12.at\/index.php\/wp-json\/wp\/v2\/media?parent=1978"}],"wp:term":[{"taxonomy":"category","embeddable":true,"href":"https:\/\/wiki.s12.at\/index.php\/wp-json\/wp\/v2\/categories?post=1978"},{"taxonomy":"post_tag","embeddable":true,"href":"https:\/\/wiki.s12.at\/index.php\/wp-json\/wp\/v2\/tags?post=1978"}],"curies":[{"name":"wp","href":"https:\/\/api.w.org\/{rel}","templated":true}]}}