{"id":1977,"date":"2026-05-06T14:10:40","date_gmt":"2026-05-06T12:10:40","guid":{"rendered":"https:\/\/wiki.s12.at\/index.php\/2026\/05\/06\/30-runde-saison-2022-23-fc-red-bull-salzburg-gegen-sk-sturm-graz\/"},"modified":"2026-05-06T14:10:40","modified_gmt":"2026-05-06T12:10:40","slug":"30-runde-saison-2022-23-fc-red-bull-salzburg-gegen-sk-sturm-graz","status":"publish","type":"post","link":"https:\/\/wiki.s12.at\/index.php\/2026\/05\/06\/30-runde-saison-2022-23-fc-red-bull-salzburg-gegen-sk-sturm-graz\/","title":{"rendered":"23, FC Red Bull Salzburg gegen SK Sturm Graz"},"content":{"rendered":"<div class=\"mw-parser-output\">\n<table class=\"toptextcells toccolours\">\n<tbody>\n<tr>\n<th colspan=\"2\" style=\"text-align: center; vertical-align: top; padding: 0.3em 0.8em; font-size: 125%; background-color: lightsteelblue;\">FC Red Bull Salzburg gegen SK Sturm Graz, 2:1\n<\/th>\n<\/tr>\n<tr>\n<th style=\"text-align:left;\"><b>Spieltag<\/b>\n<\/th>\n<th style=\"text-align:left;\">Bundesliga 30. Runde\n<\/th>\n<\/tr>\n<tr>\n<th style=\"text-align:left;\"><b>Datum<\/b>\n<\/th>\n<th style=\"text-align:left;\">21. Mai 2023\n<\/th>\n<\/tr>\n<tr>\n<th style=\"text-align:left;\"><b>Anpfiff<\/b>\n<\/th>\n<th style=\"text-align:left;\">17:00 Uhr\n<\/th>\n<\/tr>\n<tr>\n<td colspan=\"2\" style=\"text-align:center;\" bgcolor=\"lightgray\"><b>Aufstellung<\/b>\n<\/td>\n<\/tr>\n<tr>\n<th style=\"text-align:left;\"><b>Tor<\/b>\n<\/th>\n<th><a href=\"\/Philipp_K%C3%B6hn\" title=\"Philipp K\u00f6hn\">Philipp K\u00f6hn <\/a>\n<\/th>\n<\/tr>\n<tr>\n<th style=\"text-align:left;\"><b>Verteidigung<\/b>\n<\/th>\n<th><a href=\"\/Amar_Dedic\" title=\"Amar Dedic\">Amar Dedic<\/a> &#8211; <a href=\"\/Oumar_Solet\" title=\"Oumar Solet\">Oumar Solet<\/a>  &#8211; <a href=\"\/Strahinja_Pavlovic\" title=\"Strahinja Pavlovic\">Strahinja Pavlovic<\/a>  &#8211; <a href=\"\/Bernardo\" title=\"Bernardo\">Bernardo<\/a>\n<\/th>\n<\/tr>\n<tr>\n<th style=\"text-align:left;\"><b>Mittelfeld<\/b>\n<\/th>\n<th><a href=\"\/Maurits_Kjaergaard\" title=\"Maurits Kjaergaard\">Maurits Kjaergaard<\/a> &#8211; <a href=\"\/Nicolas_Seiwald\" title=\"Nicolas Seiwald\">Nicolas Seiwald<\/a> &#8211; <a href=\"\/Nicolas_Capaldo\" title=\"Nicolas Capaldo\">Nicolas Capaldo<\/a> &#8211; <a href=\"\/Sekou_Koita\" title=\"Sekou Koita\">Sekou Koita<\/a>\n<\/th>\n<\/tr>\n<tr>\n<th style=\"text-align:left;\"><b>Sturm<\/b>\n<\/th>\n<th><a href=\"\/Benjamin_Sesko\" class=\"mw-redirect\" title=\"Benjamin Sesko\">Benjamin Sesko<\/a>   &#8211; <a href=\"\/Junior_Adamu\" class=\"mw-redirect\" title=\"Junior Adamu\">Junior Adamu<\/a>\n<\/th>\n<\/tr>\n<tr>\n<td colspan=\"2\" style=\"text-align:center;\" bgcolor=\"lightgray\"><b>Wechsel<\/b>\n<\/td>\n<\/tr>\n<tr>\n<th style=\"text-align:left;\"><b>Wechsel<\/b>\n<\/th>\n<th style=\"text-align:left;\"><a href=\"\/Dijon_Kameri\" title=\"Dijon Kameri\">Dijon Kameri<\/a> f\u00fcr Adamu (62.), <a href=\"\/Lucas_Gourna-Douath\" title=\"Lucas Gourna-Douath\">Lucas Gourna-Douath<\/a> f\u00fcr Kjaergaard (62.), <a href=\"\/Karim_Konate\" title=\"Karim Konate\">Karim Konate<\/a> f\u00fcr Koita (82.)\n<\/th>\n<\/tr>\n<tr>\n<td colspan=\"2\" style=\"text-align:center;\" bgcolor=\"lightgray\"><b>Statistik<\/b>\n<\/td>\n<\/tr>\n<tr>\n<th style=\"text-align:left;\"><b>Endstand<\/b>\n<\/th>\n<th style=\"text-align:left;\">2:1 (0:1)\n<\/th>\n<\/tr>\n<tr>\n<th style=\"text-align:left;\"><b>Torsch\u00fctzen<\/b>\n<\/th>\n<th style=\"text-align:left;\">Dedic (49.), Konate (88.); Gorenc Stankovic (40.)\n<\/th>\n<\/tr>\n<tr>\n<th style=\"text-align:left;\"><b>Gelbe Karten<\/b>\n<\/th>\n<th style=\"text-align:left;\">Koita (26.), K\u00f6hn (60.), Gourna-Douath (72.) , Stankovic (18.), Stankovic  (58.), Kiteishvili (74.), Teixeira  (85.)\n<\/th>\n<\/tr>\n<tr>\n<th style=\"text-align:left;\"><b>Rote Karten<\/b>\n<\/th>\n<th style=\"text-align:left;\">\n<\/th>\n<\/tr>\n<tr>\n<th style=\"text-align:left;\"><b>Schiedsrichter<\/b>\n<\/th>\n<th style=\"text-align:left;\">Walter Altmann\n<\/th>\n<\/tr>\n<tr>\n<th style=\"text-align:left;\"><b>Stadion<\/b>\n<\/th>\n<th style=\"text-align:left;\">EM-Stadion, Wals-Siezenheim\n<\/th>\n<\/tr>\n<tr>\n<th style=\"text-align:left;\"><b>Zuschauer<\/b>\n<\/th>\n<th style=\"text-align:left;\">17.218\n<\/th>\n<\/tr>\n<\/tbody>\n<\/table>\n<h2><span class=\"mw-headline\" id=\"Spielbericht\">Spielbericht<\/span><a href=\"\/index.php?title=30._Runde,_Saison_2022\/23,_FC_Red_Bull_Salzburg_gegen_SK_Sturm_Graz&amp;action=edit&amp;section=1\" title=\"Abschnitt bearbeiten: Spielbericht\">Bearbeiten<\/a><span class=\"mw-editsection-bracket\">]<\/span><\/span><\/h2>\n<p><a rel=\"nofollow\" class=\"external text\" href=\"https:\/\/www.redbullsalzburg.at\/de\/2022-2023\/spielplan\/bundesliga-runde-30-fc-red-bull-salzburg-vs-sk-puntigamer-sturm-graz#spielbericht\">Spielbericht Vereinshomepage<\/a>\n<\/p>\n<h2><span class=\"mw-headline\" id=\"Bilder\">Bilder<\/span><a href=\"\/index.php?title=30._Runde,_Saison_2022\/23,_FC_Red_Bull_Salzburg_gegen_SK_Sturm_Graz&amp;action=edit&amp;section=2\" title=\"Abschnitt bearbeiten: Bilder\">Bearbeiten<\/a><span class=\"mw-editsection-bracket\">]<\/span><\/span><\/h2>\n<p><img alt=\"\" src=\"\/images\/thumb\/4\/4a\/Commons-logo.svg\/langde-20px-Commons-logo.svg.png%3Futm_source%3Dcommons.wikimedia.org%26utm_campaign%3Dimageinfo%26utm_content%3Dthumbnail\" decoding=\"async\" title=\"Commons\" width=\"12\" height=\"16\" srcset=\"\/images\/thumb\/4\/4a\/Commons-logo.svg\/langde-40px-Commons-logo.svg.png%3Futm_source%3Dcommons.wikimedia.org%26utm_campaign%3Dimageinfo%26utm_content%3Dthumbnail 2x\" \/>&#160;<b><a href=\"http:\/\/commons.wikimedia.org\/wiki\/Category:FC_RB_Salzburg_gegen_SK_Sturm_Graz(2023-05-21)\" class=\"extiw\" title=\"commons:Category:FC RB Salzburg gegen SK Sturm Graz(2023-05-21)\">30. Runde, Saison 2022\/23, FC Red Bull Salzburg gegen SK Sturm Graz<\/a><\/b>&#160;\u2013 Sammlung von Bildern, Videos und Audiodateien auf <a href=\"\/Wikimedia_Commons\" title=\"Wikimedia Commons\">Wikimedia Commons<\/a>\n<\/p>\n<h2><span class=\"mw-headline\" id=\"Stimmen_zum_Spiel\">Stimmen zum Spiel<\/span><a href=\"\/index.php?title=30._Runde,_Saison_2022\/23,_FC_Red_Bull_Salzburg_gegen_SK_Sturm_Graz&amp;action=edit&amp;section=3\" title=\"Abschnitt bearbeiten: Stimmen zum Spiel\">Bearbeiten<\/a><span class=\"mw-editsection-bracket\">]<\/span><\/span><\/h2>\n<p><b>Matthias Jaissle:<\/b>  Diese Saison war eine Riesenchallenge f\u00fcr unsere junge Mannschaft. Wir hatten einen starken Konkurrenten mit den Grazern, die uns das Leben sehr schwer gemacht haben. Sturm war unglaublich unterwegs, da muss man schon mal Respekt zollen. Umso sch\u00f6ner ist es jetzt, den Meistertitel hier zu Hause gegen den h\u00e4rtesten Konkurrenten zu holen \u2013 eine geile Geschichte. Wir haben das ganze Jahr alles diesem Ziel untergeordnet. Der ganze Verein hat die letzten Jahre hervorragende Arbeit geleistet, demnach ist der Anspruch hoch, nun haben wir die Pflicht erf\u00fcllt und werden das heute richtig feiern.\n<\/p>\n<p><b>Andreas Ulmer:<\/b>  Es ist sehr besonders! Es war ein Spiel mit vielen Emotionen, jetzt sind wir alle sehr gl\u00fccklich \u2013 eine Riesenerleichterung. Es war eine starke Saison von uns, dann sind wir auch absolut verdient Meister geworden. Zu Hause in einem vollen Stadion gegen den direkten Konkurrenten kurz vor Schluss das 2:1 zu schie\u00dfen, ist eine sehr geile Geschichte!\n<\/p>\n<p><b>Nicolas Seiwald:<\/b>  Wir sind \u00fcbergl\u00fccklich! Mit einem Last-minute-Treffer zu gewinnen \u2013 sch\u00f6ner h\u00e4tte ich es mir nicht ertr\u00e4umen k\u00f6nnen. Die n\u00e4chsten Wochen werden sehr emotional f\u00fcr mich. Ich sch\u00e4tze es so sehr, was der Verein f\u00fcr mich gemacht hat und bin einfach \u00fcbergl\u00fccklich, dass ich mich mit dem Meistertitel verabschieden kann.\n<\/p>\n<p><b>Philipp K\u00f6hn:<\/b>  Das Bier schmeckt sehr gut, nach diesem Spiel auf jeden Fall \u2013 bei den Temperaturen kann man eine Bierdusche auch gut gebrauchen. Ein geiles Gef\u00fchl! Es waren H\u00f6hen und Tiefen dabei, aber wir sind als Team zusammengewachsen, alles andere ist egal. Wir haben den Teller hierbehalten, zum zehnten Mal in Folge. Wir haben Geschichte geschrieben, das ist das Wichtigste!\n<\/p>\n<p><b>Amar Dedic:<\/b> Ich bin einfach nur gl\u00fccklich! Ein Meistertitel mit diesem Verein, ich bin wirklich stolz! Wir sind mit 0:1 hinten und kommen so zur\u00fcck \u2013 diese Mannschaft hat sich\u2019s verdient. Ich trinke keinen Alkohol \u2013 aber Red Bull und Wasser, das reicht doch.\n<\/p>\n<p><b>Benjamin Sesko:<\/b>  Es f\u00fchlt sich super an! Es war eine wirklich harte Phase, durch die wir gegangen sind, aber wir haben\u2019s gepackt. Ich bin echt stolz auf jeden Einzelnen, ich kann gar nicht beschreiben, wie gl\u00fccklich ich bin. Ein historischer Moment, auch f\u00fcr mich. Hier hat f\u00fcr mich alles angefangen. Jeden entscheidenden Moment in meiner Karriere habe ich hier erlebt. Der Abschied wird sehr emotional werden!\n<\/p>\n<\/div>\n","protected":false},"excerpt":{"rendered":"<p>FC Red Bull Salzburg gegen SK Sturm Graz, 2:1 Spieltag Bundesliga 30. Runde Datum 21. Mai 2023 Anpfiff 17:00 Uhr Aufstellung Tor Philipp K\u00f6hn Verteidigung Amar Dedic &#8211; Oumar Solet &#8211; Strahinja Pavlovic &#8211; Bernardo Mittelfeld Maurits Kjaergaard &#8211; Nicolas Seiwald &#8211; Nicolas Capaldo &#8211; Sekou Koita Sturm Benjamin Sesko &#8211; Junior Adamu Wechsel Wechsel [&hellip;]<\/p>\n","protected":false},"author":1,"featured_media":0,"comment_status":"open","ping_status":"open","sticky":false,"template":"","format":"standard","meta":{"footnotes":""},"categories":[1555],"tags":[],"class_list":["post-1977","post","type-post","status-publish","format-standard","hentry","category-30-runde-saison-2022"],"_links":{"self":[{"href":"https:\/\/wiki.s12.at\/index.php\/wp-json\/wp\/v2\/posts\/1977","targetHints":{"allow":["GET"]}}],"collection":[{"href":"https:\/\/wiki.s12.at\/index.php\/wp-json\/wp\/v2\/posts"}],"about":[{"href":"https:\/\/wiki.s12.at\/index.php\/wp-json\/wp\/v2\/types\/post"}],"author":[{"embeddable":true,"href":"https:\/\/wiki.s12.at\/index.php\/wp-json\/wp\/v2\/users\/1"}],"replies":[{"embeddable":true,"href":"https:\/\/wiki.s12.at\/index.php\/wp-json\/wp\/v2\/comments?post=1977"}],"version-history":[{"count":0,"href":"https:\/\/wiki.s12.at\/index.php\/wp-json\/wp\/v2\/posts\/1977\/revisions"}],"wp:attachment":[{"href":"https:\/\/wiki.s12.at\/index.php\/wp-json\/wp\/v2\/media?parent=1977"}],"wp:term":[{"taxonomy":"category","embeddable":true,"href":"https:\/\/wiki.s12.at\/index.php\/wp-json\/wp\/v2\/categories?post=1977"},{"taxonomy":"post_tag","embeddable":true,"href":"https:\/\/wiki.s12.at\/index.php\/wp-json\/wp\/v2\/tags?post=1977"}],"curies":[{"name":"wp","href":"https:\/\/api.w.org\/{rel}","templated":true}]}}