{"id":1973,"date":"2026-05-06T14:10:11","date_gmt":"2026-05-06T12:10:11","guid":{"rendered":"https:\/\/wiki.s12.at\/index.php\/2026\/05\/06\/30-runde-saison-2020-21-fc-red-bull-salzburg-gegen-sk-rapid-wien\/"},"modified":"2026-05-06T14:10:11","modified_gmt":"2026-05-06T12:10:11","slug":"30-runde-saison-2020-21-fc-red-bull-salzburg-gegen-sk-rapid-wien","status":"publish","type":"post","link":"https:\/\/wiki.s12.at\/index.php\/2026\/05\/06\/30-runde-saison-2020-21-fc-red-bull-salzburg-gegen-sk-rapid-wien\/","title":{"rendered":"21, FC Red Bull Salzburg gegen SK Rapid Wien"},"content":{"rendered":"<div class=\"mw-parser-output\">\n<h2><span class=\"mw-headline\" id=\"Fakten\">Fakten<\/span><a href=\"\/index.php?title=30._Runde,_Saison_2020\/21,_FC_Red_Bull_Salzburg_gegen_SK_Rapid_Wien&amp;action=edit&amp;section=1\" title=\"Abschnitt bearbeiten: Fakten\">Bearbeiten<\/a><span class=\"mw-editsection-bracket\">]<\/span><\/span><\/h2>\n<table class=\"toptextcells toccolours\">\n<tbody>\n<tr>\n<th colspan=\"2\" style=\"text-align: center; vertical-align: top; padding: 0.3em 0.8em; font-size: 125%; background-color: lightsteelblue;\">FC Red Bull Salzburg gegen SK Rapid Wien, 2:0\n<\/th>\n<\/tr>\n<tr>\n<th style=\"text-align:left;\"><b>Spieltag<\/b>\n<\/th>\n<th style=\"text-align:left;\">Bundesliga &#8211; 30. Runde\n<\/th>\n<\/tr>\n<tr>\n<th style=\"text-align:left;\"><b>Datum<\/b>\n<\/th>\n<th style=\"text-align:left;\">12. Mai 2021\n<\/th>\n<\/tr>\n<tr>\n<th style=\"text-align:left;\"><b>Anpfiff<\/b>\n<\/th>\n<th style=\"text-align:left;\">20.30 Uhr\n<\/th>\n<\/tr>\n<tr>\n<td colspan=\"2\" style=\"text-align:center;\" bgcolor=\"lightgray\"><b>Aufstellung<\/b>\n<\/td>\n<\/tr>\n<tr>\n<th style=\"text-align:left;\"><b>Tor<\/b>\n<\/th>\n<th><a href=\"\/Cican_Stankovic\" title=\"Cican Stankovic\">Cican Stankovic<\/a>\n<\/th>\n<\/tr>\n<tr>\n<th style=\"text-align:left;\"><b>Verteidigung<\/b>\n<\/th>\n<th><a href=\"\/Rasmus_Kristensen\" title=\"Rasmus Kristensen\">Rasmus Kristensen<\/a> &#8211; <a href=\"\/Andre_Ramalho\" class=\"mw-redirect\" title=\"Andre Ramalho\">Andre Ramalho<\/a> &#8211; <a href=\"\/Maximilian_W%C3%B6ber\" title=\"Maximilian W\u00f6ber\">Maximilian W\u00f6ber<\/a> &#8211; <a href=\"\/Andreas_Ulmer\" title=\"Andreas Ulmer\">Andreas Ulmer<\/a>\n<\/th>\n<\/tr>\n<tr>\n<th style=\"text-align:left;\"><b>Mittelfeld<\/b>\n<\/th>\n<th><a href=\"\/Antoine_Bernede\" title=\"Antoine Bernede\">Antoine Bernede<\/a> &#8211; <a href=\"\/Enock_Mwepu\" title=\"Enock Mwepu\">Enock Mwepu<\/a> &#8211; <a href=\"\/Zlatko_Junuzovic\" title=\"Zlatko Junuzovic\">Zlatko Junuzovic<\/a> &#8211; <a href=\"\/Brenden_Aaronson\" title=\"Brenden Aaronson\">Brenden Aaronson<\/a>\n<\/th>\n<\/tr>\n<tr>\n<th style=\"text-align:left;\"><b>Sturm<\/b>\n<\/th>\n<th><a href=\"\/Patson_Daka\" title=\"Patson Daka\">Patson Daka<\/a> &#8211; <a href=\"\/Mergim_Berisha\" title=\"Mergim Berisha\">Mergim Berisha<\/a>\n<\/th>\n<\/tr>\n<tr>\n<td colspan=\"2\" style=\"text-align:center;\" bgcolor=\"lightgray\"><b>Wechsel<\/b>\n<\/td>\n<\/tr>\n<tr>\n<th style=\"text-align:left;\"><b>Wechsel<\/b>\n<\/th>\n<th style=\"text-align:left;\"><a href=\"\/Karim_Adeyemi\" title=\"Karim Adeyemi\">Karim Adeyemi<\/a> f\u00fcr Berisha (66.), <a href=\"\/Bernardo\" title=\"Bernardo\">Bernardo<\/a> f\u00fcr Bernede (77.), <a href=\"\/Nicolas_Seiwald\" title=\"Nicolas Seiwald\">Nicolas Seiwald<\/a> f\u00fcr Mwepu (77.), <br \/><a href=\"\/Noah_Okafor\" title=\"Noah Okafor\">Noah Okafor<\/a> f\u00fcr Aaronson (90.), <a href=\"\/Patrick_Farkas\" title=\"Patrick Farkas\">Patrick Farkas<\/a> f\u00fcr Kristensen (90.)\n<\/th>\n<\/tr>\n<tr>\n<td colspan=\"2\" style=\"text-align:center;\" bgcolor=\"lightgray\"><b>Statistik<\/b>\n<\/td>\n<\/tr>\n<tr>\n<th style=\"text-align:left;\"><b>Endstand<\/b>\n<\/th>\n<th style=\"text-align:left;\">2:0 (1:0)\n<\/th>\n<\/tr>\n<tr>\n<th style=\"text-align:left;\"><b>Torsch\u00fctzen<\/b>\n<\/th>\n<th style=\"text-align:left;\">Daka (33., 56.)\n<\/th>\n<\/tr>\n<tr>\n<th style=\"text-align:left;\"><b>Gelbe Karten<\/b>\n<\/th>\n<th style=\"text-align:left;\">Grahovac  (30.), Greiml (50.), Hofmann (79.)\n<\/th>\n<\/tr>\n<tr>\n<th style=\"text-align:left;\"><b>Rote Karten<\/b>\n<\/th>\n<th style=\"text-align:left;\">gelb-rote Karte: Hofmann (86.)\n<\/th>\n<\/tr>\n<tr>\n<th style=\"text-align:left;\"><b>Schiedsrichter<\/b>\n<\/th>\n<th style=\"text-align:left;\">Markus Hameter\n<\/th>\n<\/tr>\n<tr>\n<th style=\"text-align:left;\"><b>Stadion<\/b>\n<\/th>\n<th style=\"text-align:left;\">Red Bull Arena, Salzburg\n<\/th>\n<\/tr>\n<tr>\n<th style=\"text-align:left;\"><b>Zuschauer<\/b>\n<\/th>\n<th style=\"text-align:left;\">0 (Corona)\n<\/th>\n<\/tr>\n<\/tbody>\n<\/table>\n<h2><span class=\"mw-headline\" id=\"Weblinks\">Weblinks<\/span><a href=\"\/index.php?title=30._Runde,_Saison_2020\/21,_FC_Red_Bull_Salzburg_gegen_SK_Rapid_Wien&amp;action=edit&amp;section=2\" title=\"Abschnitt bearbeiten: Weblinks\">Bearbeiten<\/a><span class=\"mw-editsection-bracket\">]<\/span><\/span><\/h2>\n<p><a rel=\"nofollow\" class=\"external text\" href=\"https:\/\/www.redbullsalzburg.at\/de\/fc-red-bull-salzburg\/news\/saison_2020_21\/der-titel-kommt-heim.html\">Spielbericht Vereinshomepage<\/a>\n<\/p>\n<h2><span class=\"mw-headline\" id=\"Stimmen_zum_Spiel\">Stimmen zum Spiel<\/span><a href=\"\/index.php?title=30._Runde,_Saison_2020\/21,_FC_Red_Bull_Salzburg_gegen_SK_Rapid_Wien&amp;action=edit&amp;section=3\" title=\"Abschnitt bearbeiten: Stimmen zum Spiel\">Bearbeiten<\/a><span class=\"mw-editsection-bracket\">]<\/span><\/span><\/h2>\n<ul>\n<li><b>Zlatko Junuzovic:<\/b>  Wir haben insgesamt eine souver\u00e4ne Saison gespielt. Aber es war nicht so einfach, wie es ausschaut. Wir haben uns das alles erarbeitet und uns von Spiel zu Spiel gesteigert. Wir haben alle viel Spa\u00df in der Mannschaft, das sieht man, glaube ich, auch. Der Verein ist auf einem super Weg. Die Philosophie ist \u00fcberragend. Wir werden sehen, was die n\u00e4chsten Jahre noch bringen. Jetzt feiern wir einmal den Meistertitel!<\/li>\n<\/ul>\n<ul>\n<li><b>Andi Ulmer:<\/b>   Es wird nie langweilig. Es ist immer viel Arbeit dahinter, das ganze Jahr \u00fcber. Wir sind absolut verdient Meister geworden. Es ist nicht jeder Tag gleich, und es gibt auch Trainings, die weniger Spa\u00df machen, aber im Gro\u00dfen und Ganzen genie\u00dfe ich die Zeit, auf dem Platz zu stehen und Fu\u00dfball zu spielen. F\u00fcr mich ist das der sch\u00f6nste Beruf, deshalb mache ich das so gerne.<\/li>\n<\/ul>\n<ul>\n<li><b>Patson Daka:<\/b>  Wir haben sehr viel Qualit\u00e4t, auch individuell, und arbeiten einfach sehr gut zusammen. Wir sind als Team hervorragend. Jeder arbeitet f\u00fcr den anderen, wir unterst\u00fctzen uns gegenseitig. Es bedeutet mir wirklich sehr viel, aber nicht nur f\u00fcr mich. Es bedeutet auch dem Verein sehr viel. Ich bin einfach unglaublich dankbar und froh, dass ich mit dem Team so gut zusammenarbeite, dass wir so eine gute Saison spielen. Ich bin einfach wirklich gl\u00fccklich, hier zu sein.<\/li>\n<\/ul>\n<ul>\n<li><b>Max W\u00f6ber:<\/b>  Wenn der FC Red Bull Salzburg den Weg weiterhin so geht, wie wir ihn bisher gegangen sind, wird es sehr, sehr schwierig. Hier ist \u00fcber ein Jahrzehnt schon etwas aufgebaut worden, was einfach richtig, richtig gut ist. Mit einem Verein, der jetzt international auch immer besser wird. Die letzten zwei Jahre Champions League. Jetzt gilt es, sich hier auch noch zu etablieren, die Gro\u00dfen mal so richtig zu \u00e4rgern und nicht nur mitzuspielen. Es wird schwierig f\u00fcr die \u00f6sterreichischen Vereine, auch wenn die Entwicklung vor allem von den Top 4-Vereinen nach oben geht.<\/li>\n<\/ul>\n<ul>\n<li><b>Jesse Marsch:<\/b>  Es war in der ersten Halbzeit ein bisschen schwer f\u00fcr uns, weil wir nerv\u00f6s waren. Am Ende haben wir die Qualit\u00e4t gezeigt, die uns auf lange Sicht zum Meister gemacht hat. Der Zusammenhalt und die Stimmung in unserer Gruppe sind \u00fcberragend. Es ist ganz besonders, das habe ich bereits am ersten Tag meiner Arbeit hier gesehen. Die M\u00f6glichkeiten mit einer solchen Mannschaft sind riesig. Ich bin \u00fcbergl\u00fccklich und sehr stolz, ein Teil dieser Gruppe zu sein.<\/li>\n<\/ul>\n<\/div>\n","protected":false},"excerpt":{"rendered":"<p>FaktenBearbeiten] FC Red Bull Salzburg gegen SK Rapid Wien, 2:0 Spieltag Bundesliga &#8211; 30. Runde Datum 12. Mai 2021 Anpfiff 20.30 Uhr Aufstellung Tor Cican Stankovic Verteidigung Rasmus Kristensen &#8211; Andre Ramalho &#8211; Maximilian W\u00f6ber &#8211; Andreas Ulmer Mittelfeld Antoine Bernede &#8211; Enock Mwepu &#8211; Zlatko Junuzovic &#8211; Brenden Aaronson Sturm Patson Daka &#8211; Mergim [&hellip;]<\/p>\n","protected":false},"author":1,"featured_media":0,"comment_status":"open","ping_status":"open","sticky":false,"template":"","format":"standard","meta":{"footnotes":""},"categories":[1553],"tags":[],"class_list":["post-1973","post","type-post","status-publish","format-standard","hentry","category-30-runde-saison-2020"],"_links":{"self":[{"href":"https:\/\/wiki.s12.at\/index.php\/wp-json\/wp\/v2\/posts\/1973","targetHints":{"allow":["GET"]}}],"collection":[{"href":"https:\/\/wiki.s12.at\/index.php\/wp-json\/wp\/v2\/posts"}],"about":[{"href":"https:\/\/wiki.s12.at\/index.php\/wp-json\/wp\/v2\/types\/post"}],"author":[{"embeddable":true,"href":"https:\/\/wiki.s12.at\/index.php\/wp-json\/wp\/v2\/users\/1"}],"replies":[{"embeddable":true,"href":"https:\/\/wiki.s12.at\/index.php\/wp-json\/wp\/v2\/comments?post=1973"}],"version-history":[{"count":0,"href":"https:\/\/wiki.s12.at\/index.php\/wp-json\/wp\/v2\/posts\/1973\/revisions"}],"wp:attachment":[{"href":"https:\/\/wiki.s12.at\/index.php\/wp-json\/wp\/v2\/media?parent=1973"}],"wp:term":[{"taxonomy":"category","embeddable":true,"href":"https:\/\/wiki.s12.at\/index.php\/wp-json\/wp\/v2\/categories?post=1973"},{"taxonomy":"post_tag","embeddable":true,"href":"https:\/\/wiki.s12.at\/index.php\/wp-json\/wp\/v2\/tags?post=1973"}],"curies":[{"name":"wp","href":"https:\/\/api.w.org\/{rel}","templated":true}]}}