{"id":1965,"date":"2026-05-06T14:10:01","date_gmt":"2026-05-06T12:10:01","guid":{"rendered":"https:\/\/wiki.s12.at\/index.php\/2026\/05\/06\/30-runde-saison-2016-17-skn-st-poelten-gegen-fc-red-bull-salzburg\/"},"modified":"2026-05-06T14:10:01","modified_gmt":"2026-05-06T12:10:01","slug":"30-runde-saison-2016-17-skn-st-poelten-gegen-fc-red-bull-salzburg","status":"publish","type":"post","link":"https:\/\/wiki.s12.at\/index.php\/2026\/05\/06\/30-runde-saison-2016-17-skn-st-poelten-gegen-fc-red-bull-salzburg\/","title":{"rendered":"17, SKN St. P\u00f6lten gegen FC Red Bull Salzburg"},"content":{"rendered":"<div class=\"mw-parser-output\">\n<h2><span class=\"mw-headline\" id=\"Fakten\">Fakten<\/span><a href=\"\/index.php?title=30._Runde,_Saison_2016\/17,_SKN_St._P%C3%B6lten_gegen_FC_Red_Bull_Salzburg&amp;action=edit&amp;section=1\" title=\"Abschnitt bearbeiten: Fakten\">Bearbeiten<\/a><span class=\"mw-editsection-bracket\">]<\/span><\/span><\/h2>\n<table class=\"toptextcells toccolours\">\n<tbody>\n<tr>\n<th colspan=\"2\" style=\"text-align: center; vertical-align: top; padding: 0.3em 0.8em; font-size: 125%; background-color: lightsteelblue;\">SKN St. P\u00f6lten gegen FC Red Bull Salzburg,  1:2\n<\/th>\n<\/tr>\n<tr>\n<th style=\"text-align:left;\"><b>Spieltag<\/b>\n<\/th>\n<th style=\"text-align:left;\">Bundesliga &#8211; 30. Spieltag\n<\/th>\n<\/tr>\n<tr>\n<th style=\"text-align:left;\"><b>Datum<\/b>\n<\/th>\n<th style=\"text-align:left;\">22. April 2017\n<\/th>\n<\/tr>\n<tr>\n<th style=\"text-align:left;\"><b>Anpfiff<\/b>\n<\/th>\n<th style=\"text-align:left;\">16 Uhr\n<\/th>\n<\/tr>\n<tr>\n<td colspan=\"2\" style=\"text-align:center;\" bgcolor=\"lightgray\"><b>Aufstellung<\/b>\n<\/td>\n<\/tr>\n<tr>\n<th style=\"text-align:left;\"><b>Tor<\/b>\n<\/th>\n<th><a href=\"\/Alexander_Walke\" title=\"Alexander Walke\">Alexander Walke<\/a>\n<\/th>\n<\/tr>\n<tr>\n<th style=\"text-align:left;\"><b>Verteidigung<\/b>\n<\/th>\n<th><a href=\"\/Christian_Schwegler\" title=\"Christian Schwegler\">Christian Schwegler<\/a> &#8211; <a href=\"\/Paulo_Miranda\" title=\"Paulo Miranda\">Paulo Miranda<\/a> &#8211; <a href=\"\/Andre_Wisdom\" title=\"Andre Wisdom\">Andre Wisdom<\/a> &#8211; <a href=\"\/Andreas_Ulmer\" title=\"Andreas Ulmer\">Andreas Ulmer<\/a>\n<\/th>\n<\/tr>\n<tr>\n<th style=\"text-align:left;\"><b>Mittelfeld<\/b>\n<\/th>\n<th><a href=\"\/Konrad_Laimer\" title=\"Konrad Laimer\">Konrad Laimer<\/a> &#8211; <a href=\"\/Marc_Rzatkowski\" title=\"Marc Rzatkowski\">Marc Rzatkowski<\/a> &#8211; <a href=\"\/Josip_Radosevic\" title=\"Josip Radosevic\">Josip Radosevic<\/a>  &#8211; <a href=\"\/Valon_Berisha\" title=\"Valon Berisha\">Valon Berisha<\/a>\n<\/th>\n<\/tr>\n<tr>\n<th style=\"text-align:left;\"><b>Sturm<\/b>\n<\/th>\n<th><a href=\"\/Hee-Chan_Hwang\" title=\"Hee-Chan Hwang\">Hee-Chan Hwang<\/a> &#8211; <a href=\"\/Valentino_Lazaro\" title=\"Valentino Lazaro\">Valentino Lazaro<\/a>\n<\/th>\n<\/tr>\n<tr>\n<td colspan=\"2\" style=\"text-align:center;\" bgcolor=\"lightgray\"><b>Wechsel<\/b>\n<\/td>\n<\/tr>\n<tr>\n<th style=\"text-align:left;\"><b>Wechsel<\/b>\n<\/th>\n<th style=\"text-align:left;\">[Diadie Samassekou] f\u00fcr Radosevic (46.), <a href=\"\/Wanderson\" title=\"Wanderson\">Wanderson<\/a> f\u00fcr Rzatkowski (61.), <a href=\"\/Christoph_Leitgeb\" title=\"Christoph Leitgeb\">Christoph Leitgeb<\/a> f\u00fcr Berisha (83.)\n<\/th>\n<\/tr>\n<tr>\n<td colspan=\"2\" style=\"text-align:center;\" bgcolor=\"lightgray\"><b>Statistik<\/b>\n<\/td>\n<\/tr>\n<tr>\n<th style=\"text-align:left;\"><b>Endstand<\/b>\n<\/th>\n<th style=\"text-align:left;\">1:2 (0:1)\n<\/th>\n<\/tr>\n<tr>\n<th style=\"text-align:left;\"><b>Torsch\u00fctzen<\/b>\n<\/th>\n<th style=\"text-align:left;\">Th\u00fcrauer (81.); Hwang (11.), Wanderson (69.)\n<\/th>\n<\/tr>\n<tr>\n<th style=\"text-align:left;\"><b>Gelbe Karten<\/b>\n<\/th>\n<th style=\"text-align:left;\">Perchtold (17.), Martic (21.); Radosevic (8.), Miranda (34.), Wanderson (75.), Walke (90.)\n<\/th>\n<\/tr>\n<tr>\n<th style=\"text-align:left;\"><b>Rote Karten<\/b>\n<\/th>\n<th style=\"text-align:left;\">\n<\/th>\n<\/tr>\n<tr>\n<th style=\"text-align:left;\"><b>Schiedsrichter<\/b>\n<\/th>\n<th style=\"text-align:left;\">Andreas Hei\u00df\n<\/th>\n<\/tr>\n<tr>\n<th style=\"text-align:left;\"><b>Stadion<\/b>\n<\/th>\n<th style=\"text-align:left;\">NV Arena, St. P\u00f6lten\n<\/th>\n<\/tr>\n<tr>\n<th style=\"text-align:left;\"><b>Zuschauer<\/b>\n<\/th>\n<th style=\"text-align:left;\">\n<\/th>\n<\/tr>\n<\/tbody>\n<\/table>\n<h2><span class=\"mw-headline\" id=\"Bilder\">Bilder<\/span><a href=\"\/index.php?title=30._Runde,_Saison_2016\/17,_SKN_St._P%C3%B6lten_gegen_FC_Red_Bull_Salzburg&amp;action=edit&amp;section=2\" title=\"Abschnitt bearbeiten: Bilder\">Bearbeiten<\/a><span class=\"mw-editsection-bracket\">]<\/span><\/span><\/h2>\n<ul class=\"gallery mw-gallery-traditional\">\n<li class=\"gallerybox\" style=\"width: 155px\">\n<div style=\"width: 155px\">\n<div class=\"thumb\" style=\"width: 150px;\">\n<div style=\"margin:15px auto;\"><a href=\"\/Datei:SKN_St._P%C3%B6lten_vs._FC_Red_Bull_Salzburg_(22._April_2017)_23.jpg\" class=\"image\"><img alt=\"SKN St. P\u00f6lten vs. FC Red Bull Salzburg (22. April 2017) 23.jpg\" src=\"\/images\/thumb\/e\/ea\/SKN_St._P%C3%B6lten_vs._FC_Red_Bull_Salzburg_%2822._April_2017%29_23.jpg\/120px-SKN_St._P%C3%B6lten_vs._FC_Red_Bull_Salzburg_%2822._April_2017%29_23.jpg%3Futm_source%3Dcommons.wikimedia.org%26utm_campaign%3Dimageinfo%26utm_content%3Dthumbnail\" decoding=\"async\" width=\"108\" height=\"120\" srcset=\"\/images\/thumb\/e\/ea\/SKN_St._P%C3%B6lten_vs._FC_Red_Bull_Salzburg_%2822._April_2017%29_23.jpg\/250px-SKN_St._P%C3%B6lten_vs._FC_Red_Bull_Salzburg_%2822._April_2017%29_23.jpg%3Futm_source%3Dcommons.wikimedia.org%26utm_campaign%3Dimageinfo%26utm_content%3Dthumbnail 1.5x\" \/><\/a><\/div>\n<\/div>\n<div class=\"gallerytext\">\n\t\t\t<\/div>\n<\/p><\/div>\n<\/li>\n<li class=\"gallerybox\" style=\"width: 155px\">\n<div style=\"width: 155px\">\n<div class=\"thumb\" style=\"width: 150px;\">\n<div style=\"margin:15px auto;\"><a href=\"\/Datei:SKN_St._P%C3%B6lten_vs._FC_Red_Bull_Salzburg_(22._April_2017)_37.jpg\" class=\"image\"><img alt=\"SKN St. P\u00f6lten vs. FC Red Bull Salzburg (22. April 2017) 37.jpg\" src=\"\/images\/thumb\/b\/b5\/SKN_St._P%C3%B6lten_vs._FC_Red_Bull_Salzburg_%2822._April_2017%29_37.jpg\/120px-SKN_St._P%C3%B6lten_vs._FC_Red_Bull_Salzburg_%2822._April_2017%29_37.jpg%3Futm_source%3Dcommons.wikimedia.org%26utm_campaign%3Dimageinfo%26utm_content%3Dthumbnail\" decoding=\"async\" width=\"93\" height=\"120\" srcset=\"\/images\/thumb\/b\/b5\/SKN_St._P%C3%B6lten_vs._FC_Red_Bull_Salzburg_%2822._April_2017%29_37.jpg\/250px-SKN_St._P%C3%B6lten_vs._FC_Red_Bull_Salzburg_%2822._April_2017%29_37.jpg%3Futm_source%3Dcommons.wikimedia.org%26utm_campaign%3Dimageinfo%26utm_content%3Dthumbnail 1.5x\" \/><\/a><\/div>\n<\/div>\n<div class=\"gallerytext\">\n\t\t\t<\/div>\n<\/p><\/div>\n<\/li>\n<li class=\"gallerybox\" style=\"width: 155px\">\n<div style=\"width: 155px\">\n<div class=\"thumb\" style=\"width: 150px;\">\n<div style=\"margin:15px auto;\"><a href=\"\/Datei:SKN_St._P%C3%B6lten_gegen_FC_Red_Bull_Salzburg_(22._April_2017)_45.jpg\" class=\"image\"><img alt=\"SKN St. P\u00f6lten gegen FC Red Bull Salzburg (22. April 2017) 45.jpg\" src=\"\/images\/thumb\/3\/3e\/SKN_St._P%C3%B6lten_gegen_FC_Red_Bull_Salzburg_%2822._April_2017%29_45.jpg\/120px-SKN_St._P%C3%B6lten_gegen_FC_Red_Bull_Salzburg_%2822._April_2017%29_45.jpg%3Futm_source%3Dcommons.wikimedia.org%26utm_campaign%3Dimageinfo%26utm_content%3Dthumbnail\" decoding=\"async\" width=\"71\" height=\"120\" srcset=\"\/images\/thumb\/3\/3e\/SKN_St._P%C3%B6lten_gegen_FC_Red_Bull_Salzburg_%2822._April_2017%29_45.jpg\/250px-SKN_St._P%C3%B6lten_gegen_FC_Red_Bull_Salzburg_%2822._April_2017%29_45.jpg%3Futm_source%3Dcommons.wikimedia.org%26utm_campaign%3Dimageinfo%26utm_content%3Dthumbnail 2x\" \/><\/a><\/div>\n<\/div>\n<div class=\"gallerytext\">\n\t\t\t<\/div>\n<\/p><\/div>\n<\/li>\n<li class=\"gallerybox\" style=\"width: 155px\">\n<div style=\"width: 155px\">\n<div class=\"thumb\" style=\"width: 150px;\">\n<div style=\"margin:24.5px auto;\"><a href=\"\/Datei:SKN_St._P%C3%B6lten_gegen_FC_Red_Bull_Salzburg_(22._April_2017)_39.jpg\" class=\"image\"><img loading=\"lazy\" alt=\"SKN St. P\u00f6lten gegen FC Red Bull Salzburg (22. April 2017) 39.jpg\" src=\"\/images\/thumb\/5\/52\/SKN_St._P%C3%B6lten_gegen_FC_Red_Bull_Salzburg_%2822._April_2017%29_39.jpg\/120px-SKN_St._P%C3%B6lten_gegen_FC_Red_Bull_Salzburg_%2822._April_2017%29_39.jpg%3Futm_source%3Dcommons.wikimedia.org%26utm_campaign%3Dimageinfo%26utm_content%3Dthumbnail\" decoding=\"async\" width=\"120\" height=\"101\" srcset=\"\/images\/thumb\/5\/52\/SKN_St._P%C3%B6lten_gegen_FC_Red_Bull_Salzburg_%2822._April_2017%29_39.jpg\/250px-SKN_St._P%C3%B6lten_gegen_FC_Red_Bull_Salzburg_%2822._April_2017%29_39.jpg%3Futm_source%3Dcommons.wikimedia.org%26utm_campaign%3Dimageinfo%26utm_content%3Dthumbnail 1.5x\" \/><\/a><\/div>\n<\/div>\n<div class=\"gallerytext\">\n\t\t\t<\/div>\n<\/p><\/div>\n<\/li>\n<\/ul>\n<p><img loading=\"lazy\" alt=\"\" src=\"\/images\/thumb\/4\/4a\/Commons-logo.svg\/langde-20px-Commons-logo.svg.png%3Futm_source%3Dcommons.wikimedia.org%26utm_campaign%3Dimageinfo%26utm_content%3Dthumbnail\" decoding=\"async\" title=\"Commons\" width=\"12\" height=\"16\" srcset=\"\/images\/thumb\/4\/4a\/Commons-logo.svg\/langde-40px-Commons-logo.svg.png%3Futm_source%3Dcommons.wikimedia.org%26utm_campaign%3Dimageinfo%26utm_content%3Dthumbnail 2x\" \/>&#160;<b><a href=\"http:\/\/commons.wikimedia.org\/wiki\/Category:SKN_St._P%C3%B6lten_gegen_FC_Red_Bull_Salzburg_(22._April_2017)\" class=\"extiw\" title=\"commons:Category:SKN St. P\u00f6lten gegen FC Red Bull Salzburg (22. April 2017)\">30. Runde, Saison 2016\/17, SKN St. P\u00f6lten gegen FC Red Bull Salzburg<\/a><\/b>&#160;\u2013 Sammlung von Bildern, Videos und Audiodateien auf <a href=\"\/Wikimedia_Commons\" title=\"Wikimedia Commons\">Wikimedia Commons<\/a>\n<\/p>\n<h2><span class=\"mw-headline\" id=\"Weblinks\">Weblinks<\/span><a href=\"\/index.php?title=30._Runde,_Saison_2016\/17,_SKN_St._P%C3%B6lten_gegen_FC_Red_Bull_Salzburg&amp;action=edit&amp;section=3\" title=\"Abschnitt bearbeiten: Weblinks\">Bearbeiten<\/a><span class=\"mw-editsection-bracket\">]<\/span><\/span><\/h2>\n<p><a rel=\"nofollow\" class=\"external text\" href=\"http:\/\/www.redbullsalzburg.at\/de\/fc-red-bull-salzburg\/news\/saison_2016_17\/2-1-sieg-der-roten-bullen-gegen-den-aufsteiger.html\">Spielbericht Vereinshomepage<\/a>\n<\/p>\n<h2><span class=\"mw-headline\" id=\"Stimmen_zum_Spiel\">Stimmen zum Spiel<\/span><a href=\"\/index.php?title=30._Runde,_Saison_2016\/17,_SKN_St._P%C3%B6lten_gegen_FC_Red_Bull_Salzburg&amp;action=edit&amp;section=4\" title=\"Abschnitt bearbeiten: Stimmen zum Spiel\">Bearbeiten<\/a><span class=\"mw-editsection-bracket\">]<\/span><\/span><\/h2>\n<p><b>Oscar Garcia: <\/b> Wir haben die ersten 20\u201330 Minuten auf sehr hohem Niveau gespielt und das gemacht, was wir uns vorgenommen hatten. Wir haben ein fr\u00fches Tor gemacht, jedoch danach vers\u00e4umt, nachzulegen. So w\u00e4re das weitere Spiel f\u00fcr uns ruhiger verlaufen. In der zweiten Halbzeit hat dann aber St. P\u00f6lten die bessere Leistung abgerufen, wozu man gratulieren muss. Wir sind aber gl\u00fccklich, dass Wanderson dieses wichtige Kontertor erzielt hat und wir somit gewonnen haben.\n<\/p>\n<p><b>Wanderson <\/b> Unser Gegner spielte gut und stand sehr kompakt. Wir wussten, dass es schwer wird und St. P\u00f6lten heute alles geben wird. Aber die drei Punkte z\u00e4hlen, und die nehmen wir heute mit nach Salzburg. Mein Tor war sch\u00f6n, ja. Aber das ist egal, Hauptsache, es hat meinem Team geholfen!\n<\/p>\n<\/div>\n","protected":false},"excerpt":{"rendered":"<p>FaktenBearbeiten] SKN St. P\u00f6lten gegen FC Red Bull Salzburg, 1:2 Spieltag Bundesliga &#8211; 30. Spieltag Datum 22. April 2017 Anpfiff 16 Uhr Aufstellung Tor Alexander Walke Verteidigung Christian Schwegler &#8211; Paulo Miranda &#8211; Andre Wisdom &#8211; Andreas Ulmer Mittelfeld Konrad Laimer &#8211; Marc Rzatkowski &#8211; Josip Radosevic &#8211; Valon Berisha Sturm Hee-Chan Hwang &#8211; Valentino [&hellip;]<\/p>\n","protected":false},"author":1,"featured_media":0,"comment_status":"open","ping_status":"open","sticky":false,"template":"","format":"standard","meta":{"footnotes":""},"categories":[1549],"tags":[],"class_list":["post-1965","post","type-post","status-publish","format-standard","hentry","category-30-runde-saison-2016"],"_links":{"self":[{"href":"https:\/\/wiki.s12.at\/index.php\/wp-json\/wp\/v2\/posts\/1965","targetHints":{"allow":["GET"]}}],"collection":[{"href":"https:\/\/wiki.s12.at\/index.php\/wp-json\/wp\/v2\/posts"}],"about":[{"href":"https:\/\/wiki.s12.at\/index.php\/wp-json\/wp\/v2\/types\/post"}],"author":[{"embeddable":true,"href":"https:\/\/wiki.s12.at\/index.php\/wp-json\/wp\/v2\/users\/1"}],"replies":[{"embeddable":true,"href":"https:\/\/wiki.s12.at\/index.php\/wp-json\/wp\/v2\/comments?post=1965"}],"version-history":[{"count":0,"href":"https:\/\/wiki.s12.at\/index.php\/wp-json\/wp\/v2\/posts\/1965\/revisions"}],"wp:attachment":[{"href":"https:\/\/wiki.s12.at\/index.php\/wp-json\/wp\/v2\/media?parent=1965"}],"wp:term":[{"taxonomy":"category","embeddable":true,"href":"https:\/\/wiki.s12.at\/index.php\/wp-json\/wp\/v2\/categories?post=1965"},{"taxonomy":"post_tag","embeddable":true,"href":"https:\/\/wiki.s12.at\/index.php\/wp-json\/wp\/v2\/tags?post=1965"}],"curies":[{"name":"wp","href":"https:\/\/api.w.org\/{rel}","templated":true}]}}