{"id":1963,"date":"2026-05-06T14:09:56","date_gmt":"2026-05-06T12:09:56","guid":{"rendered":"https:\/\/wiki.s12.at\/index.php\/2026\/05\/06\/30-runde-saison-2015-16-fc-red-bull-salzburg-gegen-admira-wacker-moedling\/"},"modified":"2026-05-06T14:09:56","modified_gmt":"2026-05-06T12:09:56","slug":"30-runde-saison-2015-16-fc-red-bull-salzburg-gegen-admira-wacker-moedling","status":"publish","type":"post","link":"https:\/\/wiki.s12.at\/index.php\/2026\/05\/06\/30-runde-saison-2015-16-fc-red-bull-salzburg-gegen-admira-wacker-moedling\/","title":{"rendered":"16 FC Red Bull Salzburg gegen Admira Wacker M\u00f6dling"},"content":{"rendered":"<div class=\"mw-parser-output\">\n<h2><span class=\"mw-headline\" id=\"Fakten\">Fakten<\/span><a href=\"\/index.php?title=30._Runde,_Saison_2015\/16_FC_Red_Bull_Salzburg_gegen_Admira_Wacker_M%C3%B6dling&amp;action=edit&amp;section=1\" title=\"Abschnitt bearbeiten: Fakten\">Bearbeiten<\/a><span class=\"mw-editsection-bracket\">]<\/span><\/span><\/h2>\n<table class=\"toptextcells toccolours\">\n<tbody>\n<tr>\n<th colspan=\"2\" style=\"text-align: center; vertical-align: top; padding: 0.3em 0.8em; font-size: 125%; background-color: lightsteelblue;\">FC Red Bull Salzburg gegen Admira Wacker M\u00f6dling, 1:0\n<\/th>\n<\/tr>\n<tr>\n<th style=\"text-align:left;\"><b>Spieltag<\/b>\n<\/th>\n<th style=\"text-align:left;\">Bundesliga &#8211; 30. Spieltag\n<\/th>\n<\/tr>\n<tr>\n<th style=\"text-align:left;\"><b>Datum<\/b>\n<\/th>\n<th style=\"text-align:left;\">10. April 2016\n<\/th>\n<\/tr>\n<tr>\n<th style=\"text-align:left;\"><b>Anpfiff<\/b>\n<\/th>\n<th style=\"text-align:left;\">16.30 Uhr\n<\/th>\n<\/tr>\n<tr>\n<td colspan=\"2\" style=\"text-align:center;\" bgcolor=\"lightgray\"><b>Aufstellung<\/b>\n<\/td>\n<\/tr>\n<tr>\n<th style=\"text-align:left;\"><b>Tor<\/b>\n<\/th>\n<th><a href=\"\/Alexander_Walke\" title=\"Alexander Walke\">Alexander Walke<\/a>\n<\/th>\n<\/tr>\n<tr>\n<th style=\"text-align:left;\"><b>Verteidigung<\/b>\n<\/th>\n<th><a href=\"\/Christian_Schwegler\" title=\"Christian Schwegler\">Christian Schwegler<\/a> &#8211; <a href=\"\/Paulo_Miranda\" title=\"Paulo Miranda\">Paulo Miranda<\/a> &#8211; <a href=\"\/Duje_Caleta-Car\" title=\"Duje Caleta-Car\">Duje Caleta-Car<\/a> &#8211; <a href=\"\/Andreas_Ulmer\" title=\"Andreas Ulmer\">Andreas Ulmer<\/a>\n<\/th>\n<\/tr>\n<tr>\n<th style=\"text-align:left;\"><b>Mittelfeld<\/b>\n<\/th>\n<th><a href=\"\/Valentino_Lazaro\" title=\"Valentino Lazaro\">Valentino Lazaro<\/a> &#8211; <a href=\"\/Bernardo\" title=\"Bernardo\">Bernardo<\/a> &#8211; <a href=\"\/Valon_Berisha\" title=\"Valon Berisha\">Valon Berisha<\/a> &#8211; <a href=\"\/Naby_Keita\" title=\"Naby Keita\">Naby Keita<\/a>\n<\/th>\n<\/tr>\n<tr>\n<th style=\"text-align:left;\"><b>Sturm<\/b>\n<\/th>\n<th><a href=\"\/Jonatan_Soriano\" title=\"Jonatan Soriano\">Jonatan Soriano<\/a> &#8211; <a href=\"\/Yordy_Reyna\" title=\"Yordy Reyna\">Yordy Reyna<\/a>\n<\/th>\n<\/tr>\n<tr>\n<td colspan=\"2\" style=\"text-align:center;\" bgcolor=\"lightgray\"><b>Wechsel<\/b>\n<\/td>\n<\/tr>\n<tr>\n<th style=\"text-align:left;\"><b>Wechsel<\/b>\n<\/th>\n<th style=\"text-align:left;\"><a href=\"\/Hee-Chan_Hwang\" title=\"Hee-Chan Hwang\">Hee-Chan Hwang<\/a> f\u00fcr Reyna (56.), <a href=\"\/Takumi_Minamino\" title=\"Takumi Minamino\">Takumi Minamino<\/a> f\u00fcr Lazaro (75.)\n<\/th>\n<\/tr>\n<tr>\n<td colspan=\"2\" style=\"text-align:center;\" bgcolor=\"lightgray\"><b>Statistik<\/b>\n<\/td>\n<\/tr>\n<tr>\n<th style=\"text-align:left;\"><b>Endstand<\/b>\n<\/th>\n<th style=\"text-align:left;\">1:0 (0:0)\n<\/th>\n<\/tr>\n<tr>\n<th style=\"text-align:left;\"><b>Torsch\u00fctzen<\/b>\n<\/th>\n<th style=\"text-align:left;\">Soriano (61.)\n<\/th>\n<\/tr>\n<tr>\n<th style=\"text-align:left;\"><b>Gelbe Karten<\/b>\n<\/th>\n<th style=\"text-align:left;\">\n<\/th>\n<\/tr>\n<tr>\n<th style=\"text-align:left;\"><b>Rote Karten<\/b>\n<\/th>\n<th style=\"text-align:left;\">\n<\/th>\n<\/tr>\n<tr>\n<th style=\"text-align:left;\"><b>Schiedsrichter<\/b>\n<\/th>\n<th style=\"text-align:left;\">Dominik Ouschan\n<\/th>\n<\/tr>\n<tr>\n<th style=\"text-align:left;\"><b>Stadion<\/b>\n<\/th>\n<th style=\"text-align:left;\">Red Bull Arena, Salzburg\n<\/th>\n<\/tr>\n<tr>\n<th style=\"text-align:left;\"><b>Zuschauer<\/b>\n<\/th>\n<th style=\"text-align:left;\">8 109\n<\/th>\n<\/tr>\n<\/tbody>\n<\/table>\n<ul>\n<li><a href=\"\/Andreas_Ulmer\" title=\"Andreas Ulmer\">Andi Ulmer<\/a> wurde heute vor dem dem Spiel vom ORF f\u00fcr das Tor des Monats M\u00e4rz (SV Gr\u00f6dig) geehrt.<\/li>\n<li><a href=\"\/Hee-Chan_Hwang\" title=\"Hee-Chan Hwang\">Hee-Chan Hwang<\/a> konnte mit seinem Assist beim 1:0 (Tor Soriano) heute seinen ersten Scorer-Punkt erzielen.<\/li>\n<\/ul>\n<h2><span class=\"mw-headline\" id=\"Weblinks\">Weblinks<\/span><a href=\"\/index.php?title=30._Runde,_Saison_2015\/16_FC_Red_Bull_Salzburg_gegen_Admira_Wacker_M%C3%B6dling&amp;action=edit&amp;section=2\" title=\"Abschnitt bearbeiten: Weblinks\">Bearbeiten<\/a><span class=\"mw-editsection-bracket\">]<\/span><\/span><\/h2>\n<p><a rel=\"nofollow\" class=\"external text\" href=\"http:\/\/www.redbullsalzburg.at\/de\/fc-red-bull-salzburg\/news\/saison_2015_16\/rote-bulle-gewinnen-heimspiel-gegen-admira-wacker-moedling.html\">Spielbericht Vereinshomepage<\/a>\n<\/p>\n<h2><span class=\"mw-headline\" id=\"Fotos\">Fotos<\/span><a href=\"\/index.php?title=30._Runde,_Saison_2015\/16_FC_Red_Bull_Salzburg_gegen_Admira_Wacker_M%C3%B6dling&amp;action=edit&amp;section=3\" title=\"Abschnitt bearbeiten: Fotos\">Bearbeiten<\/a><span class=\"mw-editsection-bracket\">]<\/span><\/span><\/h2>\n<ul class=\"gallery mw-gallery-traditional\">\n<li class=\"gallerybox\" style=\"width: 155px\">\n<div style=\"width: 155px\">\n<div class=\"thumb\" style=\"width: 150px;\">\n<div style=\"margin:15px auto;\"><a href=\"\/Datei:FC_RB_Salzburg_versus_Admira_Wacker_M%C3%B6dling_(10._April_2016)_02.JPG\" class=\"image\"><img alt=\"FC RB Salzburg versus Admira Wacker M\u00f6dling (10. April 2016) 02.JPG\" src=\"\/images\/thumb\/1\/1a\/FC_RB_Salzburg_versus_Admira_Wacker_M%C3%B6dling_%2810._April_2016%29_02.JPG\/120px-FC_RB_Salzburg_versus_Admira_Wacker_M%C3%B6dling_%2810._April_2016%29_02.JPG%3Futm_source%3Dcommons.wikimedia.org%26utm_campaign%3Dimageinfo%26utm_content%3Dthumbnail\" decoding=\"async\" width=\"106\" height=\"120\" srcset=\"\/images\/thumb\/1\/1a\/FC_RB_Salzburg_versus_Admira_Wacker_M%C3%B6dling_%2810._April_2016%29_02.JPG\/250px-FC_RB_Salzburg_versus_Admira_Wacker_M%C3%B6dling_%2810._April_2016%29_02.JPG%3Futm_source%3Dcommons.wikimedia.org%26utm_campaign%3Dimageinfo%26utm_content%3Dthumbnail 1.5x\" \/><\/a><\/div>\n<\/div>\n<div class=\"gallerytext\">\n\t\t\t<\/div>\n<\/p><\/div>\n<\/li>\n<li class=\"gallerybox\" style=\"width: 155px\">\n<div style=\"width: 155px\">\n<div class=\"thumb\" style=\"width: 150px;\">\n<div style=\"margin:23.5px auto;\"><a href=\"\/Datei:FC_RB_Salzburg_versus_Admira_Wacker_M%C3%B6dling_(10._April_2016)_11.JPG\" class=\"image\"><img alt=\"FC RB Salzburg versus Admira Wacker M\u00f6dling (10. April 2016) 11.JPG\" src=\"\/images\/thumb\/0\/07\/FC_RB_Salzburg_versus_Admira_Wacker_M%C3%B6dling_%2810._April_2016%29_11.JPG\/120px-FC_RB_Salzburg_versus_Admira_Wacker_M%C3%B6dling_%2810._April_2016%29_11.JPG%3Futm_source%3Dcommons.wikimedia.org%26utm_campaign%3Dimageinfo%26utm_content%3Dthumbnail\" decoding=\"async\" width=\"120\" height=\"103\" srcset=\"\/images\/thumb\/0\/07\/FC_RB_Salzburg_versus_Admira_Wacker_M%C3%B6dling_%2810._April_2016%29_11.JPG\/250px-FC_RB_Salzburg_versus_Admira_Wacker_M%C3%B6dling_%2810._April_2016%29_11.JPG%3Futm_source%3Dcommons.wikimedia.org%26utm_campaign%3Dimageinfo%26utm_content%3Dthumbnail 1.5x\" \/><\/a><\/div>\n<\/div>\n<div class=\"gallerytext\">\n\t\t\t<\/div>\n<\/p><\/div>\n<\/li>\n<li class=\"gallerybox\" style=\"width: 155px\">\n<div style=\"width: 155px\">\n<div class=\"thumb\" style=\"width: 150px;\">\n<div style=\"margin:15px auto;\"><a href=\"\/Datei:FC_RB_Salzburg_versus_Admira_Wacker_M%C3%B6dling_(10._April_2016)_17.JPG\" class=\"image\"><img alt=\"FC RB Salzburg versus Admira Wacker M\u00f6dling (10. April 2016) 17.JPG\" src=\"\/images\/thumb\/4\/4c\/FC_RB_Salzburg_versus_Admira_Wacker_M%C3%B6dling_%2810._April_2016%29_17.JPG\/120px-FC_RB_Salzburg_versus_Admira_Wacker_M%C3%B6dling_%2810._April_2016%29_17.JPG%3Futm_source%3Dcommons.wikimedia.org%26utm_campaign%3Dimageinfo%26utm_content%3Dthumbnail\" decoding=\"async\" width=\"63\" height=\"120\" srcset=\"\/images\/thumb\/4\/4c\/FC_RB_Salzburg_versus_Admira_Wacker_M%C3%B6dling_%2810._April_2016%29_17.JPG\/250px-FC_RB_Salzburg_versus_Admira_Wacker_M%C3%B6dling_%2810._April_2016%29_17.JPG%3Futm_source%3Dcommons.wikimedia.org%26utm_campaign%3Dimageinfo%26utm_content%3Dthumbnail 2x\" \/><\/a><\/div>\n<\/div>\n<div class=\"gallerytext\">\n\t\t\t<\/div>\n<\/p><\/div>\n<\/li>\n<li class=\"gallerybox\" style=\"width: 155px\">\n<div style=\"width: 155px\">\n<div class=\"thumb\" style=\"width: 150px;\">\n<div style=\"margin:15px auto;\"><a href=\"\/Datei:FC_RB_Salzburg_versus_Admira_Wacker_M%C3%B6dling_(10._April_2016)_20.JPG\" class=\"image\"><img loading=\"lazy\" alt=\"FC RB Salzburg versus Admira Wacker M\u00f6dling (10. April 2016) 20.JPG\" src=\"\/images\/thumb\/a\/a8\/FC_RB_Salzburg_versus_Admira_Wacker_M%C3%B6dling_%2810._April_2016%29_20.JPG\/120px-FC_RB_Salzburg_versus_Admira_Wacker_M%C3%B6dling_%2810._April_2016%29_20.JPG%3Futm_source%3Dcommons.wikimedia.org%26utm_campaign%3Dimageinfo%26utm_content%3Dthumbnail\" decoding=\"async\" width=\"108\" height=\"120\" srcset=\"\/images\/thumb\/a\/a8\/FC_RB_Salzburg_versus_Admira_Wacker_M%C3%B6dling_%2810._April_2016%29_20.JPG\/250px-FC_RB_Salzburg_versus_Admira_Wacker_M%C3%B6dling_%2810._April_2016%29_20.JPG%3Futm_source%3Dcommons.wikimedia.org%26utm_campaign%3Dimageinfo%26utm_content%3Dthumbnail 1.5x\" \/><\/a><\/div>\n<\/div>\n<div class=\"gallerytext\">\n\t\t\t<\/div>\n<\/p><\/div>\n<\/li>\n<li class=\"gallerybox\" style=\"width: 155px\">\n<div style=\"width: 155px\">\n<div class=\"thumb\" style=\"width: 150px;\">\n<div style=\"margin:25.5px auto;\"><a href=\"\/Datei:FC_RB_Salzburg_versus_Admira_Wacker_M%C3%B6dling_(10._April_2016)_08.JPG\" class=\"image\"><img loading=\"lazy\" alt=\"FC RB Salzburg versus Admira Wacker M\u00f6dling (10. April 2016) 08.JPG\" src=\"\/images\/thumb\/b\/b3\/FC_RB_Salzburg_versus_Admira_Wacker_M%C3%B6dling_%2810._April_2016%29_08.JPG\/120px-FC_RB_Salzburg_versus_Admira_Wacker_M%C3%B6dling_%2810._April_2016%29_08.JPG%3Futm_source%3Dcommons.wikimedia.org%26utm_campaign%3Dimageinfo%26utm_content%3Dthumbnail\" decoding=\"async\" width=\"120\" height=\"99\" srcset=\"\/images\/thumb\/b\/b3\/FC_RB_Salzburg_versus_Admira_Wacker_M%C3%B6dling_%2810._April_2016%29_08.JPG\/250px-FC_RB_Salzburg_versus_Admira_Wacker_M%C3%B6dling_%2810._April_2016%29_08.JPG%3Futm_source%3Dcommons.wikimedia.org%26utm_campaign%3Dimageinfo%26utm_content%3Dthumbnail 1.5x\" \/><\/a><\/div>\n<\/div>\n<div class=\"gallerytext\">\n\t\t\t<\/div>\n<\/p><\/div>\n<\/li>\n<\/ul>\n<p><img loading=\"lazy\" alt=\"\" src=\"\/images\/thumb\/4\/4a\/Commons-logo.svg\/langde-20px-Commons-logo.svg.png%3Futm_source%3Dcommons.wikimedia.org%26utm_campaign%3Dimageinfo%26utm_content%3Dthumbnail\" decoding=\"async\" title=\"Commons\" width=\"12\" height=\"16\" srcset=\"\/images\/thumb\/4\/4a\/Commons-logo.svg\/langde-40px-Commons-logo.svg.png%3Futm_source%3Dcommons.wikimedia.org%26utm_campaign%3Dimageinfo%26utm_content%3Dthumbnail 2x\" \/>&#160;<b><a href=\"http:\/\/commons.wikimedia.org\/wiki\/Category:FC_Red_Bull_Salzburg_gegen_Admira_Wacker_M%C3%B6dling_(10._April_2016)\" class=\"extiw\" title=\"commons:Category:FC Red Bull Salzburg gegen Admira Wacker M\u00f6dling (10. April 2016)\">30. Runde, Saison 2015\/16 FC Red Bull Salzburg gegen Admira Wacker M\u00f6dling<\/a><\/b>&#160;\u2013 Sammlung von Bildern, Videos und Audiodateien auf <a href=\"\/Wikimedia_Commons\" title=\"Wikimedia Commons\">Wikimedia Commons<\/a>\n<\/p>\n<h2><span class=\"mw-headline\" id=\"Stimmen_zum_Spiel\">Stimmen zum Spiel<\/span><a href=\"\/index.php?title=30._Runde,_Saison_2015\/16_FC_Red_Bull_Salzburg_gegen_Admira_Wacker_M%C3%B6dling&amp;action=edit&amp;section=4\" title=\"Abschnitt bearbeiten: Stimmen zum Spiel\">Bearbeiten<\/a><span class=\"mw-editsection-bracket\">]<\/span><\/span><\/h2>\n<p><b>Oscar Garcia:<\/b> Wir wussten, dass es nicht einfach wird, denn die Admira hatte einen guten Lauf. Wir versuchen, den Kader so zu ver\u00e4ndern, um f\u00fcr den Gegner nicht allzu vorhersehbar zu sein. Ich bin mit der Leistung der Mannschaft heute zufrieden und unsere Torschuss-Quote mit 17 Sch\u00fcssen war beachtlich. Am Ende hat Jonatan Soriano den Unterschied ausgemacht, und das macht ihn so besonders. Aber auch der Rest der Mannschaft hat mir heute sehr gut gefallen. Wir haben unseren Teil erf\u00fcllt, m\u00fcssen auf uns schauen und uns von Spiel zu Spiel konzentrieren.\n<\/p>\n<p>\n<b>Jonatan Soriano:<\/b> Heute war es sehr schwer, gegen die Admira zu spielen, denn sie waren ein unangenehmer Gegner. F\u00fcr uns ist nur wichtig, dass wir die drei Punkte geholt haben. Nur das z\u00e4hlt. Wir d\u00fcrfen uns in den letzten sechs Spielen nicht aus der Ruhe bringen lassen.\n<\/p>\n<p><b>Valon Berisha:<\/b> Es war ein ausgeglichenes Spiel, beide Mannschaften wollten nach vorne spielen, aber der Gegner hatte kaum eine Torchance. Wir haben aber die drei Punkte geholt und auch verdient gewonnen. Es war ein sehr wichtiger Sieg heute, denn die Admira hat auch heute wieder bewiesen, dass sie eine gute Mannschaft ist.\n<\/p>\n<\/div>\n","protected":false},"excerpt":{"rendered":"<p>FaktenBearbeiten] FC Red Bull Salzburg gegen Admira Wacker M\u00f6dling, 1:0 Spieltag Bundesliga &#8211; 30. Spieltag Datum 10. April 2016 Anpfiff 16.30 Uhr Aufstellung Tor Alexander Walke Verteidigung Christian Schwegler &#8211; Paulo Miranda &#8211; Duje Caleta-Car &#8211; Andreas Ulmer Mittelfeld Valentino Lazaro &#8211; Bernardo &#8211; Valon Berisha &#8211; Naby Keita Sturm Jonatan Soriano &#8211; Yordy Reyna [&hellip;]<\/p>\n","protected":false},"author":1,"featured_media":0,"comment_status":"open","ping_status":"open","sticky":false,"template":"","format":"standard","meta":{"footnotes":""},"categories":[1548],"tags":[],"class_list":["post-1963","post","type-post","status-publish","format-standard","hentry","category-30-runde-saison-2015"],"_links":{"self":[{"href":"https:\/\/wiki.s12.at\/index.php\/wp-json\/wp\/v2\/posts\/1963","targetHints":{"allow":["GET"]}}],"collection":[{"href":"https:\/\/wiki.s12.at\/index.php\/wp-json\/wp\/v2\/posts"}],"about":[{"href":"https:\/\/wiki.s12.at\/index.php\/wp-json\/wp\/v2\/types\/post"}],"author":[{"embeddable":true,"href":"https:\/\/wiki.s12.at\/index.php\/wp-json\/wp\/v2\/users\/1"}],"replies":[{"embeddable":true,"href":"https:\/\/wiki.s12.at\/index.php\/wp-json\/wp\/v2\/comments?post=1963"}],"version-history":[{"count":0,"href":"https:\/\/wiki.s12.at\/index.php\/wp-json\/wp\/v2\/posts\/1963\/revisions"}],"wp:attachment":[{"href":"https:\/\/wiki.s12.at\/index.php\/wp-json\/wp\/v2\/media?parent=1963"}],"wp:term":[{"taxonomy":"category","embeddable":true,"href":"https:\/\/wiki.s12.at\/index.php\/wp-json\/wp\/v2\/categories?post=1963"},{"taxonomy":"post_tag","embeddable":true,"href":"https:\/\/wiki.s12.at\/index.php\/wp-json\/wp\/v2\/tags?post=1963"}],"curies":[{"name":"wp","href":"https:\/\/api.w.org\/{rel}","templated":true}]}}