{"id":1955,"date":"2026-05-06T14:09:12","date_gmt":"2026-05-06T12:09:12","guid":{"rendered":"https:\/\/wiki.s12.at\/index.php\/2026\/05\/06\/30-runde-saison-2010-11-rbs-vs-fcw\/"},"modified":"2026-05-06T14:09:12","modified_gmt":"2026-05-06T12:09:12","slug":"30-runde-saison-2010-11-rbs-vs-fcw","status":"publish","type":"post","link":"https:\/\/wiki.s12.at\/index.php\/2026\/05\/06\/30-runde-saison-2010-11-rbs-vs-fcw\/","title":{"rendered":"11, RBS vs FCW"},"content":{"rendered":"<div class=\"mw-parser-output\">\n<h3><span class=\"mw-headline\" id=\"Fakten\">Fakten<\/span><a href=\"\/index.php?title=30._Runde,_Saison_2010\/11,_RBS_vs_FCW&amp;action=edit&amp;section=1\" title=\"Abschnitt bearbeiten: Fakten\">Bearbeiten<\/a><span class=\"mw-editsection-bracket\">]<\/span><\/span><\/h3>\n<p><b>Bundesliga &#8211; 30. Spieltag: 23.04.2011<\/b><br \/>\n\n<\/p>\n<table class=\"wikitable\">\n<caption><b><big>Red Bull Salzburg gegen FC Wacker Innsbruck<\/big><\/b><br \/>\n<\/caption>\n<tbody>\n<tr>\n<td>Aufstellung:<\/td>\n<td><a href=\"\/Eddie_Gustafsson\" title=\"Eddie Gustafsson\">Eddie Gustafsson<\/a>\n<\/td>\n<\/tr>\n<tr>\n<td><\/td>\n<td><a href=\"\/Laszlo_Bodnar\" title=\"Laszlo Bodnar\">Laszlo Bodnar<\/a>, <a href=\"\/Milan_Dudic\" class=\"mw-redirect\" title=\"Milan Dudic\">Milan Dudic<\/a>, <a href=\"\/Rabiu_Afolabi\" title=\"Rabiu Afolabi\">Rabiu Afolabi<\/a>, <a href=\"\/Dusan_Svento\" class=\"mw-redirect\" title=\"Dusan Svento\">Dusan Svento<\/a>\n<\/td>\n<\/tr>\n<tr>\n<td><\/td>\n<td><a href=\"\/David_Mendes\" title=\"David Mendes\">David Mendes<\/a>, <a href=\"\/Christoph_Leitgeb\" title=\"Christoph Leitgeb\">Christoph Leitgeb<\/a>, <a href=\"\/Georg_Teigl\" title=\"Georg Teigl\">Georg Teigl<\/a>, <a href=\"\/Nikola_Pokrivac\" class=\"mw-redirect\" title=\"Nikola Pokrivac\">Nikola Pokrivac<\/a>, <a href=\"\/Gonzalo_Zarate\" title=\"Gonzalo Zarate\">Gonzalo Zarate<\/a>\n<\/td>\n<\/tr>\n<tr>\n<td><\/td>\n<td><a href=\"\/Alan\" title=\"Alan\">Alan<\/a>\n<\/td>\n<\/tr>\n<tr>\n<td>Wechsel:<\/td>\n<td><a href=\"\/Roman_Wallner\" title=\"Roman Wallner\">Roman Wallner <\/a> f\u00fcr David Mendes (46.), <a href=\"\/Joaquin_Boghossian\" title=\"Joaquin Boghossian\">Joaquin Boghossian<\/a> f\u00fcr Dudic (60.), <a href=\"\/Ibrahim_Sekagya\" title=\"Ibrahim Sekagya\">Ibrahim Sekagya<\/a> f\u00fcr Alan (68.)\n<\/td>\n<\/tr>\n<tr>\n<td>Endstand:<\/td>\n<td>2:3 (2:1)\n<\/td>\n<\/tr>\n<tr>\n<td>Torsch\u00fctzen:<\/td>\n<td>Perstaller (9., 55.), Dudic (19.), Zarate (23.), Merino (62.)\n<\/td>\n<\/tr>\n<tr>\n<td>Gelbe Karten:<\/td>\n<td>Dudic (80.); Bergmann (63.)\n<\/td>\n<\/tr>\n<tr>\n<td>Gelb-rote Karten:<\/td>\n<td>\n<\/td>\n<\/tr>\n<tr>\n<td>Rote Karten:<\/td>\n<td>\n<\/td>\n<\/tr>\n<tr>\n<td>Schiedsrichter:<\/td>\n<td>Christian Dintar\n<\/td>\n<\/tr>\n<tr>\n<td>Stadion:<\/td>\n<td>Red Bull Arena, Salzburg\n<\/td>\n<\/tr>\n<tr>\n<td>Zuschauer:<\/td>\n<td>12.100\n<\/td>\n<\/tr>\n<\/tbody>\n<\/table>\n<h2><span class=\"mw-headline\" id=\"Bilder\">Bilder<\/span><a href=\"\/index.php?title=30._Runde,_Saison_2010\/11,_RBS_vs_FCW&amp;action=edit&amp;section=2\" title=\"Abschnitt bearbeiten: Bilder\">Bearbeiten<\/a><span class=\"mw-editsection-bracket\">]<\/span><\/span><\/h2>\n<ul class=\"gallery mw-gallery-traditional\">\n<li class=\"gallerybox\" style=\"width: 155px\">\n<div style=\"width: 155px\">\n<div class=\"thumb\" style=\"width: 150px;\">\n<div style=\"margin:15px auto;\"><a href=\"\/Datei:Dusan_Svento_Ricardo_Moniz.JPG\" class=\"image\"><img alt=\"Dusan Svento Ricardo Moniz.JPG\" src=\"\/images\/thumb\/c\/c1\/Dusan_Svento_Ricardo_Moniz.JPG\/120px-Dusan_Svento_Ricardo_Moniz.JPG%3Futm_source%3Dcommons.wikimedia.org%26utm_campaign%3Dimageinfo%26utm_content%3Dthumbnail\" decoding=\"async\" width=\"116\" height=\"120\" srcset=\"\/images\/thumb\/c\/c1\/Dusan_Svento_Ricardo_Moniz.JPG\/250px-Dusan_Svento_Ricardo_Moniz.JPG%3Futm_source%3Dcommons.wikimedia.org%26utm_campaign%3Dimageinfo%26utm_content%3Dthumbnail 1.5x\" \/><\/a><\/div>\n<\/div>\n<div class=\"gallerytext\">\n\t\t\t<\/div>\n<\/p><\/div>\n<\/li>\n<li class=\"gallerybox\" style=\"width: 155px\">\n<div style=\"width: 155px\">\n<div class=\"thumb\" style=\"width: 150px;\">\n<div style=\"margin:31px auto;\"><a href=\"\/Datei:RBS-Wacker_Innsbruck.JPG\" class=\"image\"><img alt=\"RBS-Wacker Innsbruck.JPG\" src=\"\/images\/thumb\/5\/5d\/RBS-Wacker_Innsbruck.JPG\/120px-RBS-Wacker_Innsbruck.JPG%3Futm_source%3Dcommons.wikimedia.org%26utm_campaign%3Dimageinfo%26utm_content%3Dthumbnail\" decoding=\"async\" width=\"120\" height=\"88\" srcset=\"\/images\/thumb\/5\/5d\/RBS-Wacker_Innsbruck.JPG\/250px-RBS-Wacker_Innsbruck.JPG%3Futm_source%3Dcommons.wikimedia.org%26utm_campaign%3Dimageinfo%26utm_content%3Dthumbnail 1.5x\" \/><\/a><\/div>\n<\/div>\n<div class=\"gallerytext\">\n\t\t\t<\/div>\n<\/p><\/div>\n<\/li>\n<li class=\"gallerybox\" style=\"width: 155px\">\n<div style=\"width: 155px\">\n<div class=\"thumb\" style=\"width: 150px;\">\n<div style=\"margin:15px auto;\"><a href=\"\/Datei:Salzburg_gegen_Innsbruck12.JPG\" class=\"image\"><img alt=\"Salzburg gegen Innsbruck12.JPG\" src=\"\/images\/thumb\/f\/fb\/Salzburg_gegen_Innsbruck12.JPG\/120px-Salzburg_gegen_Innsbruck12.JPG%3Futm_source%3Dcommons.wikimedia.org%26utm_campaign%3Dimageinfo%26utm_content%3Dthumbnail\" decoding=\"async\" width=\"112\" height=\"120\" srcset=\"\/images\/thumb\/f\/fb\/Salzburg_gegen_Innsbruck12.JPG\/250px-Salzburg_gegen_Innsbruck12.JPG%3Futm_source%3Dcommons.wikimedia.org%26utm_campaign%3Dimageinfo%26utm_content%3Dthumbnail 1.5x\" \/><\/a><\/div>\n<\/div>\n<div class=\"gallerytext\">\n\t\t\t<\/div>\n<\/p><\/div>\n<\/li>\n<li class=\"gallerybox\" style=\"width: 155px\">\n<div style=\"width: 155px\">\n<div class=\"thumb\" style=\"width: 150px;\">\n<div style=\"margin:15px auto;\"><a href=\"\/Datei:Salzburg_vs.Innsbruck11.JPG\" class=\"image\"><img loading=\"lazy\" alt=\"Salzburg vs.Innsbruck11.JPG\" src=\"\/images\/thumb\/d\/d5\/Salzburg_vs.Innsbruck11.JPG\/120px-Salzburg_vs.Innsbruck11.JPG%3Futm_source%3Dcommons.wikimedia.org%26utm_campaign%3Dimageinfo%26utm_content%3Dthumbnail\" decoding=\"async\" width=\"101\" height=\"120\" srcset=\"\/images\/thumb\/d\/d5\/Salzburg_vs.Innsbruck11.JPG\/250px-Salzburg_vs.Innsbruck11.JPG%3Futm_source%3Dcommons.wikimedia.org%26utm_campaign%3Dimageinfo%26utm_content%3Dthumbnail 1.5x\" \/><\/a><\/div>\n<\/div>\n<div class=\"gallerytext\">\n\t\t\t<\/div>\n<\/p><\/div>\n<\/li>\n<li class=\"gallerybox\" style=\"width: 155px\">\n<div style=\"width: 155px\">\n<div class=\"thumb\" style=\"width: 150px;\">\n<div style=\"margin:15px auto;\"><a href=\"\/Datei:Milan_Dudic_is_celebrating_his_equalizer_1-1.JPG\" class=\"image\"><img loading=\"lazy\" alt=\"Milan Dudic is celebrating his equalizer 1-1.JPG\" src=\"\/images\/thumb\/4\/42\/Milan_Dudic_is_celebrating_his_equalizer_1-1.JPG\/120px-Milan_Dudic_is_celebrating_his_equalizer_1-1.JPG%3Futm_source%3Dcommons.wikimedia.org%26utm_campaign%3Dimageinfo%26utm_content%3Dthumbnail\" decoding=\"async\" width=\"91\" height=\"120\" srcset=\"\/images\/thumb\/4\/42\/Milan_Dudic_is_celebrating_his_equalizer_1-1.JPG\/250px-Milan_Dudic_is_celebrating_his_equalizer_1-1.JPG%3Futm_source%3Dcommons.wikimedia.org%26utm_campaign%3Dimageinfo%26utm_content%3Dthumbnail 1.5x\" \/><\/a><\/div>\n<\/div>\n<div class=\"gallerytext\">\n\t\t\t<\/div>\n<\/p><\/div>\n<\/li>\n<li class=\"gallerybox\" style=\"width: 155px\">\n<div style=\"width: 155px\">\n<div class=\"thumb\" style=\"width: 150px;\">\n<div style=\"margin:37.5px auto;\"><a href=\"\/Datei:RBS_vs.Innsbruck8.JPG\" class=\"image\"><img loading=\"lazy\" alt=\"RBS vs.Innsbruck8.JPG\" src=\"\/images\/thumb\/5\/56\/RBS_vs.Innsbruck8.JPG\/120px-RBS_vs.Innsbruck8.JPG%3Futm_source%3Dcommons.wikimedia.org%26utm_campaign%3Dimageinfo%26utm_content%3Dthumbnail\" decoding=\"async\" width=\"120\" height=\"75\" srcset=\"\/images\/thumb\/5\/56\/RBS_vs.Innsbruck8.JPG\/250px-RBS_vs.Innsbruck8.JPG%3Futm_source%3Dcommons.wikimedia.org%26utm_campaign%3Dimageinfo%26utm_content%3Dthumbnail 1.5x\" \/><\/a><\/div>\n<\/div>\n<div class=\"gallerytext\">\n\t\t\t<\/div>\n<\/p><\/div>\n<\/li>\n<li class=\"gallerybox\" style=\"width: 155px\">\n<div style=\"width: 155px\">\n<div class=\"thumb\" style=\"width: 150px;\">\n<div style=\"margin:50.5px auto;\"><a href=\"\/Datei:Salzburg_vs._Innsbruck15.JPG\" class=\"image\"><img loading=\"lazy\" alt=\"Salzburg vs. Innsbruck15.JPG\" src=\"\/images\/thumb\/b\/b8\/Salzburg_vs._Innsbruck15.JPG\/120px-Salzburg_vs._Innsbruck15.JPG%3Futm_source%3Dcommons.wikimedia.org%26utm_campaign%3Dimageinfo%26utm_content%3Dthumbnail\" decoding=\"async\" width=\"120\" height=\"49\" srcset=\"\/images\/thumb\/b\/b8\/Salzburg_vs._Innsbruck15.JPG\/250px-Salzburg_vs._Innsbruck15.JPG%3Futm_source%3Dcommons.wikimedia.org%26utm_campaign%3Dimageinfo%26utm_content%3Dthumbnail 1.5x\" \/><\/a><\/div>\n<\/div>\n<div class=\"gallerytext\">\n\t\t\t<\/div>\n<\/p><\/div>\n<\/li>\n<li class=\"gallerybox\" style=\"width: 155px\">\n<div style=\"width: 155px\">\n<div class=\"thumb\" style=\"width: 150px;\">\n<div style=\"margin:37.5px auto;\"><a href=\"\/Datei:Salzburg_vs._Innsbruck6.JPG\" class=\"image\"><img loading=\"lazy\" alt=\"Salzburg vs. Innsbruck6.JPG\" src=\"\/images\/thumb\/5\/57\/Salzburg_vs._Innsbruck6.JPG\/120px-Salzburg_vs._Innsbruck6.JPG%3Futm_source%3Dcommons.wikimedia.org%26utm_campaign%3Dimageinfo%26utm_content%3Dthumbnail\" decoding=\"async\" width=\"120\" height=\"75\" srcset=\"\/images\/thumb\/5\/57\/Salzburg_vs._Innsbruck6.JPG\/250px-Salzburg_vs._Innsbruck6.JPG%3Futm_source%3Dcommons.wikimedia.org%26utm_campaign%3Dimageinfo%26utm_content%3Dthumbnail 1.5x\" \/><\/a><\/div>\n<\/div>\n<div class=\"gallerytext\">\n\t\t\t<\/div>\n<\/p><\/div>\n<\/li>\n<\/ul>\n<\/div>\n","protected":false},"excerpt":{"rendered":"<p>FaktenBearbeiten] Bundesliga &#8211; 30. Spieltag: 23.04.2011 Red Bull Salzburg gegen FC Wacker Innsbruck Aufstellung: Eddie Gustafsson Laszlo Bodnar, Milan Dudic, Rabiu Afolabi, Dusan Svento David Mendes, Christoph Leitgeb, Georg Teigl, Nikola Pokrivac, Gonzalo Zarate Alan Wechsel: Roman Wallner f\u00fcr David Mendes (46.), Joaquin Boghossian f\u00fcr Dudic (60.), Ibrahim Sekagya f\u00fcr Alan (68.) Endstand: 2:3 (2:1) [&hellip;]<\/p>\n","protected":false},"author":1,"featured_media":0,"comment_status":"open","ping_status":"open","sticky":false,"template":"","format":"standard","meta":{"footnotes":""},"categories":[1543],"tags":[],"class_list":["post-1955","post","type-post","status-publish","format-standard","hentry","category-30-runde-saison-2010"],"_links":{"self":[{"href":"https:\/\/wiki.s12.at\/index.php\/wp-json\/wp\/v2\/posts\/1955","targetHints":{"allow":["GET"]}}],"collection":[{"href":"https:\/\/wiki.s12.at\/index.php\/wp-json\/wp\/v2\/posts"}],"about":[{"href":"https:\/\/wiki.s12.at\/index.php\/wp-json\/wp\/v2\/types\/post"}],"author":[{"embeddable":true,"href":"https:\/\/wiki.s12.at\/index.php\/wp-json\/wp\/v2\/users\/1"}],"replies":[{"embeddable":true,"href":"https:\/\/wiki.s12.at\/index.php\/wp-json\/wp\/v2\/comments?post=1955"}],"version-history":[{"count":0,"href":"https:\/\/wiki.s12.at\/index.php\/wp-json\/wp\/v2\/posts\/1955\/revisions"}],"wp:attachment":[{"href":"https:\/\/wiki.s12.at\/index.php\/wp-json\/wp\/v2\/media?parent=1955"}],"wp:term":[{"taxonomy":"category","embeddable":true,"href":"https:\/\/wiki.s12.at\/index.php\/wp-json\/wp\/v2\/categories?post=1955"},{"taxonomy":"post_tag","embeddable":true,"href":"https:\/\/wiki.s12.at\/index.php\/wp-json\/wp\/v2\/tags?post=1955"}],"curies":[{"name":"wp","href":"https:\/\/api.w.org\/{rel}","templated":true}]}}