{"id":194,"date":"2026-05-06T12:56:35","date_gmt":"2026-05-06T10:56:35","guid":{"rendered":"http:\/\/wiki.s12.at\/index.php\/2026\/05\/06\/10-runde-saison-2017-18fc-red-bull-salzburg-gegen-wolfsberger-ac\/"},"modified":"2026-05-06T12:56:35","modified_gmt":"2026-05-06T10:56:35","slug":"10-runde-saison-2017-18fc-red-bull-salzburg-gegen-wolfsberger-ac","status":"publish","type":"post","link":"https:\/\/wiki.s12.at\/index.php\/2026\/05\/06\/10-runde-saison-2017-18fc-red-bull-salzburg-gegen-wolfsberger-ac\/","title":{"rendered":"18,FC Red Bull Salzburg gegen Wolfsberger AC"},"content":{"rendered":"<div class=\"mw-parser-output\">\n<h2><span class=\"mw-headline\" id=\"Fakten\">Fakten<\/span><a href=\"\/index.php?title=10._Runde,_Saison_2017\/18,FC_Red_Bull_Salzburg_gegen_Wolfsberger_AC&amp;action=edit&amp;section=1\" title=\"Abschnitt bearbeiten: Fakten\">Bearbeiten<\/a><span class=\"mw-editsection-bracket\">]<\/span><\/span><\/h2>\n<table class=\"toptextcells toccolours\">\n<tbody>\n<tr>\n<th colspan=\"2\" style=\"text-align: center; vertical-align: top; padding: 0.3em 0.8em; font-size: 125%; background-color: lightsteelblue;\">FC Red Bull Salzburg gegen Wolfsberger AC, 2:1\n<\/th>\n<\/tr>\n<tr>\n<th style=\"text-align:left;\"><b>Spieltag<\/b>\n<\/th>\n<th style=\"text-align:left;\">Bundesliga &#8211; 10. Spieltag\n<\/th>\n<\/tr>\n<tr>\n<th style=\"text-align:left;\"><b>Datum<\/b>\n<\/th>\n<th style=\"text-align:left;\">1. Oktober 2017\n<\/th>\n<\/tr>\n<tr>\n<th style=\"text-align:left;\"><b>Anpfiff<\/b>\n<\/th>\n<th style=\"text-align:left;\">19 Uhr\n<\/th>\n<\/tr>\n<tr>\n<td colspan=\"2\" style=\"text-align:center;\" bgcolor=\"lightgray\"><b>Aufstellung<\/b>\n<\/td>\n<\/tr>\n<tr>\n<th style=\"text-align:left;\"><b>Tor<\/b>\n<\/th>\n<th><a href=\"\/Alexander_Walke\" title=\"Alexander Walke\">Alexander Walke<\/a>\n<\/th>\n<\/tr>\n<tr>\n<th style=\"text-align:left;\"><b>Verteidigung<\/b>\n<\/th>\n<th><a href=\"\/Stefan_Lainer\" title=\"Stefan Lainer\">Stefan Lainer<\/a> &#8211; <a href=\"\/Paulo_Miranda\" title=\"Paulo Miranda\">Paulo Miranda<\/a> &#8211; <a href=\"\/Duje_Caleta-Car\" title=\"Duje Caleta-Car\">Duje Caleta-Car<\/a> &#8211; <a href=\"\/Andreas_Ulmer\" title=\"Andreas Ulmer\">Andreas Ulmer<\/a>\n<\/th>\n<\/tr>\n<tr>\n<th style=\"text-align:left;\"><b>Mittelfeld<\/b>\n<\/th>\n<th><a href=\"\/Amadou_Haidara\" title=\"Amadou Haidara\">Amadou Haidara<\/a> &#8211; <a href=\"\/Diadie_Samassekou\" title=\"Diadie Samassekou\">Diadie Samassekou<\/a> &#8211; <a href=\"\/Valon_Berisha\" title=\"Valon Berisha\">Valon Berisha<\/a>&#8211; <a href=\"\/Xaver_Schlager\" title=\"Xaver Schlager\">Xaver Schlager<\/a>\n<\/th>\n<\/tr>\n<tr>\n<th style=\"text-align:left;\"><b>Sturm<\/b>\n<\/th>\n<th><a href=\"\/Hannes_Wolf\" title=\"Hannes Wolf\">Hannes Wolf<\/a> &#8211; <a href=\"\/Munas_Dabbur\" title=\"Munas Dabbur\">Munas Dabbur<\/a>\n<\/th>\n<\/tr>\n<tr>\n<td colspan=\"2\" style=\"text-align:center;\" bgcolor=\"lightgray\"><b>Wechsel<\/b>\n<\/td>\n<\/tr>\n<tr>\n<th style=\"text-align:left;\"><b>Wechsel<\/b>\n<\/th>\n<th style=\"text-align:left;\"><a href=\"\/Patson_Daka\" title=\"Patson Daka\">Patson Daka<\/a> f\u00fcr Schlager (67.), <a href=\"\/Enock_Mwepu\" title=\"Enock Mwepu\">Enock Mwepu<\/a> f\u00fcr Haidara (75.), <a href=\"\/David_Atanga\" title=\"David Atanga\">David Atanga<\/a> f\u00fcr Dabbur (90.)\n<\/th>\n<\/tr>\n<tr>\n<td colspan=\"2\" style=\"text-align:center;\" bgcolor=\"lightgray\"><b>Statistik<\/b>\n<\/td>\n<\/tr>\n<tr>\n<th style=\"text-align:left;\"><b>Endstand<\/b>\n<\/th>\n<th style=\"text-align:left;\">2:1 (2:0)\n<\/th>\n<\/tr>\n<tr>\n<th style=\"text-align:left;\"><b>Torsch\u00fctzen<\/b>\n<\/th>\n<th style=\"text-align:left;\">Dabbur (38., 45.); Gschweidl (62.)\n<\/th>\n<\/tr>\n<tr>\n<th style=\"text-align:left;\"><b>Gelbe Karten<\/b>\n<\/th>\n<th style=\"text-align:left;\">Berisha (77.), Samassekou (87.); Sollbauer (72.), Orgill (78.), Rnic (93.)\n<\/th>\n<\/tr>\n<tr>\n<th style=\"text-align:left;\"><b>Rote Karten<\/b>\n<\/th>\n<th style=\"text-align:left;\">\n<\/th>\n<\/tr>\n<tr>\n<th style=\"text-align:left;\"><b>Schiedsrichter<\/b>\n<\/th>\n<th style=\"text-align:left;\">Robert Sch\u00f6rgenhofer\n<\/th>\n<\/tr>\n<tr>\n<th style=\"text-align:left;\"><b>Stadion<\/b>\n<\/th>\n<th style=\"text-align:left;\">EM Stadion Wals-Siezenheim, Salzburg\n<\/th>\n<\/tr>\n<tr>\n<th style=\"text-align:left;\"><b>Zuschauer<\/b>\n<\/th>\n<th style=\"text-align:left;\">4 712\n<\/th>\n<\/tr>\n<\/tbody>\n<\/table>\n<ul>\n<li>Enock Mwepu feierte sein Bundesligadeb\u00fct.<\/li>\n<\/ul>\n<h2><span class=\"mw-headline\" id=\"Weblinks\">Weblinks<\/span><a href=\"\/index.php?title=10._Runde,_Saison_2017\/18,FC_Red_Bull_Salzburg_gegen_Wolfsberger_AC&amp;action=edit&amp;section=2\" title=\"Abschnitt bearbeiten: Weblinks\">Bearbeiten<\/a><span class=\"mw-editsection-bracket\">]<\/span><\/span><\/h2>\n<ul>\n<li><a rel=\"nofollow\" class=\"external text\" href=\"http:\/\/www.redbullsalzburg.at\/de\/fc-red-bull-salzburg\/news\/saison_2017_18\/ungefaehrdeter-2-1-heimspielsieg-gegen-den-wolfsberger-ac.html\">Spielbericht Vereinshomepage<\/a><\/li>\n<\/ul>\n<h2><span class=\"mw-headline\" id=\"Bilder\">Bilder<\/span><a href=\"\/index.php?title=10._Runde,_Saison_2017\/18,FC_Red_Bull_Salzburg_gegen_Wolfsberger_AC&amp;action=edit&amp;section=3\" title=\"Abschnitt bearbeiten: Bilder\">Bearbeiten<\/a><span class=\"mw-editsection-bracket\">]<\/span><\/span><\/h2>\n<ul class=\"gallery mw-gallery-traditional\">\n<li class=\"gallerybox\" style=\"width: 155px\">\n<div style=\"width: 155px\">\n<div class=\"thumb\" style=\"width: 150px;\">\n<div style=\"margin:15px auto;\"><a href=\"\/Datei:FC_Red_Bull_Salzburg_gegen_Wolfsberger_AC_(1._Oktober_2017)_34.jpg\" class=\"image\"><img alt=\"FC Red Bull Salzburg gegen Wolfsberger AC (1. Oktober 2017) 34.jpg\" src=\"\/images\/thumb\/9\/90\/FC_Red_Bull_Salzburg_gegen_Wolfsberger_AC_%281._Oktober_2017%29_34.jpg\/120px-FC_Red_Bull_Salzburg_gegen_Wolfsberger_AC_%281._Oktober_2017%29_34.jpg%3Futm_source%3Dcommons.wikimedia.org%26utm_campaign%3Dimageinfo%26utm_content%3Dthumbnail\" decoding=\"async\" width=\"105\" height=\"120\" srcset=\"\/images\/thumb\/9\/90\/FC_Red_Bull_Salzburg_gegen_Wolfsberger_AC_%281._Oktober_2017%29_34.jpg\/250px-FC_Red_Bull_Salzburg_gegen_Wolfsberger_AC_%281._Oktober_2017%29_34.jpg%3Futm_source%3Dcommons.wikimedia.org%26utm_campaign%3Dimageinfo%26utm_content%3Dthumbnail 1.5x\" \/><\/a><\/div>\n<\/div>\n<div class=\"gallerytext\">\n\t\t\t<\/div>\n<\/p><\/div>\n<\/li>\n<li class=\"gallerybox\" style=\"width: 155px\">\n<div style=\"width: 155px\">\n<div class=\"thumb\" style=\"width: 150px;\">\n<div style=\"margin:45.5px auto;\"><a href=\"\/Datei:FC_Red_Bull_Salzburg_gegen_Wolfsberger_AC_(1._Oktober_2017)_39.jpg\" class=\"image\"><img alt=\"FC Red Bull Salzburg gegen Wolfsberger AC (1. Oktober 2017) 39.jpg\" src=\"\/images\/thumb\/4\/4f\/FC_Red_Bull_Salzburg_gegen_Wolfsberger_AC_%281._Oktober_2017%29_39.jpg\/120px-FC_Red_Bull_Salzburg_gegen_Wolfsberger_AC_%281._Oktober_2017%29_39.jpg%3Futm_source%3Dcommons.wikimedia.org%26utm_campaign%3Dimageinfo%26utm_content%3Dthumbnail\" decoding=\"async\" width=\"120\" height=\"59\" srcset=\"\/images\/thumb\/4\/4f\/FC_Red_Bull_Salzburg_gegen_Wolfsberger_AC_%281._Oktober_2017%29_39.jpg\/250px-FC_Red_Bull_Salzburg_gegen_Wolfsberger_AC_%281._Oktober_2017%29_39.jpg%3Futm_source%3Dcommons.wikimedia.org%26utm_campaign%3Dimageinfo%26utm_content%3Dthumbnail 1.5x\" \/><\/a><\/div>\n<\/div>\n<div class=\"gallerytext\">\n\t\t\t<\/div>\n<\/p><\/div>\n<\/li>\n<li class=\"gallerybox\" style=\"width: 155px\">\n<div style=\"width: 155px\">\n<div class=\"thumb\" style=\"width: 150px;\">\n<div style=\"margin:15px auto;\"><a href=\"\/Datei:FC_Red_Bull_Salzburg_versus_Wolfsberger_AC_(1._Oktober_2017)_05.jpg\" class=\"image\"><img alt=\"FC Red Bull Salzburg versus Wolfsberger AC (1. Oktober 2017) 05.jpg\" src=\"\/images\/thumb\/b\/b7\/FC_Red_Bull_Salzburg_versus_Wolfsberger_AC_%281._Oktober_2017%29_05.jpg\/120px-FC_Red_Bull_Salzburg_versus_Wolfsberger_AC_%281._Oktober_2017%29_05.jpg%3Futm_source%3Dcommons.wikimedia.org%26utm_campaign%3Dimageinfo%26utm_content%3Dthumbnail\" decoding=\"async\" width=\"110\" height=\"120\" srcset=\"\/images\/thumb\/b\/b7\/FC_Red_Bull_Salzburg_versus_Wolfsberger_AC_%281._Oktober_2017%29_05.jpg\/250px-FC_Red_Bull_Salzburg_versus_Wolfsberger_AC_%281._Oktober_2017%29_05.jpg%3Futm_source%3Dcommons.wikimedia.org%26utm_campaign%3Dimageinfo%26utm_content%3Dthumbnail 1.5x\" \/><\/a><\/div>\n<\/div>\n<div class=\"gallerytext\">\n\t\t\t<\/div>\n<\/p><\/div>\n<\/li>\n<\/ul>\n<p><img loading=\"lazy\" alt=\"\" src=\"\/images\/thumb\/4\/4a\/Commons-logo.svg\/langde-20px-Commons-logo.svg.png%3Futm_source%3Dcommons.wikimedia.org%26utm_campaign%3Dimageinfo%26utm_content%3Dthumbnail\" decoding=\"async\" title=\"Commons\" width=\"12\" height=\"16\" srcset=\"\/images\/thumb\/4\/4a\/Commons-logo.svg\/langde-40px-Commons-logo.svg.png%3Futm_source%3Dcommons.wikimedia.org%26utm_campaign%3Dimageinfo%26utm_content%3Dthumbnail 2x\" \/>&#160;<b><a href=\"http:\/\/commons.wikimedia.org\/wiki\/Category:FC_Red_Bull_Salzburg_gegen_Wolfsberger_AC_(1._Oktober_2017)\" class=\"extiw\" title=\"commons:Category:FC Red Bull Salzburg gegen Wolfsberger AC (1. Oktober 2017)\">10. Runde, Saison 2017\/18,FC Red Bull Salzburg gegen Wolfsberger AC<\/a><\/b>&#160;\u2013 Sammlung von Bildern, Videos und Audiodateien auf <a href=\"\/Wikimedia_Commons\" title=\"Wikimedia Commons\">Wikimedia Commons<\/a>\n<\/p>\n<h2><span class=\"mw-headline\" id=\"Stimmen_zum_Spiel\">Stimmen zum Spiel<\/span><a href=\"\/index.php?title=10._Runde,_Saison_2017\/18,FC_Red_Bull_Salzburg_gegen_Wolfsberger_AC&amp;action=edit&amp;section=4\" title=\"Abschnitt bearbeiten: Stimmen zum Spiel\">Bearbeiten<\/a><span class=\"mw-editsection-bracket\">]<\/span><\/span><\/h2>\n<p><b>Marco Rose:<\/b> Im Idealfall wollen wir in unserem Spiel immer den Ball gut laufen lassen und das ganze Spielfeld daf\u00fcr nutzen. Zu Beginn haben wir viel \u00fcber das Zentrum versucht, aber mittlerweile sind wir diesbez\u00fcglich viel flexibler. Nach dem Anschlusstreffer ist bei mir schon der Puls nach oben gegangen, aber wichtig ist, dass wir trotzdem gewonnen haben und so gut in die L\u00e4nderspielpause gehen k\u00f6nnen.\n<\/p>\n<p><b>Munas Dabbur:<\/b> Ich bin sehr froh, dass ich heute die zwei Tore f\u00fcr uns erzielen konnte, denn es war wichtig f\u00fcr uns, an der Spitze dranzubleiben. Es war, denke ich, auch ein verdienter Sieg f\u00fcr uns. Wie das zweite Tor zustande gekommen ist, kann ich gar nicht sagen. Ich bin einfach nur am richtigen Fleck gestanden. Auch wenn es letztlich ein gl\u00fccklicher Treffer war, z\u00e4hlen f\u00fcr uns nur die drei Punkte.\n<\/p>\n<\/div>\n","protected":false},"excerpt":{"rendered":"<p>FaktenBearbeiten] FC Red Bull Salzburg gegen Wolfsberger AC, 2:1 Spieltag Bundesliga &#8211; 10. Spieltag Datum 1. Oktober 2017 Anpfiff 19 Uhr Aufstellung Tor Alexander Walke Verteidigung Stefan Lainer &#8211; Paulo Miranda &#8211; Duje Caleta-Car &#8211; Andreas Ulmer Mittelfeld Amadou Haidara &#8211; Diadie Samassekou &#8211; Valon Berisha&#8211; Xaver Schlager Sturm Hannes Wolf &#8211; Munas Dabbur Wechsel [&hellip;]<\/p>\n","protected":false},"author":1,"featured_media":0,"comment_status":"open","ping_status":"open","sticky":false,"template":"","format":"standard","meta":{"footnotes":""},"categories":[129],"tags":[],"class_list":["post-194","post","type-post","status-publish","format-standard","hentry","category-10-runde-saison-2017"],"_links":{"self":[{"href":"https:\/\/wiki.s12.at\/index.php\/wp-json\/wp\/v2\/posts\/194","targetHints":{"allow":["GET"]}}],"collection":[{"href":"https:\/\/wiki.s12.at\/index.php\/wp-json\/wp\/v2\/posts"}],"about":[{"href":"https:\/\/wiki.s12.at\/index.php\/wp-json\/wp\/v2\/types\/post"}],"author":[{"embeddable":true,"href":"https:\/\/wiki.s12.at\/index.php\/wp-json\/wp\/v2\/users\/1"}],"replies":[{"embeddable":true,"href":"https:\/\/wiki.s12.at\/index.php\/wp-json\/wp\/v2\/comments?post=194"}],"version-history":[{"count":0,"href":"https:\/\/wiki.s12.at\/index.php\/wp-json\/wp\/v2\/posts\/194\/revisions"}],"wp:attachment":[{"href":"https:\/\/wiki.s12.at\/index.php\/wp-json\/wp\/v2\/media?parent=194"}],"wp:term":[{"taxonomy":"category","embeddable":true,"href":"https:\/\/wiki.s12.at\/index.php\/wp-json\/wp\/v2\/categories?post=194"},{"taxonomy":"post_tag","embeddable":true,"href":"https:\/\/wiki.s12.at\/index.php\/wp-json\/wp\/v2\/tags?post=194"}],"curies":[{"name":"wp","href":"https:\/\/api.w.org\/{rel}","templated":true}]}}