{"id":1934,"date":"2026-05-06T14:08:50","date_gmt":"2026-05-06T12:08:50","guid":{"rendered":"https:\/\/wiki.s12.at\/index.php\/2026\/05\/06\/30-runde-bundesliga-saison-2002-03-sv-ried-austria-salzburg\/"},"modified":"2026-05-06T14:08:50","modified_gmt":"2026-05-06T12:08:50","slug":"30-runde-bundesliga-saison-2002-03-sv-ried-austria-salzburg","status":"publish","type":"post","link":"https:\/\/wiki.s12.at\/index.php\/2026\/05\/06\/30-runde-bundesliga-saison-2002-03-sv-ried-austria-salzburg\/","title":{"rendered":"03, SV Ried &#8211; Austria Salzburg"},"content":{"rendered":"<div class=\"mw-parser-output\">\n<h3><span class=\"mw-headline\" id=\"Fakten\">Fakten<\/span><a href=\"\/index.php?title=30._Runde,_Bundesliga,_Saison_2002\/03,_SV_Ried_-_Austria_Salzburg&amp;action=edit&amp;section=1\" title=\"Abschnitt bearbeiten: Fakten\">Bearbeiten<\/a><span class=\"mw-editsection-bracket\">]<\/span><\/span><\/h3>\n<p><b>Bundesliga &#8211; 30. Spieltag: 23. April 2003, 19.30 Uhr<\/b>\n<\/p>\n<table class=\"wikitable\">\n<caption><b> <big>SV Ried gegen SV Austria Salzburg, 1:2<\/big><\/b><br \/>\n<\/caption>\n<tbody>\n<tr>\n<td>Aufstellung:<\/td>\n<td><a href=\"\/Szabolcs_Safar\" class=\"mw-redirect\" title=\"Szabolcs Safar\">Szabolcs Safar<\/a> <a href=\"\/Christoph_Jank\" title=\"Christoph Jank\">Christoph Jank<\/a> <a href=\"\/Roman_Szewczyk\" title=\"Roman Szewczyk\">Roman Szewczyk<\/a> <a href=\"\/Andreas_Ibertsberger\" title=\"Andreas Ibertsberger\">Andreas Ibertsberger<\/a> <a href=\"\/Thomas_Winklhofer\" title=\"Thomas Winklhofer\">Thomas Winklhofer<\/a> (89. <a href=\"\/Mihael_Rajic\" title=\"Mihael Rajic\">Mihael Rajic<\/a>) <a href=\"\/Heimo_Pfeifenberger\" title=\"Heimo Pfeifenberger\">Heimo Pfeifenberger<\/a> (69. <a href=\"\/Dominic_Hassler\" title=\"Dominic Hassler\">Dominic Hassler<\/a>) <a href=\"\/Markus_Scharrer\" title=\"Markus Scharrer\">Markus Scharrer<\/a> (78. <a href=\"\/Julio_Suazo\" class=\"mw-redirect\" title=\"Julio Suazo\">Julio Suazo<\/a>) <a href=\"\/Ewald_Brenner\" title=\"Ewald Brenner\">Ewald Brenner<\/a> <a href=\"\/Heiko_Laessig\" title=\"Heiko Laessig\">Heiko Laessig<\/a> <a href=\"\/Thomas_Eder\" title=\"Thomas Eder\">Thomas Eder<\/a> <a href=\"\/Roland_Kirchler\" title=\"Roland Kirchler\">Roland Kirchler<\/a>\n<\/td>\n<\/tr>\n<tr>\n<td>Endstand:<\/td>\n<td>1:2 (0:0)\n<\/td>\n<\/tr>\n<tr>\n<td>Torsch\u00fctzen:<\/td>\n<td>Akag\u00fcnd\u00fcz (72.); Eder (53.), Ibertsberger (66.)\n<\/td>\n<\/tr>\n<tr>\n<td>Gelbe Karten:<\/td>\n<td>Glasner (14.); Kirchler (42.), Eder (58.), J. Suazo (85.)\n<\/td>\n<\/tr>\n<tr>\n<td>Gelb-rote Karten:<\/td>\n<td>Kirchler (43.)\n<\/td>\n<\/tr>\n<tr>\n<td>Rote Karten:<\/td>\n<td>\n<\/td>\n<\/tr>\n<tr>\n<td>Schiedsrichter:<\/td>\n<td>Thomas Einwaller\n<\/td>\n<\/tr>\n<tr>\n<td>Stadion:<\/td>\n<td>Stadion der Stadt Ried\n<\/td>\n<\/tr>\n<tr>\n<td>Zuschauer:<\/td>\n<td>5 000\n<\/td>\n<\/tr>\n<\/tbody>\n<\/table>\n<\/div>\n","protected":false},"excerpt":{"rendered":"<p>FaktenBearbeiten] Bundesliga &#8211; 30. Spieltag: 23. April 2003, 19.30 Uhr SV Ried gegen SV Austria Salzburg, 1:2 Aufstellung: Szabolcs Safar Christoph Jank Roman Szewczyk Andreas Ibertsberger Thomas Winklhofer (89. Mihael Rajic) Heimo Pfeifenberger (69. Dominic Hassler) Markus Scharrer (78. Julio Suazo) Ewald Brenner Heiko Laessig Thomas Eder Roland Kirchler Endstand: 1:2 (0:0) Torsch\u00fctzen: Akag\u00fcnd\u00fcz (72.); [&hellip;]<\/p>\n","protected":false},"author":1,"featured_media":0,"comment_status":"open","ping_status":"open","sticky":false,"template":"","format":"standard","meta":{"footnotes":""},"categories":[1524],"tags":[],"class_list":["post-1934","post","type-post","status-publish","format-standard","hentry","category-30-runde-bundesliga-saison-2002"],"_links":{"self":[{"href":"https:\/\/wiki.s12.at\/index.php\/wp-json\/wp\/v2\/posts\/1934","targetHints":{"allow":["GET"]}}],"collection":[{"href":"https:\/\/wiki.s12.at\/index.php\/wp-json\/wp\/v2\/posts"}],"about":[{"href":"https:\/\/wiki.s12.at\/index.php\/wp-json\/wp\/v2\/types\/post"}],"author":[{"embeddable":true,"href":"https:\/\/wiki.s12.at\/index.php\/wp-json\/wp\/v2\/users\/1"}],"replies":[{"embeddable":true,"href":"https:\/\/wiki.s12.at\/index.php\/wp-json\/wp\/v2\/comments?post=1934"}],"version-history":[{"count":0,"href":"https:\/\/wiki.s12.at\/index.php\/wp-json\/wp\/v2\/posts\/1934\/revisions"}],"wp:attachment":[{"href":"https:\/\/wiki.s12.at\/index.php\/wp-json\/wp\/v2\/media?parent=1934"}],"wp:term":[{"taxonomy":"category","embeddable":true,"href":"https:\/\/wiki.s12.at\/index.php\/wp-json\/wp\/v2\/categories?post=1934"},{"taxonomy":"post_tag","embeddable":true,"href":"https:\/\/wiki.s12.at\/index.php\/wp-json\/wp\/v2\/tags?post=1934"}],"curies":[{"name":"wp","href":"https:\/\/api.w.org\/{rel}","templated":true}]}}