{"id":1917,"date":"2026-05-06T14:08:37","date_gmt":"2026-05-06T12:08:37","guid":{"rendered":"https:\/\/wiki.s12.at\/index.php\/2026\/05\/06\/30-runde-saison-2024-25-sk-sturm-graz-gegen-fc-red-bull-salzburg\/"},"modified":"2026-05-06T14:08:37","modified_gmt":"2026-05-06T12:08:37","slug":"30-runde-saison-2024-25-sk-sturm-graz-gegen-fc-red-bull-salzburg","status":"publish","type":"post","link":"https:\/\/wiki.s12.at\/index.php\/2026\/05\/06\/30-runde-saison-2024-25-sk-sturm-graz-gegen-fc-red-bull-salzburg\/","title":{"rendered":"25, SK Sturm Graz gegen FC Red Bull Salzburg"},"content":{"rendered":"<div class=\"mw-parser-output\">\n<table class=\"toptextcells toccolours\">\n<tbody>\n<tr>\n<th colspan=\"2\" style=\"text-align: center; vertical-align: top; padding: 0.3em 0.8em; font-size: 125%; background-color: lightsteelblue;\">SK Sturm Graz   gegen FC Red Bull Salzburg, 4:2\n<\/th>\n<\/tr>\n<tr>\n<th style=\"text-align:left;\"><b>Spieltag<\/b>\n<\/th>\n<th style=\"text-align:left;\">Bundesliga-30.Runde\n<\/th>\n<\/tr>\n<tr>\n<th style=\"text-align:left;\"><b>Datum<\/b>\n<\/th>\n<th style=\"text-align:left;\">9. Mai 2025\n<\/th>\n<\/tr>\n<tr>\n<th style=\"text-align:left;\"><b>Anpfiff<\/b>\n<\/th>\n<th style=\"text-align:left;\">19:30 Uhr\n<\/th>\n<\/tr>\n<tr>\n<td colspan=\"2\" style=\"text-align:center;\" bgcolor=\"lightgray\"><b>Aufstellung<\/b>\n<\/td>\n<\/tr>\n<tr>\n<th style=\"text-align:left;\"><b>Tor<\/b>\n<\/th>\n<th><a href=\"\/Alexander_Schlager\" title=\"Alexander Schlager\">Alexander Schlager<\/a>\n<\/th>\n<\/tr>\n<tr>\n<th style=\"text-align:left;\"><b>Verteidigung<\/b>\n<\/th>\n<th><a href=\"\/Samson_Baidoo\" title=\"Samson Baidoo\">Samson Baidoo<\/a>  &#8211; <a href=\"\/Joane_Gadou\" title=\"Joane Gadou\">Joane Gadou<\/a>  &#8211; <a href=\"\/John_Mellberg\" title=\"John Mellberg\">John Mellberg<\/a> &#8211; <a href=\"\/Aleksa_Terzic\" title=\"Aleksa Terzic\">Aleksa Terzic<\/a>\n<\/th>\n<\/tr>\n<tr>\n<th style=\"text-align:left;\"><b>Mittelfeld<\/b>\n<\/th>\n<th><a href=\"\/Valentin_Sulzbacher\" title=\"Valentin Sulzbacher\">Valentin Sulzbacher<\/a>&#8211; <a href=\"\/Mads_Bidstrup\" title=\"Mads Bidstrup\">Mads Bidstrup<\/a> &#8211;  <a href=\"\/Oscar_Gloukh\" title=\"Oscar Gloukh\">Oscar Gloukh<\/a> &#8211;  <a href=\"\/Dorgeles_Nene\" class=\"mw-redirect\" title=\"Dorgeles Nene\">Dorgeles Nene<\/a>\n<\/th>\n<\/tr>\n<tr>\n<th style=\"text-align:left;\"><b>Sturm<\/b>\n<\/th>\n<th><a href=\"\/Yorbe_Vertessen\" title=\"Yorbe Vertessen\">Yorbe Vertessen<\/a>  &#8211;  <a href=\"\/Adam_Daghim\" title=\"Adam Daghim\">Adam Daghim<\/a>\n<\/th>\n<\/tr>\n<tr>\n<td colspan=\"2\" style=\"text-align:center;\" bgcolor=\"lightgray\"><b>Wechsel<\/b>\n<\/td>\n<\/tr>\n<tr>\n<th style=\"text-align:left;\"><b>Wechsel<\/b>\n<\/th>\n<th style=\"text-align:left;\"><a href=\"\/Karim_Onisiwo\" title=\"Karim Onisiwo\">Karim Onisiwo<\/a> f\u00fcr Sulzbacher (56.), <a href=\"\/Edmund_Baidoo\" title=\"Edmund Baidoo\">Edmund  Baidoo<\/a> f\u00fcr Mellberg (56.), <a href=\"\/Petar_Ratkov\" title=\"Petar Ratkov\">Petar Ratkov<\/a> f\u00fcr Nene (69.)\n<\/th>\n<\/tr>\n<tr>\n<td colspan=\"2\" style=\"text-align:center;\" bgcolor=\"lightgray\"><b>Statistik<\/b>\n<\/td>\n<\/tr>\n<tr>\n<th style=\"text-align:left;\"><b>Endstand<\/b>\n<\/th>\n<th style=\"text-align:left;\">4:2 (2:1)\n<\/th>\n<\/tr>\n<tr>\n<th style=\"text-align:left;\"><b>Torsch\u00fctzen<\/b>\n<\/th>\n<th style=\"text-align:left;\">Terzic  (18., ET.), B\u00f8ving (20.), W\u00fcthrich (48.), Chukwuani (72.); Nene (45.), Aiwu (59., ET.)\n<\/th>\n<\/tr>\n<tr>\n<th style=\"text-align:left;\"><b>Gelbe Karten<\/b>\n<\/th>\n<th style=\"text-align:left;\">Gadou (68.)\n<\/th>\n<\/tr>\n<tr>\n<th style=\"text-align:left;\"><b>Rote Karten<\/b>\n<\/th>\n<th style=\"text-align:left;\">\n<\/th>\n<\/tr>\n<tr>\n<th style=\"text-align:left;\"><b>Schiedsrichter<\/b>\n<\/th>\n<th style=\"text-align:left;\">Julian Weinberger\n<\/th>\n<\/tr>\n<tr>\n<th style=\"text-align:left;\"><b>Stadion<\/b>\n<\/th>\n<th style=\"text-align:left;\">Merkur-Arena, Graz\n<\/th>\n<\/tr>\n<tr>\n<th style=\"text-align:left;\"><b>Zuschauer<\/b>\n<\/th>\n<th style=\"text-align:left;\">15.900\n<\/th>\n<\/tr>\n<\/tbody>\n<\/table>\n<h2><span class=\"mw-headline\" id=\"Spielbericht\">Spielbericht<\/span><a href=\"\/index.php?title=30.Runde,_Saison_2024\/25,_SK_Sturm_Graz_gegen_FC_Red_Bull_Salzburg&amp;action=edit&amp;section=1\" title=\"Abschnitt bearbeiten: Spielbericht\">Bearbeiten<\/a><span class=\"mw-editsection-bracket\">]<\/span><\/span><\/h2>\n<p>[hhttps:\/\/www.redbullsalzburg.at\/de\/2024-2025\/spielplan\/bundesliga-runde-30-sk-puntigamer-sturm-graz-vs-fc-red-bull-salzburg#spielbericht Spielbericht Vereinshomepage]\n<\/p>\n<h2><span class=\"mw-headline\" id=\"Stimmen_zum_Spiel\">Stimmen zum Spiel<\/span><a href=\"\/index.php?title=30.Runde,_Saison_2024\/25,_SK_Sturm_Graz_gegen_FC_Red_Bull_Salzburg&amp;action=edit&amp;section=2\" title=\"Abschnitt bearbeiten: Stimmen zum Spiel\">Bearbeiten<\/a><span class=\"mw-editsection-bracket\">]<\/span><\/span><\/h2>\n<p><b>Thomas Letsch:<\/b> Es war ein packendes Spiel in der ersten Halbzeit, es ging hin und her \u2013 da hatten wir das fu\u00dfballerische \u00dcbergewicht, mehr Situationen, in denen es eigentlich brennen muss. Dann gehen wir allerdings mit dem 1:2 in die Pause \u2013 aber das Dritte zieht uns den Zahn. Wenn man \u00fcber das ganze Spiel hinweg zwei Toren hinterherl\u00e4uft, dann wird es einfach z\u00e4h. Am Schluss m\u00fcssen wir Sturm gratulieren. Ihr Sieg ist sicherlich auch verdient, wenn man den letzten Willen, den letzten Punch in den Strafr\u00e4umen hernimmt. Dementsprechend waren wir heute nicht gut genug, um das Spiel zu gewinnen.\n<\/p>\n<p><b>Samson Baidoo:<\/b> Sie haben mit den ersten zwei Sch\u00fcssen das Tor gemacht, das ist entsprechend bitter gewesen. Auch in der zweiten H\u00e4lfte direkt den Treffer zu bekommen, hat wehgetan und darf nicht passieren. Die Niederlage tut sehr weh, aber wir werden in den letzten zwei Spielen noch mal 100 Prozent geben, um die Saison bestm\u00f6glich abzuschlie\u00dfen.\n<\/p>\n<p><b>Mads Bidstrup:<\/b> Sie waren vor dem Tor einfach besser. In H\u00e4lfte eins machen sie aus den ersten zwei Chancen zwei Tore. Wir waren in manchen Situationen heute einfach nicht scharf genug. Nach der Pause auch direkt einen Gegentreffer aus einer Ecke zuzulassen, darf uns einfach nicht passieren. Es ist unsere eigene Schuld heute! Wir alle wissen, was die Niederlage heute bedeutet. Ich kann mich nur bei den Fans f\u00fcr die tolle Unterst\u00fctzung bedanken. Es ist gerade echt hart im Moment, n\u00e4chste Woche wollen wir aber wieder angreifen.\n<\/p>\n<\/div>\n","protected":false},"excerpt":{"rendered":"<p>SK Sturm Graz gegen FC Red Bull Salzburg, 4:2 Spieltag Bundesliga-30.Runde Datum 9. Mai 2025 Anpfiff 19:30 Uhr Aufstellung Tor Alexander Schlager Verteidigung Samson Baidoo &#8211; Joane Gadou &#8211; John Mellberg &#8211; Aleksa Terzic Mittelfeld Valentin Sulzbacher&#8211; Mads Bidstrup &#8211; Oscar Gloukh &#8211; Dorgeles Nene Sturm Yorbe Vertessen &#8211; Adam Daghim Wechsel Wechsel Karim Onisiwo [&hellip;]<\/p>\n","protected":false},"author":1,"featured_media":0,"comment_status":"open","ping_status":"open","sticky":false,"template":"","format":"standard","meta":{"footnotes":""},"categories":[1507],"tags":[],"class_list":["post-1917","post","type-post","status-publish","format-standard","hentry","category-30-runde-saison-2024"],"_links":{"self":[{"href":"https:\/\/wiki.s12.at\/index.php\/wp-json\/wp\/v2\/posts\/1917","targetHints":{"allow":["GET"]}}],"collection":[{"href":"https:\/\/wiki.s12.at\/index.php\/wp-json\/wp\/v2\/posts"}],"about":[{"href":"https:\/\/wiki.s12.at\/index.php\/wp-json\/wp\/v2\/types\/post"}],"author":[{"embeddable":true,"href":"https:\/\/wiki.s12.at\/index.php\/wp-json\/wp\/v2\/users\/1"}],"replies":[{"embeddable":true,"href":"https:\/\/wiki.s12.at\/index.php\/wp-json\/wp\/v2\/comments?post=1917"}],"version-history":[{"count":0,"href":"https:\/\/wiki.s12.at\/index.php\/wp-json\/wp\/v2\/posts\/1917\/revisions"}],"wp:attachment":[{"href":"https:\/\/wiki.s12.at\/index.php\/wp-json\/wp\/v2\/media?parent=1917"}],"wp:term":[{"taxonomy":"category","embeddable":true,"href":"https:\/\/wiki.s12.at\/index.php\/wp-json\/wp\/v2\/categories?post=1917"},{"taxonomy":"post_tag","embeddable":true,"href":"https:\/\/wiki.s12.at\/index.php\/wp-json\/wp\/v2\/tags?post=1917"}],"curies":[{"name":"wp","href":"https:\/\/api.w.org\/{rel}","templated":true}]}}