{"id":1916,"date":"2026-05-06T14:08:30","date_gmt":"2026-05-06T12:08:30","guid":{"rendered":"https:\/\/wiki.s12.at\/index.php\/2026\/05\/06\/30-runde-regionalliga-west-saison-2012-13-sv-andelsbuch-gegen-fc-liefering\/"},"modified":"2026-05-06T14:08:30","modified_gmt":"2026-05-06T12:08:30","slug":"30-runde-regionalliga-west-saison-2012-13-sv-andelsbuch-gegen-fc-liefering","status":"publish","type":"post","link":"https:\/\/wiki.s12.at\/index.php\/2026\/05\/06\/30-runde-regionalliga-west-saison-2012-13-sv-andelsbuch-gegen-fc-liefering\/","title":{"rendered":"13, SV Andelsbuch gegen FC Liefering"},"content":{"rendered":"<div class=\"mw-parser-output\">\n<p><b>Regionalliga West &#8211; 30. Spieltag, 9. Mai 2013, 16 Uhr<\/b><br \/>\n\n<\/p>\n<table class=\"wikitable\">\n<caption><b><big>SV Andelsbuch gegen FC Liefering, 1:4 <\/big><\/b><br \/>\n<\/caption>\n<tbody>\n<tr>\n<td>Aufstellung:<\/td>\n<td><a href=\"\/Thomas_D%C3%A4hne\" title=\"Thomas D\u00e4hne\">Thomas D\u00e4hne<\/a> <a href=\"\/Stefan_Lainer\" title=\"Stefan Lainer\">Stefan Lainer<\/a> <a href=\"\/Sandro_Djuric\" title=\"Sandro Djuric\">Sandro Djuric<\/a> <a href=\"\/Robert_V%C3%B6lkl\" title=\"Robert V\u00f6lkl\">Robert V\u00f6lkl<\/a> <a href=\"\/Josip_Coric\" class=\"mw-redirect\" title=\"Josip Coric\">Josip Coric<\/a> <a href=\"\/Felix_Adjei\" title=\"Felix Adjei\">Felix Adjei<\/a> <a href=\"\/Wolfgang_Mair\" title=\"Wolfgang Mair\">Wolfgang Mair<\/a> <a href=\"\/Andreas_Schrott\" title=\"Andreas Schrott\">Andreas Schrott<\/a> <a href=\"\/Andre_Ramalho\" class=\"mw-redirect\" title=\"Andre Ramalho\">Andre Ramalho<\/a> <a href=\"\/Andreas_Bammer\" title=\"Andreas Bammer\">Andreas Bammer<\/a> <a href=\"\/Alexander_Aschauer\" title=\"Alexander Aschauer\">Alexander Aschauer<\/a>\n<\/td>\n<\/tr>\n<tr>\n<td>Wechsel:<\/td>\n<td><a href=\"\/Stefan_Savic\" title=\"Stefan Savic\">Stefan Savic<\/a> f\u00fcr Djuric (28.), <a href=\"\/Mario_Konrad\" title=\"Mario Konrad\">Mario Konrad<\/a> f\u00fcr Aschauer (64.), <a href=\"\/Daniel_Krenn\" title=\"Daniel Krenn\">Daniel Krenn<\/a> f\u00fcr Mair (76.)\n<\/td>\n<\/tr>\n<tr>\n<td>Endstand:<\/td>\n<td>1:4 (1:1)\n<\/td>\n<\/tr>\n<tr>\n<td>Torsch\u00fctzen:<\/td>\n<td>Hafner (21.); Mair (45.), Savic (49.), Bammer (67.), Coric (90.)\n<\/td>\n<\/tr>\n<tr>\n<td>Gelbe Karten:<\/td>\n<td>Lainer (46.), Ramalho (72.)\n<\/td>\n<\/tr>\n<tr>\n<td>Gelb-rote Karten:<\/td>\n<td>\n<\/td>\n<\/tr>\n<tr>\n<td>Rote Karten:<\/td>\n<td>\n<\/td>\n<\/tr>\n<tr>\n<td>Schiedsrichter:<\/td>\n<td>Cemil Et\n<\/td>\n<\/tr>\n<tr>\n<td>Stadion:<\/td>\n<td>Sportplatz Andelsbuch\n<\/td>\n<\/tr>\n<tr>\n<td>Zuschauer:<\/td>\n<td>1 500\n<\/td>\n<\/tr>\n<\/tbody>\n<\/table>\n<h2><span class=\"mw-headline\" id=\"Weblinks\">Weblinks<\/span><a href=\"\/index.php?title=30.Runde,_Regionalliga_West,_Saison_2012\/13,_SV_Andelsbuch_gegen_FC_Liefering&amp;action=edit&amp;section=1\" title=\"Abschnitt bearbeiten: Weblinks\">Bearbeiten<\/a><span class=\"mw-editsection-bracket\">]<\/span><\/span><\/h2>\n<ul>\n<li><a rel=\"nofollow\" class=\"external text\" href=\"http:\/\/www.regionalliga.at\/west\/spielbericht\/2012_2013\/2702\/fc-andelsbuch---fc-liefering\/\">Spielbericht rlw.at<\/a><\/li>\n<\/ul>\n<\/div>\n","protected":false},"excerpt":{"rendered":"<p>Regionalliga West &#8211; 30. Spieltag, 9. Mai 2013, 16 Uhr SV Andelsbuch gegen FC Liefering, 1:4 Aufstellung: Thomas D\u00e4hne Stefan Lainer Sandro Djuric Robert V\u00f6lkl Josip Coric Felix Adjei Wolfgang Mair Andreas Schrott Andre Ramalho Andreas Bammer Alexander Aschauer Wechsel: Stefan Savic f\u00fcr Djuric (28.), Mario Konrad f\u00fcr Aschauer (64.), Daniel Krenn f\u00fcr Mair (76.) [&hellip;]<\/p>\n","protected":false},"author":1,"featured_media":0,"comment_status":"open","ping_status":"open","sticky":false,"template":"","format":"standard","meta":{"footnotes":""},"categories":[1506],"tags":[],"class_list":["post-1916","post","type-post","status-publish","format-standard","hentry","category-30-runde-regionalliga-west-saison-2012"],"_links":{"self":[{"href":"https:\/\/wiki.s12.at\/index.php\/wp-json\/wp\/v2\/posts\/1916","targetHints":{"allow":["GET"]}}],"collection":[{"href":"https:\/\/wiki.s12.at\/index.php\/wp-json\/wp\/v2\/posts"}],"about":[{"href":"https:\/\/wiki.s12.at\/index.php\/wp-json\/wp\/v2\/types\/post"}],"author":[{"embeddable":true,"href":"https:\/\/wiki.s12.at\/index.php\/wp-json\/wp\/v2\/users\/1"}],"replies":[{"embeddable":true,"href":"https:\/\/wiki.s12.at\/index.php\/wp-json\/wp\/v2\/comments?post=1916"}],"version-history":[{"count":0,"href":"https:\/\/wiki.s12.at\/index.php\/wp-json\/wp\/v2\/posts\/1916\/revisions"}],"wp:attachment":[{"href":"https:\/\/wiki.s12.at\/index.php\/wp-json\/wp\/v2\/media?parent=1916"}],"wp:term":[{"taxonomy":"category","embeddable":true,"href":"https:\/\/wiki.s12.at\/index.php\/wp-json\/wp\/v2\/categories?post=1916"},{"taxonomy":"post_tag","embeddable":true,"href":"https:\/\/wiki.s12.at\/index.php\/wp-json\/wp\/v2\/tags?post=1916"}],"curies":[{"name":"wp","href":"https:\/\/api.w.org\/{rel}","templated":true}]}}