{"id":1898,"date":"2026-05-06T14:08:00","date_gmt":"2026-05-06T12:08:00","guid":{"rendered":"https:\/\/wiki.s12.at\/index.php\/2026\/05\/06\/3-runde-saison-2022-23-tsv-hartberg-gegen-fc-red-bull-salzburg\/"},"modified":"2026-05-06T14:08:00","modified_gmt":"2026-05-06T12:08:00","slug":"3-runde-saison-2022-23-tsv-hartberg-gegen-fc-red-bull-salzburg","status":"publish","type":"post","link":"https:\/\/wiki.s12.at\/index.php\/2026\/05\/06\/3-runde-saison-2022-23-tsv-hartberg-gegen-fc-red-bull-salzburg\/","title":{"rendered":"23, TSV Hartberg gegen FC Red Bull Salzburg"},"content":{"rendered":"<div class=\"mw-parser-output\">\n<p>\n<\/p>\n<table class=\"toptextcells toccolours\">\n<tbody>\n<tr>\n<th colspan=\"2\" style=\"text-align: center; vertical-align: top; padding: 0.3em 0.8em; font-size: 125%; background-color: lightsteelblue;\">TSV Hartberg gegen FC Red Bull Salzburg, 0:2\n<\/th>\n<\/tr>\n<tr>\n<th style=\"text-align:left;\"><b>Spieltag<\/b>\n<\/th>\n<th style=\"text-align:left;\">Bundesliga 3. Runde\n<\/th>\n<\/tr>\n<tr>\n<th style=\"text-align:left;\"><b>Datum<\/b>\n<\/th>\n<th style=\"text-align:left;\">6. August 2022\n<\/th>\n<\/tr>\n<tr>\n<th style=\"text-align:left;\"><b>Anpfiff<\/b>\n<\/th>\n<th style=\"text-align:left;\">19.30  Uhr\n<\/th>\n<\/tr>\n<tr>\n<td colspan=\"2\" style=\"text-align:center;\" bgcolor=\"lightgray\"><b>Aufstellung<\/b>\n<\/td>\n<\/tr>\n<tr>\n<th style=\"text-align:left;\"><b>Tor<\/b>\n<\/th>\n<th><a href=\"\/Philipp_K%C3%B6hn\" title=\"Philipp K\u00f6hn\">Philipp K\u00f6hn <\/a>\n<\/th>\n<\/tr>\n<tr>\n<th style=\"text-align:left;\"><b>Verteidigung<\/b>\n<\/th>\n<th><a href=\"\/Amar_Dedic\" title=\"Amar Dedic\">Amar Dedic<\/a> &#8211; <a href=\"\/Oumar_Solet\" title=\"Oumar Solet\">Oumar Solet<\/a> &#8211; <a href=\"\/Strahinja_Pavlovic\" title=\"Strahinja Pavlovic\">Strahinja Pavlovic <\/a> &#8211;  <a href=\"\/Maximilian_W%C3%B6ber\" title=\"Maximilian W\u00f6ber\">Maximilian W\u00f6ber<\/a>\n<\/th>\n<\/tr>\n<tr>\n<th style=\"text-align:left;\"><b>Mittelfeld<\/b>\n<\/th>\n<th><a href=\"\/Luka_Sucic\" title=\"Luka Sucic\">Luka Sucic<\/a> &#8211; <a href=\"\/Nicolas_Seiwald\" title=\"Nicolas Seiwald\">Nicolas Seiwald<\/a> &#8211; <a href=\"\/Nicolas_Capaldo\" title=\"Nicolas Capaldo\">Nicolas Capaldo<\/a> &#8211; <a href=\"\/Maurits_Kjaergaard\" title=\"Maurits Kjaergaard\">Maurits Kjaergaard<\/a>\n<\/th>\n<\/tr>\n<tr>\n<th style=\"text-align:left;\"><b>Sturm<\/b>\n<\/th>\n<th><a href=\"\/Fernando\" class=\"mw-redirect\" title=\"Fernando\">Fernando<\/a>   &#8211; <a href=\"\/Benjamin_Sesko\" class=\"mw-redirect\" title=\"Benjamin Sesko\">Benjamin Sesko<\/a>\n<\/th>\n<\/tr>\n<tr>\n<td colspan=\"2\" style=\"text-align:center;\" bgcolor=\"lightgray\"><b>Wechsel<\/b>\n<\/td>\n<\/tr>\n<tr>\n<th style=\"text-align:left;\"><b>Wechsel<\/b>\n<\/th>\n<th style=\"text-align:left;\"><a href=\"\/Antoine_Bernede\" title=\"Antoine Bernede\">Antoine Bernede<\/a> f\u00fcr Kjaergaard (64.), <a href=\"\/Noah_Okafor\" title=\"Noah Okafor\">Noah Okafor<\/a> f\u00fcr Fernando (64.), <a href=\"\/Mamady_Diambou\" title=\"Mamady Diambou\">Mamady Diambou<\/a> <br \/>f\u00fcr Capaldo (75.),  <a href=\"\/Roko_Simic\" title=\"Roko Simic\">Roko Simic<\/a> f\u00fcr Sesko (75.), <a href=\"\/Andreas_Ulmer\" title=\"Andreas Ulmer\">Andreas  Ulmer<\/a> f\u00fcr Pavlovic (86.)\n<\/th>\n<\/tr>\n<tr>\n<td colspan=\"2\" style=\"text-align:center;\" bgcolor=\"lightgray\"><b>Statistik<\/b>\n<\/td>\n<\/tr>\n<tr>\n<th style=\"text-align:left;\"><b>Endstand<\/b>\n<\/th>\n<th style=\"text-align:left;\">0:2 (0:0)\n<\/th>\n<\/tr>\n<tr>\n<th style=\"text-align:left;\"><b>Torsch\u00fctzen<\/b>\n<\/th>\n<th style=\"text-align:left;\">Fernando (50.), Capaldo (61.)\n<\/th>\n<\/tr>\n<tr>\n<th style=\"text-align:left;\"><b>Gelbe Karten<\/b>\n<\/th>\n<th style=\"text-align:left;\">Swete (77.); Pavlovic (40.), Simic (77.), Diambou (84.)\n<\/th>\n<\/tr>\n<tr>\n<th style=\"text-align:left;\"><b>Rote Karten<\/b>\n<\/th>\n<th style=\"text-align:left;\">gelb-rot:Diambou (90.)\n<\/th>\n<\/tr>\n<tr>\n<th style=\"text-align:left;\"><b>Schiedsrichter<\/b>\n<\/th>\n<th style=\"text-align:left;\">Harald Lechner\n<\/th>\n<\/tr>\n<tr>\n<th style=\"text-align:left;\"><b>Stadion<\/b>\n<\/th>\n<th style=\"text-align:left;\">Profertil Arena, Hartberg\n<\/th>\n<\/tr>\n<tr>\n<th style=\"text-align:left;\"><b>Zuschauer<\/b>\n<\/th>\n<th style=\"text-align:left;\">\n<\/th>\n<\/tr>\n<\/tbody>\n<\/table>\n<h2><span class=\"mw-headline\" id=\"Spielbericht\">Spielbericht<\/span><a href=\"\/index.php?title=3._Runde,_Saison_2022\/23,_TSV_Hartberg_gegen_FC_Red_Bull_Salzburg&amp;action=edit&amp;section=1\" title=\"Abschnitt bearbeiten: Spielbericht\">Bearbeiten<\/a><span class=\"mw-editsection-bracket\">]<\/span><\/span><\/h2>\n<p><a rel=\"nofollow\" class=\"external text\" href=\"https:\/\/www.redbullsalzburg.at\/de\/2022-2023\/spielplan\/bundesliga-runde-3-tsv-hartberg-vs-fc-red-bull-salzburg#spielbericht\">Spielbericht Vereinshomepage<\/a>\n<\/p>\n<h2><span class=\"mw-headline\" id=\"Stimmen_zum_Spiel\">Stimmen zum Spiel<\/span><a href=\"\/index.php?title=3._Runde,_Saison_2022\/23,_TSV_Hartberg_gegen_FC_Red_Bull_Salzburg&amp;action=edit&amp;section=2\" title=\"Abschnitt bearbeiten: Stimmen zum Spiel\">Bearbeiten<\/a><span class=\"mw-editsection-bracket\">]<\/span><\/span><\/h2>\n<p><b>Christoph Freund:<\/b>   Wir waren es nicht gewohnt, eine so fr\u00fche Niederlage einstecken zu m\u00fcssen. Darum war es wichtig, dass wir heute direkt wieder in die Erfolgsspur zur\u00fcckkehren. Und auch, dass wir die Intensit\u00e4t, die Laufbereitschaft und die Aggressivit\u00e4t auf den Platz gebracht haben. Man muss sich immer alles erarbeiten. Das ist in jeder Saison so, obwohl uns viele vorweg als Meister und Cup-Sieger gratulieren wollen!\n<\/p>\n<p><b>Amar Dedic:<\/b> Dass wir gewonnen haben, ist super \u2013 und das bei meinem Deb\u00fct! Wir freuen uns nat\u00fcrlich, es war eine solide Partie von uns, auch wenn wir nicht gegl\u00e4nzt haben. In der ersten Halbzeit h\u00e4tten wir eigentlich zwei, drei Tore schie\u00dfen m\u00fcssen. Im Gro\u00dfen und Ganzen k\u00f6nnen wir aber zufrieden sein: 2:0-Sieg, die Null steht hinten \u2013 so k\u00f6nnen wir weitermachen!\n<\/p>\n<p><b>Maximilian W\u00f6ber:<\/b> Der Trainer war sicher hochnerv\u00f6s, ist viel im Wohnzimmer herumgelaufen \u2013 ich glaube, dass die ersten 45 Minuten sicher nicht wohltuend f\u00fcr seine Regeneration waren. Spielerisch waren beide Halbzeiten okay, wir haben uns auch in der ersten drei Topchancen herausgearbeitet. Sie haben einen tiefen Block und gut sowie aggressiv verteidigt. Da muss man eben die Torchancen machen, und das haben wir in der zweiten Halbzeit gut umgesetzt!\n<\/p>\n<\/div>\n","protected":false},"excerpt":{"rendered":"<p>TSV Hartberg gegen FC Red Bull Salzburg, 0:2 Spieltag Bundesliga 3. Runde Datum 6. August 2022 Anpfiff 19.30 Uhr Aufstellung Tor Philipp K\u00f6hn Verteidigung Amar Dedic &#8211; Oumar Solet &#8211; Strahinja Pavlovic &#8211; Maximilian W\u00f6ber Mittelfeld Luka Sucic &#8211; Nicolas Seiwald &#8211; Nicolas Capaldo &#8211; Maurits Kjaergaard Sturm Fernando &#8211; Benjamin Sesko Wechsel Wechsel Antoine [&hellip;]<\/p>\n","protected":false},"author":1,"featured_media":0,"comment_status":"open","ping_status":"open","sticky":false,"template":"","format":"standard","meta":{"footnotes":""},"categories":[1495],"tags":[],"class_list":["post-1898","post","type-post","status-publish","format-standard","hentry","category-3-runde-saison-2022"],"_links":{"self":[{"href":"https:\/\/wiki.s12.at\/index.php\/wp-json\/wp\/v2\/posts\/1898","targetHints":{"allow":["GET"]}}],"collection":[{"href":"https:\/\/wiki.s12.at\/index.php\/wp-json\/wp\/v2\/posts"}],"about":[{"href":"https:\/\/wiki.s12.at\/index.php\/wp-json\/wp\/v2\/types\/post"}],"author":[{"embeddable":true,"href":"https:\/\/wiki.s12.at\/index.php\/wp-json\/wp\/v2\/users\/1"}],"replies":[{"embeddable":true,"href":"https:\/\/wiki.s12.at\/index.php\/wp-json\/wp\/v2\/comments?post=1898"}],"version-history":[{"count":0,"href":"https:\/\/wiki.s12.at\/index.php\/wp-json\/wp\/v2\/posts\/1898\/revisions"}],"wp:attachment":[{"href":"https:\/\/wiki.s12.at\/index.php\/wp-json\/wp\/v2\/media?parent=1898"}],"wp:term":[{"taxonomy":"category","embeddable":true,"href":"https:\/\/wiki.s12.at\/index.php\/wp-json\/wp\/v2\/categories?post=1898"},{"taxonomy":"post_tag","embeddable":true,"href":"https:\/\/wiki.s12.at\/index.php\/wp-json\/wp\/v2\/tags?post=1898"}],"curies":[{"name":"wp","href":"https:\/\/api.w.org\/{rel}","templated":true}]}}