{"id":1888,"date":"2026-05-06T14:07:49","date_gmt":"2026-05-06T12:07:49","guid":{"rendered":"https:\/\/wiki.s12.at\/index.php\/2026\/05\/06\/3-runde-saison-2017-18-fc-red-bull-salzburg-gegen-admira-wacker-moedling\/"},"modified":"2026-05-06T14:07:49","modified_gmt":"2026-05-06T12:07:49","slug":"3-runde-saison-2017-18-fc-red-bull-salzburg-gegen-admira-wacker-moedling","status":"publish","type":"post","link":"https:\/\/wiki.s12.at\/index.php\/2026\/05\/06\/3-runde-saison-2017-18-fc-red-bull-salzburg-gegen-admira-wacker-moedling\/","title":{"rendered":"18, FC Red Bull Salzburg gegen Admira Wacker M\u00f6dling"},"content":{"rendered":"<div class=\"mw-parser-output\">\n<h2><span class=\"mw-headline\" id=\"Fakten\">Fakten<\/span><a href=\"\/index.php?title=3._Runde,_Saison_2017\/18,_FC_Red_Bull_Salzburg_gegen_Admira_Wacker_M%C3%B6dling&amp;action=edit&amp;section=1\" title=\"Abschnitt bearbeiten: Fakten\">Bearbeiten<\/a><span class=\"mw-editsection-bracket\">]<\/span><\/span><\/h2>\n<table class=\"toptextcells toccolours\">\n<tbody>\n<tr>\n<th colspan=\"2\" style=\"text-align: center; vertical-align: top; padding: 0.3em 0.8em; font-size: 125%; background-color: lightsteelblue;\">FC Red Bull Salzburg gegen Admira Wacker M\u00f6dling, 5:1\n<\/th>\n<\/tr>\n<tr>\n<th style=\"text-align:left;\"><b>Spieltag<\/b>\n<\/th>\n<th style=\"text-align:left;\">Bundesliga &#8211; 3. Spieltag\n<\/th>\n<\/tr>\n<tr>\n<th style=\"text-align:left;\"><b>Datum<\/b>\n<\/th>\n<th style=\"text-align:left;\">5. Juli 2017\n<\/th>\n<\/tr>\n<tr>\n<th style=\"text-align:left;\"><b>Anpfiff<\/b>\n<\/th>\n<th style=\"text-align:left;\">18.30 Uhr Uhr\n<\/th>\n<\/tr>\n<tr>\n<td colspan=\"2\" style=\"text-align:center;\" bgcolor=\"lightgray\"><b>Aufstellung<\/b>\n<\/td>\n<\/tr>\n<tr>\n<th style=\"text-align:left;\"><b>Tor<\/b>\n<\/th>\n<th><a href=\"\/Alexander_Walke\" title=\"Alexander Walke\">Alexander Walke<\/a>\n<\/th>\n<\/tr>\n<tr>\n<th style=\"text-align:left;\"><b>Verteidigung<\/b>\n<\/th>\n<th><a href=\"\/Stefan_Lainer\" title=\"Stefan Lainer\">Stefan Lainer<\/a> &#8211; <a href=\"\/Marin_Pongracic\" title=\"Marin Pongracic\">Marin Pongracic<\/a> &#8211; <a href=\"\/Duje_Caleta-Car\" title=\"Duje Caleta-Car\">Duje Caleta-Car<\/a> &#8211; <a href=\"\/Andreas_Ulmer\" title=\"Andreas Ulmer\">Andreas Ulmer<\/a>\n<\/th>\n<\/tr>\n<tr>\n<th style=\"text-align:left;\"><b>Mittelfeld<\/b>\n<\/th>\n<th><a href=\"\/Amadou_Haidara\" title=\"Amadou Haidara\">Amadou Haidara<\/a> &#8211; <a href=\"\/Diadie_Samassekou\" title=\"Diadie Samassekou\">Diadie Samassekou<\/a> &#8211; <a href=\"\/Valon_Berisha\" title=\"Valon Berisha\">Valon Berisha<\/a>&#8211; <a href=\"\/Hannes_Wolf\" title=\"Hannes Wolf\">Hannes Wolf<\/a>\n<\/th>\n<\/tr>\n<tr>\n<th style=\"text-align:left;\"><b>Sturm<\/b>\n<\/th>\n<th><a href=\"\/Fredrik_Gulbrandsen\" title=\"Fredrik Gulbrandsen\">Fredrik Gulbrandsen<\/a> &#8211; <a href=\"\/Munas_Dabbur\" title=\"Munas Dabbur\">Munas Dabbur<\/a>\n<\/th>\n<\/tr>\n<tr>\n<td colspan=\"2\" style=\"text-align:center;\" bgcolor=\"lightgray\"><b>Wechsel<\/b>\n<\/td>\n<\/tr>\n<tr>\n<th style=\"text-align:left;\"><b>Wechsel<\/b>\n<\/th>\n<th style=\"text-align:left;\"><a href=\"\/Christoph_Leitgeb\" title=\"Christoph Leitgeb\">Christoph Leitgeb<\/a> f\u00fcr Berisha (67.), <a href=\"\/Hee-Chan_Hwang\" title=\"Hee-Chan Hwang\">Hee-Chan Hwang <\/a> f\u00fcr Wolf (73.), <a href=\"\/Patrick_Farkas\" title=\"Patrick Farkas\">Patrick Farkas<\/a> f\u00fcr Lainer (80.)\n<\/th>\n<\/tr>\n<tr>\n<td colspan=\"2\" style=\"text-align:center;\" bgcolor=\"lightgray\"><b>Statistik<\/b>\n<\/td>\n<\/tr>\n<tr>\n<th style=\"text-align:left;\"><b>Endstand<\/b>\n<\/th>\n<th style=\"text-align:left;\">5:1 (2:0)\n<\/th>\n<\/tr>\n<tr>\n<th style=\"text-align:left;\"><b>Torsch\u00fctzen<\/b>\n<\/th>\n<th style=\"text-align:left;\">Dabbur (9.), Wolf (29.), Caleta-Car (51.), Gulbrandsen (59.), Hwang (76.); Schmidt (90.)\n<\/th>\n<\/tr>\n<tr>\n<th style=\"text-align:left;\"><b>Gelbe Karten<\/b>\n<\/th>\n<th style=\"text-align:left;\">Wolf (52.); Ebner (61.), Lackner (61.), Toth (63.), Zwierschitz (69.), Strauss (80.)\n<\/th>\n<\/tr>\n<tr>\n<th style=\"text-align:left;\"><b>Rote Karten<\/b>\n<\/th>\n<th style=\"text-align:left;\">\n<\/th>\n<\/tr>\n<tr>\n<th style=\"text-align:left;\"><b>Schiedsrichter<\/b>\n<\/th>\n<th style=\"text-align:left;\">Andreas Hei\u00df\n<\/th>\n<\/tr>\n<tr>\n<th style=\"text-align:left;\"><b>Stadion<\/b>\n<\/th>\n<th style=\"text-align:left;\">EM Stadion Wals-Siezenheim, Salzburg\n<\/th>\n<\/tr>\n<tr>\n<th style=\"text-align:left;\"><b>Zuschauer<\/b>\n<\/th>\n<th style=\"text-align:left;\">5 032\n<\/th>\n<\/tr>\n<\/tbody>\n<\/table>\n<h2><span class=\"mw-headline\" id=\"Weblinks\">Weblinks<\/span><a href=\"\/index.php?title=3._Runde,_Saison_2017\/18,_FC_Red_Bull_Salzburg_gegen_Admira_Wacker_M%C3%B6dling&amp;action=edit&amp;section=2\" title=\"Abschnitt bearbeiten: Weblinks\">Bearbeiten<\/a><span class=\"mw-editsection-bracket\">]<\/span><\/span><\/h2>\n<ul>\n<li><a rel=\"nofollow\" class=\"external text\" href=\"http:\/\/www.redbullsalzburg.at\/de\/fc-red-bull-salzburg\/news\/saison_2017_18\/rote-bullen-gewinnen-heimspiel-gegen-die-admira-mit-5-1.html\">Spielbericht Vereinshomepage<\/a><\/li>\n<\/ul>\n<h2><span class=\"mw-headline\" id=\"Bilder\">Bilder<\/span><a href=\"\/index.php?title=3._Runde,_Saison_2017\/18,_FC_Red_Bull_Salzburg_gegen_Admira_Wacker_M%C3%B6dling&amp;action=edit&amp;section=3\" title=\"Abschnitt bearbeiten: Bilder\">Bearbeiten<\/a><span class=\"mw-editsection-bracket\">]<\/span><\/span><\/h2>\n<ul class=\"gallery mw-gallery-traditional\">\n<li class=\"gallerybox\" style=\"width: 155px\">\n<div style=\"width: 155px\">\n<div class=\"thumb\" style=\"width: 150px;\">\n<div style=\"margin:15px auto;\"><a href=\"\/Datei:FC_Red_Bull_Salzburg_gegen_Admira_Wacker_M%C3%B6dling_(5._August_2017)_16.jpg\" class=\"image\"><img alt=\"FC Red Bull Salzburg gegen Admira Wacker M\u00f6dling (5. August 2017) 16.jpg\" src=\"\/images\/thumb\/5\/5e\/FC_Red_Bull_Salzburg_gegen_Admira_Wacker_M%C3%B6dling_%285._August_2017%29_16.jpg\/120px-FC_Red_Bull_Salzburg_gegen_Admira_Wacker_M%C3%B6dling_%285._August_2017%29_16.jpg%3Futm_source%3Dcommons.wikimedia.org%26utm_campaign%3Dimageinfo%26utm_content%3Dthumbnail\" decoding=\"async\" width=\"92\" height=\"120\" srcset=\"\/images\/thumb\/5\/5e\/FC_Red_Bull_Salzburg_gegen_Admira_Wacker_M%C3%B6dling_%285._August_2017%29_16.jpg\/250px-FC_Red_Bull_Salzburg_gegen_Admira_Wacker_M%C3%B6dling_%285._August_2017%29_16.jpg%3Futm_source%3Dcommons.wikimedia.org%26utm_campaign%3Dimageinfo%26utm_content%3Dthumbnail 1.5x\" \/><\/a><\/div>\n<\/div>\n<div class=\"gallerytext\">\n\t\t\t<\/div>\n<\/p><\/div>\n<\/li>\n<li class=\"gallerybox\" style=\"width: 155px\">\n<div style=\"width: 155px\">\n<div class=\"thumb\" style=\"width: 150px;\">\n<div style=\"margin:15px auto;\"><a href=\"\/Datei:FC_Red_Bull_Salzburg_gegen_Admira_Wacker_M%C3%B6dling_(5._August_2017)_43.jpg\" class=\"image\"><img alt=\"FC Red Bull Salzburg gegen Admira Wacker M\u00f6dling (5. August 2017) 43.jpg\" src=\"\/images\/thumb\/f\/f4\/FC_Red_Bull_Salzburg_gegen_Admira_Wacker_M%C3%B6dling_%285._August_2017%29_43.jpg\/120px-FC_Red_Bull_Salzburg_gegen_Admira_Wacker_M%C3%B6dling_%285._August_2017%29_43.jpg%3Futm_source%3Dcommons.wikimedia.org%26utm_campaign%3Dimageinfo%26utm_content%3Dthumbnail\" decoding=\"async\" width=\"87\" height=\"120\" srcset=\"\/images\/thumb\/f\/f4\/FC_Red_Bull_Salzburg_gegen_Admira_Wacker_M%C3%B6dling_%285._August_2017%29_43.jpg\/250px-FC_Red_Bull_Salzburg_gegen_Admira_Wacker_M%C3%B6dling_%285._August_2017%29_43.jpg%3Futm_source%3Dcommons.wikimedia.org%26utm_campaign%3Dimageinfo%26utm_content%3Dthumbnail 1.5x\" \/><\/a><\/div>\n<\/div>\n<div class=\"gallerytext\">\n\t\t\t<\/div>\n<\/p><\/div>\n<\/li>\n<\/ul>\n<p><img alt=\"\" src=\"\/images\/thumb\/4\/4a\/Commons-logo.svg\/langde-20px-Commons-logo.svg.png%3Futm_source%3Dcommons.wikimedia.org%26utm_campaign%3Dimageinfo%26utm_content%3Dthumbnail\" decoding=\"async\" title=\"Commons\" width=\"12\" height=\"16\" srcset=\"\/images\/thumb\/4\/4a\/Commons-logo.svg\/langde-40px-Commons-logo.svg.png%3Futm_source%3Dcommons.wikimedia.org%26utm_campaign%3Dimageinfo%26utm_content%3Dthumbnail 2x\" \/>&#160;<b><a href=\"http:\/\/commons.wikimedia.org\/wiki\/Category:FC_Red_Bull_Salzburg_gegen_Admira_Wacker_M%C3%B6dling_(5._August_2017)\" class=\"extiw\" title=\"commons:Category:FC Red Bull Salzburg gegen Admira Wacker M\u00f6dling (5. August 2017)\">3. Runde, Saison 2017\/18, FC Red Bull Salzburg gegen Admira Wacker M\u00f6dling<\/a><\/b>&#160;\u2013 Sammlung von Bildern, Videos und Audiodateien auf <a href=\"\/Wikimedia_Commons\" title=\"Wikimedia Commons\">Wikimedia Commons<\/a>\n<\/p>\n<h2><span class=\"mw-headline\" id=\"Stimmen_zum_Spiel\">Stimmen zum Spiel<\/span><a href=\"\/index.php?title=3._Runde,_Saison_2017\/18,_FC_Red_Bull_Salzburg_gegen_Admira_Wacker_M%C3%B6dling&amp;action=edit&amp;section=4\" title=\"Abschnitt bearbeiten: Stimmen zum Spiel\">Bearbeiten<\/a><span class=\"mw-editsection-bracket\">]<\/span><\/span><\/h2>\n<p><b>Marco Rose:<\/b> Wir wollten heute ein Signal an uns selbst, aber auch an unsere Fans senden, das ist uns mit Sicherheit gelungen. Wir haben heute eine gute Mentalit\u00e4t, Spielfreude und Einsatz gezeigt und gut gegen den Ball gearbeitet. Von Munas und Fredrik war ich immer \u00fcberzeugt und freue mich, dass sie dieses Vertrauen zur\u00fcckgezahlt haben.\n<\/p>\n<p><b>Munas Dabbur:<\/b> Ich habe sehr auf diesen Moment hingearbeitet und es war nicht immer leicht f\u00fcr mich, aber ich habe hart an mir gearbeitet und im Training das Beste gegeben. Als St\u00fcrmer ist es wichtig, dass man trifft, ganz besonders in Salzburg, wo die Konkurrenz im Team sehr gro\u00df ist. Es hat Spa\u00df gemacht, der Mannschaft heute durch mein Tor helfen zu k\u00f6nnen.\n<\/p>\n<\/div>\n","protected":false},"excerpt":{"rendered":"<p>FaktenBearbeiten] FC Red Bull Salzburg gegen Admira Wacker M\u00f6dling, 5:1 Spieltag Bundesliga &#8211; 3. Spieltag Datum 5. Juli 2017 Anpfiff 18.30 Uhr Uhr Aufstellung Tor Alexander Walke Verteidigung Stefan Lainer &#8211; Marin Pongracic &#8211; Duje Caleta-Car &#8211; Andreas Ulmer Mittelfeld Amadou Haidara &#8211; Diadie Samassekou &#8211; Valon Berisha&#8211; Hannes Wolf Sturm Fredrik Gulbrandsen &#8211; Munas [&hellip;]<\/p>\n","protected":false},"author":1,"featured_media":0,"comment_status":"open","ping_status":"open","sticky":false,"template":"","format":"standard","meta":{"footnotes":""},"categories":[1490],"tags":[],"class_list":["post-1888","post","type-post","status-publish","format-standard","hentry","category-3-runde-saison-2017"],"_links":{"self":[{"href":"https:\/\/wiki.s12.at\/index.php\/wp-json\/wp\/v2\/posts\/1888","targetHints":{"allow":["GET"]}}],"collection":[{"href":"https:\/\/wiki.s12.at\/index.php\/wp-json\/wp\/v2\/posts"}],"about":[{"href":"https:\/\/wiki.s12.at\/index.php\/wp-json\/wp\/v2\/types\/post"}],"author":[{"embeddable":true,"href":"https:\/\/wiki.s12.at\/index.php\/wp-json\/wp\/v2\/users\/1"}],"replies":[{"embeddable":true,"href":"https:\/\/wiki.s12.at\/index.php\/wp-json\/wp\/v2\/comments?post=1888"}],"version-history":[{"count":0,"href":"https:\/\/wiki.s12.at\/index.php\/wp-json\/wp\/v2\/posts\/1888\/revisions"}],"wp:attachment":[{"href":"https:\/\/wiki.s12.at\/index.php\/wp-json\/wp\/v2\/media?parent=1888"}],"wp:term":[{"taxonomy":"category","embeddable":true,"href":"https:\/\/wiki.s12.at\/index.php\/wp-json\/wp\/v2\/categories?post=1888"},{"taxonomy":"post_tag","embeddable":true,"href":"https:\/\/wiki.s12.at\/index.php\/wp-json\/wp\/v2\/tags?post=1888"}],"curies":[{"name":"wp","href":"https:\/\/api.w.org\/{rel}","templated":true}]}}