{"id":1886,"date":"2026-05-06T14:07:29","date_gmt":"2026-05-06T12:07:29","guid":{"rendered":"https:\/\/wiki.s12.at\/index.php\/2026\/05\/06\/3-runde-saison-2016-17-fc-red-bull-salzburg-gegen-skn-st-poelten\/"},"modified":"2026-05-06T14:07:29","modified_gmt":"2026-05-06T12:07:29","slug":"3-runde-saison-2016-17-fc-red-bull-salzburg-gegen-skn-st-poelten","status":"publish","type":"post","link":"https:\/\/wiki.s12.at\/index.php\/2026\/05\/06\/3-runde-saison-2016-17-fc-red-bull-salzburg-gegen-skn-st-poelten\/","title":{"rendered":"17, FC Red Bull Salzburg gegen SKN St.P\u00f6lten"},"content":{"rendered":"<div class=\"mw-parser-output\">\n<h2><span class=\"mw-headline\" id=\"Fakten\">Fakten<\/span><a href=\"\/index.php?title=3._Runde,_Saison_2016\/17,_FC_Red_Bull_Salzburg_gegen_SKN_St.P%C3%B6lten&amp;action=edit&amp;section=1\" title=\"Abschnitt bearbeiten: Fakten\">Bearbeiten<\/a><span class=\"mw-editsection-bracket\">]<\/span><\/span><\/h2>\n<table class=\"toptextcells toccolours\">\n<tbody>\n<tr>\n<th colspan=\"2\" style=\"text-align: center; vertical-align: top; padding: 0.3em 0.8em; font-size: 125%; background-color: lightsteelblue;\">FC Red Bull Salzburg gegen SKN St. P\u00f6lten, 2:0\n<\/th>\n<\/tr>\n<tr>\n<th style=\"text-align:left;\"><b>Spieltag<\/b>\n<\/th>\n<th style=\"text-align:left;\">Bundesliga &#8211; 3. Spieltag\n<\/th>\n<\/tr>\n<tr>\n<th style=\"text-align:left;\"><b>Datum<\/b>\n<\/th>\n<th style=\"text-align:left;\">6. August 2016\n<\/th>\n<\/tr>\n<tr>\n<th style=\"text-align:left;\"><b>Anpfiff<\/b>\n<\/th>\n<th style=\"text-align:left;\">18.30 Uhr\n<\/th>\n<\/tr>\n<tr>\n<td colspan=\"2\" style=\"text-align:center;\" bgcolor=\"lightgray\"><b>Aufstellung<\/b>\n<\/td>\n<\/tr>\n<tr>\n<th style=\"text-align:left;\"><b>Tor<\/b>\n<\/th>\n<th><a href=\"\/Alexander_Walke\" title=\"Alexander Walke\">Alexander Walke<\/a>\n<\/th>\n<\/tr>\n<tr>\n<th style=\"text-align:left;\"><b>Verteidigung<\/b>\n<\/th>\n<th><a href=\"\/Stefan_Lainer\" title=\"Stefan Lainer\">Stefan Lainer<\/a> &#8211; <a href=\"\/Martin_Hinteregger\" title=\"Martin Hinteregger\">Martin Hinteregger<\/a> &#8211; <a href=\"\/Duje_Caleta-Car\" title=\"Duje Caleta-Car\">Duje Caleta-Car<\/a> &#8211; <a href=\"\/Andreas_Ulmer\" title=\"Andreas Ulmer\">Andreas Ulmer<\/a>\n<\/th>\n<\/tr>\n<tr>\n<th style=\"text-align:left;\"><b>Mittelfeld<\/b>\n<\/th>\n<th><a href=\"\/Bernardo\" title=\"Bernardo\">Bernardo<\/a> &#8211; <a href=\"\/Konrad_Laimer\" title=\"Konrad Laimer\">Konrad Laimer<\/a> &#8211; <a href=\"\/Valentino_Lazaro\" title=\"Valentino Lazaro\">Valentino Lazaro<\/a> &#8211; <a href=\"\/Munas_Dabbur\" title=\"Munas Dabbur\">Munas Dabbur<\/a>\n<\/th>\n<\/tr>\n<tr>\n<th style=\"text-align:left;\"><b>Sturm<\/b>\n<\/th>\n<th><a href=\"\/Jonatan_Soriano\" title=\"Jonatan Soriano\">Jonatan Soriano<\/a>\n<\/th>\n<\/tr>\n<tr>\n<td colspan=\"2\" style=\"text-align:center;\" bgcolor=\"lightgray\"><b>Wechsel<\/b>\n<\/td>\n<\/tr>\n<tr>\n<th style=\"text-align:left;\"><b>Wechsel<\/b>\n<\/th>\n<th style=\"text-align:left;\"><a href=\"\/Wanderson\" title=\"Wanderson\">Wanderson<\/a> f\u00fcr Reyna (53.), <a href=\"\/Diadie_Samassekou\" title=\"Diadie Samassekou\">Diadie Samassekou <\/a> f\u00fcr Dabbur (65.), <a href=\"\/Fredrik_Gulbrandsen\" title=\"Fredrik Gulbrandsen\">Fredrik Gulbrandsen<\/a> f\u00fcr Dabbur (82.)\n<\/th>\n<\/tr>\n<tr>\n<td colspan=\"2\" style=\"text-align:center;\" bgcolor=\"lightgray\"><b>Statistik<\/b>\n<\/td>\n<\/tr>\n<tr>\n<th style=\"text-align:left;\"><b>Endstand<\/b>\n<\/th>\n<th style=\"text-align:left;\">2:0 (1:0)\n<\/th>\n<\/tr>\n<tr>\n<th style=\"text-align:left;\"><b>Torsch\u00fctzen<\/b>\n<\/th>\n<th style=\"text-align:left;\">Dabbur (33.), Lainer (60.)\n<\/th>\n<\/tr>\n<tr>\n<th style=\"text-align:left;\"><b>Gelbe Karten<\/b>\n<\/th>\n<th style=\"text-align:left;\">Bernardo (20.); Sch\u00fctz (59.), Brandl (83.)\n<\/th>\n<\/tr>\n<tr>\n<th style=\"text-align:left;\"><b>Rote Karten<\/b>\n<\/th>\n<th style=\"text-align:left;\">\n<\/th>\n<\/tr>\n<tr>\n<th style=\"text-align:left;\"><b>Schiedsrichter<\/b>\n<\/th>\n<th style=\"text-align:left;\">Andreas Hei\u00df\n<\/th>\n<\/tr>\n<tr>\n<th style=\"text-align:left;\"><b>Stadion<\/b>\n<\/th>\n<th style=\"text-align:left;\">EM-Stadion, Wals-Siezenheim\n<\/th>\n<\/tr>\n<tr>\n<th style=\"text-align:left;\"><b>Zuschauer<\/b>\n<\/th>\n<th style=\"text-align:left;\">6 127\n<\/th>\n<\/tr>\n<\/tbody>\n<\/table>\n<h2><span class=\"mw-headline\" id=\"Stimmen_zum_Spiel\">Stimmen zum Spiel<\/span><a href=\"\/index.php?title=3._Runde,_Saison_2016\/17,_FC_Red_Bull_Salzburg_gegen_SKN_St.P%C3%B6lten&amp;action=edit&amp;section=2\" title=\"Abschnitt bearbeiten: Stimmen zum Spiel\">Bearbeiten<\/a><span class=\"mw-editsection-bracket\">]<\/span><\/span><\/h2>\n<ul>\n<li><b>Oscar Garcia:<\/b> Wir wussten, dass es uns der Gegner heute schwer machen w\u00fcrde. Der SKN St. P\u00f6lten hat in den vergangenen Spielen dieser Saison schon sehr gute Leistungen gezeigt. Ich bin wirklich zufrieden mit der Leistung meiner Mannschaft und gl\u00fccklich, dass wir gewonnen haben.<\/li>\n<\/ul>\n<ul>\n<li><b>Stefan Lainer:<\/b> Wir haben uns den Sieg heute hart erk\u00e4mpft und sind daher umso gl\u00fccklicher, dass wir heute in der Meisterschaft die drei Punkte holen konnten. Ich freue mich nat\u00fcrlich \u00fcber mein Tor, obwohl es sicher auch etwas gl\u00fccklich war, aber ich bin im richtigen Moment entschlossen gewesen und konnte somit das Tor erzielen.<\/li>\n<\/ul>\n<\/div>\n","protected":false},"excerpt":{"rendered":"<p>FaktenBearbeiten] FC Red Bull Salzburg gegen SKN St. P\u00f6lten, 2:0 Spieltag Bundesliga &#8211; 3. Spieltag Datum 6. August 2016 Anpfiff 18.30 Uhr Aufstellung Tor Alexander Walke Verteidigung Stefan Lainer &#8211; Martin Hinteregger &#8211; Duje Caleta-Car &#8211; Andreas Ulmer Mittelfeld Bernardo &#8211; Konrad Laimer &#8211; Valentino Lazaro &#8211; Munas Dabbur Sturm Jonatan Soriano Wechsel Wechsel Wanderson [&hellip;]<\/p>\n","protected":false},"author":1,"featured_media":0,"comment_status":"open","ping_status":"open","sticky":false,"template":"","format":"standard","meta":{"footnotes":""},"categories":[1489],"tags":[],"class_list":["post-1886","post","type-post","status-publish","format-standard","hentry","category-3-runde-saison-2016"],"_links":{"self":[{"href":"https:\/\/wiki.s12.at\/index.php\/wp-json\/wp\/v2\/posts\/1886","targetHints":{"allow":["GET"]}}],"collection":[{"href":"https:\/\/wiki.s12.at\/index.php\/wp-json\/wp\/v2\/posts"}],"about":[{"href":"https:\/\/wiki.s12.at\/index.php\/wp-json\/wp\/v2\/types\/post"}],"author":[{"embeddable":true,"href":"https:\/\/wiki.s12.at\/index.php\/wp-json\/wp\/v2\/users\/1"}],"replies":[{"embeddable":true,"href":"https:\/\/wiki.s12.at\/index.php\/wp-json\/wp\/v2\/comments?post=1886"}],"version-history":[{"count":0,"href":"https:\/\/wiki.s12.at\/index.php\/wp-json\/wp\/v2\/posts\/1886\/revisions"}],"wp:attachment":[{"href":"https:\/\/wiki.s12.at\/index.php\/wp-json\/wp\/v2\/media?parent=1886"}],"wp:term":[{"taxonomy":"category","embeddable":true,"href":"https:\/\/wiki.s12.at\/index.php\/wp-json\/wp\/v2\/categories?post=1886"},{"taxonomy":"post_tag","embeddable":true,"href":"https:\/\/wiki.s12.at\/index.php\/wp-json\/wp\/v2\/tags?post=1886"}],"curies":[{"name":"wp","href":"https:\/\/api.w.org\/{rel}","templated":true}]}}